{"id":706,"date":"2025-01-21T12:36:52","date_gmt":"2025-01-21T15:36:52","guid":{"rendered":"https:\/\/modoviajeok.com.ar\/?p=706"},"modified":"2025-02-04T09:33:11","modified_gmt":"2025-02-04T12:33:11","slug":"las-papas-territorio-diaguita-en-catamarca","status":"publish","type":"post","link":"https:\/\/modoviajeok.com.ar\/index.php\/2025\/01\/21\/las-papas-territorio-diaguita-en-catamarca\/","title":{"rendered":"Las Papas, territorio diaguita en Catamarca"},"content":{"rendered":"\n<p><\/p>\n\n\n\n<p>Las Papas es un peque\u00f1o pueblo catamarque\u00f1o de territorio diaguita incrustado en la monta\u00f1a, a 100 km de Fiambal\u00e1, rumbo a la magn\u00edfica reserva natural Campo de Piedra P\u00f3mez, el paisaje de otro planeta de la bella provincia de Catamarca. Tiene 50 habitantes de 12 familias que asoma en el camino de cornisa, en la base del cerro San Buenaventura, como un caser\u00edo escondido en las entra\u00f1as de la tierra. Cada verano, durante 3 meses, queda aislado con la crecida del r\u00edo.&nbsp;<strong><\/strong><\/p>\n\n\n\n<figure class=\"wp-block-image size-full\"><img loading=\"lazy\" decoding=\"async\" width=\"2560\" height=\"2246\" src=\"https:\/\/modoviajeok.com.ar\/wp-content\/uploads\/2025\/01\/IMG_20211128_084354865_HDR-scaled.jpg\" alt=\"\" class=\"wp-image-716\" srcset=\"https:\/\/modoviajeok.com.ar\/wp-content\/uploads\/2025\/01\/IMG_20211128_084354865_HDR-scaled.jpg 2560w, https:\/\/modoviajeok.com.ar\/wp-content\/uploads\/2025\/01\/IMG_20211128_084354865_HDR-768x674.jpg 768w, https:\/\/modoviajeok.com.ar\/wp-content\/uploads\/2025\/01\/IMG_20211128_084354865_HDR-1536x1348.jpg 1536w, https:\/\/modoviajeok.com.ar\/wp-content\/uploads\/2025\/01\/IMG_20211128_084354865_HDR-2048x1797.jpg 2048w, https:\/\/modoviajeok.com.ar\/wp-content\/uploads\/2025\/01\/IMG_20211128_084354865_HDR-479x420.jpg 479w, https:\/\/modoviajeok.com.ar\/wp-content\/uploads\/2025\/01\/IMG_20211128_084354865_HDR-150x132.jpg 150w, https:\/\/modoviajeok.com.ar\/wp-content\/uploads\/2025\/01\/IMG_20211128_084354865_HDR-300x263.jpg 300w, https:\/\/modoviajeok.com.ar\/wp-content\/uploads\/2025\/01\/IMG_20211128_084354865_HDR-696x611.jpg 696w, https:\/\/modoviajeok.com.ar\/wp-content\/uploads\/2025\/01\/IMG_20211128_084354865_HDR-1068x937.jpg 1068w, https:\/\/modoviajeok.com.ar\/wp-content\/uploads\/2025\/01\/IMG_20211128_084354865_HDR-1920x1685.jpg 1920w\" sizes=\"auto, (max-width: 2560px) 100vw, 2560px\" \/><\/figure>\n\n\n\n<p>En Las Papas nos encontramos en 2021 con Marcos Maman\u00ed, uno de sus pobladores m\u00e1s antiguos. Era delgado y su rostro estaba curtido por el sol. Nos sentamos a su lado en una vereda mirando la inmensidad de las monta\u00f1as. Cont\u00f3 que era descendiente de diaguitas y que ya nadie hablaba el cac\u00e1n, su lengua. Estaba muerta. \u201cAntes viv\u00eda m\u00e1s gente en el pueblo\u201d, nos asegur\u00f3 pausado, midiendo las palabras. Luego nos invit\u00f3 a subir las escaleras hacia la terraza donde est\u00e1n la escuela, la capilla hist\u00f3rica, el parque de paneles solares y una hoster\u00eda en construcci\u00f3n.&nbsp;<\/p>\n\n\n\n<figure class=\"wp-block-image size-full\"><img loading=\"lazy\" decoding=\"async\" width=\"2560\" height=\"1928\" src=\"https:\/\/modoviajeok.com.ar\/wp-content\/uploads\/2025\/01\/DSCN0934-scaled.jpg\" alt=\"\" class=\"wp-image-714\" srcset=\"https:\/\/modoviajeok.com.ar\/wp-content\/uploads\/2025\/01\/DSCN0934-scaled.jpg 2560w, https:\/\/modoviajeok.com.ar\/wp-content\/uploads\/2025\/01\/DSCN0934-768x578.jpg 768w, https:\/\/modoviajeok.com.ar\/wp-content\/uploads\/2025\/01\/DSCN0934-1536x1157.jpg 1536w, https:\/\/modoviajeok.com.ar\/wp-content\/uploads\/2025\/01\/DSCN0934-2048x1542.jpg 2048w, https:\/\/modoviajeok.com.ar\/wp-content\/uploads\/2025\/01\/DSCN0934-558x420.jpg 558w, https:\/\/modoviajeok.com.ar\/wp-content\/uploads\/2025\/01\/DSCN0934-80x60.jpg 80w, https:\/\/modoviajeok.com.ar\/wp-content\/uploads\/2025\/01\/DSCN0934-150x113.jpg 150w, https:\/\/modoviajeok.com.ar\/wp-content\/uploads\/2025\/01\/DSCN0934-300x226.jpg 300w, https:\/\/modoviajeok.com.ar\/wp-content\/uploads\/2025\/01\/DSCN0934-696x524.jpg 696w, https:\/\/modoviajeok.com.ar\/wp-content\/uploads\/2025\/01\/DSCN0934-1068x804.jpg 1068w, https:\/\/modoviajeok.com.ar\/wp-content\/uploads\/2025\/01\/DSCN0934-1920x1446.jpg 1920w\" sizes=\"auto, (max-width: 2560px) 100vw, 2560px\" \/><\/figure>\n\n\n\n<figure class=\"wp-block-gallery has-nested-images columns-default is-cropped wp-block-gallery-1 is-layout-flex wp-block-gallery-is-layout-flex\"><\/figure>\n\n\n\n<p>\u201c\u00bfMe pregunta por qu\u00e9 se llama Las Papas?\u201d, se asombr\u00f3 Marcos, con una media sonrisa, cuando le preguntamos sobre el origen del nombre. \u201cPorque ac\u00e1 crec\u00edan unas papas as\u00ed de grandes\u201d, respondi\u00f3 dibujando en el aire un c\u00edrculo del tama\u00f1o de una pelota de h\u00e1ndbol.<\/p>\n\n\n\n<p>Nos dijeron que las cosas hab\u00edan cambiado mucho en los \u00faltimos tiempos en Las Papas, desde que se constituy\u00f3 como pueblo en 2005. Hoy, por ejemplo, tiene 20 plazas para alojar turistas y desde 2011 se abastece con energ\u00eda solar y hay wifi.&nbsp;<\/p>\n\n\n\n<figure class=\"wp-block-image size-full\"><img loading=\"lazy\" decoding=\"async\" width=\"2560\" height=\"1838\" src=\"https:\/\/modoviajeok.com.ar\/wp-content\/uploads\/2025\/01\/DSCN0973-scaled.jpg\" alt=\"\" class=\"wp-image-712\" srcset=\"https:\/\/modoviajeok.com.ar\/wp-content\/uploads\/2025\/01\/DSCN0973-scaled.jpg 2560w, https:\/\/modoviajeok.com.ar\/wp-content\/uploads\/2025\/01\/DSCN0973-768x551.jpg 768w, https:\/\/modoviajeok.com.ar\/wp-content\/uploads\/2025\/01\/DSCN0973-1536x1103.jpg 1536w, https:\/\/modoviajeok.com.ar\/wp-content\/uploads\/2025\/01\/DSCN0973-2048x1470.jpg 2048w, https:\/\/modoviajeok.com.ar\/wp-content\/uploads\/2025\/01\/DSCN0973-585x420.jpg 585w, https:\/\/modoviajeok.com.ar\/wp-content\/uploads\/2025\/01\/DSCN0973-150x108.jpg 150w, https:\/\/modoviajeok.com.ar\/wp-content\/uploads\/2025\/01\/DSCN0973-300x215.jpg 300w, https:\/\/modoviajeok.com.ar\/wp-content\/uploads\/2025\/01\/DSCN0973-696x500.jpg 696w, https:\/\/modoviajeok.com.ar\/wp-content\/uploads\/2025\/01\/DSCN0973-1068x767.jpg 1068w, https:\/\/modoviajeok.com.ar\/wp-content\/uploads\/2025\/01\/DSCN0973-1920x1379.jpg 1920w\" sizes=\"auto, (max-width: 2560px) 100vw, 2560px\" \/><\/figure>\n\n\n\n<p>Todo cambia pero los rituales permanecen. Cada 1\u00b0 de agosto se celebra a la Pachamama, \u201cla fiesta del pueblo\u201d que atrae cada vez a m\u00e1s turistas.&nbsp;<\/p>\n\n\n\n<p>El 31 de julio a las 9 de la noche se prenden las antorchas que iluminan el cerro mientras se prepara el t\u00e9 de espinas y de ruda para la medianoche y se organizan las mesas con locro, mazamorra o torrejas de papa para ofrecerle a la tierra. Una hora antes de que finalicen las v\u00edsperas se inicia la escalada para honrar a la Pacha que tanto les da.<\/p>\n\n\n\n<p><em>Esta nota fue publicada originariamente en La Revista Lugares del diario La Naci\u00f3n. LINK\u00a0<a href=\"https:\/\/www.lanacion.com.ar\/revista-lugares\/las-papas-el-pueblo-catamarqueno-que-vive-aislado-casi-tres-meses-al-ano-nid21122021\/\">Las Papas, el pueblo catamarque\u00f1o que queda aislado tres meses al a\u00f1o.<\/a><\/em><\/p>\n\n\n\n<p><\/p>\n","protected":false},"excerpt":{"rendered":"<p>Las Papas es un peque\u00f1o pueblo catamarque\u00f1o de territorio diaguita incrustado en la monta\u00f1a, a 100 km de Fiambal\u00e1, rumbo a la magn\u00edfica reserva natural Campo de Piedra P\u00f3mez, el paisaje de otro planeta de la bella provincia de Catamarca. Tiene 50 habitantes de 12 familias que asoma en el camino de cornisa, en la [&hellip;]<\/p>\n","protected":false},"author":3,"featured_media":715,"comment_status":"open","ping_status":"open","sticky":false,"template":"","format":"standard","meta":{"_acf_changed":false,"footnotes":""},"categories":[13,2,16,10],"tags":[31,30,85,84,83],"class_list":{"0":"post-706","1":"post","2":"type-post","3":"status-publish","4":"format-standard","5":"has-post-thumbnail","7":"category-argentina","8":"category-destacadas","9":"category-en-la-prensa","10":"category-noticias","11":"tag-argentina","12":"tag-catamarca","13":"tag-fiambala","14":"tag-las-papas","15":"tag-puna"},"acf":[],"yoast_head":"<!-- This site is optimized with the Yoast SEO plugin v24.8.1 - https:\/\/yoast.com\/wordpress\/plugins\/seo\/ -->\n<title>Las Papas, territorio diaguita en Catamarca -<\/title>\n<meta name=\"robots\" content=\"index, follow, max-snippet:-1, max-image-preview:large, max-video-preview:-1\" \/>\n<link rel=\"canonical\" href=\"https:\/\/modoviajeok.com.ar\/index.php\/2025\/01\/21\/las-papas-territorio-diaguita-en-catamarca\/\" \/>\n<meta property=\"og:locale\" content=\"es_ES\" \/>\n<meta property=\"og:type\" content=\"article\" \/>\n<meta property=\"og:title\" content=\"Las Papas, territorio diaguita en Catamarca -\" \/>\n<meta property=\"og:description\" content=\"Las Papas es un peque\u00f1o pueblo catamarque\u00f1o de territorio diaguita incrustado en la monta\u00f1a, a 100 km de Fiambal\u00e1, rumbo a la magn\u00edfica reserva natural Campo de Piedra P\u00f3mez, el paisaje de otro planeta de la bella provincia de Catamarca. Tiene 50 habitantes de 12 familias que asoma en el camino de cornisa, en la [&hellip;]\" \/>\n<meta property=\"og:url\" content=\"https:\/\/modoviajeok.com.ar\/index.php\/2025\/01\/21\/las-papas-territorio-diaguita-en-catamarca\/\" \/>\n<meta property=\"article:publisher\" content=\"https:\/\/www.facebook.com\/mariana.otero1\/\" \/>\n<meta property=\"article:published_time\" content=\"2025-01-21T15:36:52+00:00\" \/>\n<meta property=\"article:modified_time\" content=\"2025-02-04T12:33:11+00:00\" \/>\n<meta property=\"og:image\" content=\"https:\/\/modoviajeok.com.ar\/wp-content\/uploads\/2025\/01\/IMG_20211128_093902-scaled.jpg\" \/>\n\t<meta property=\"og:image:width\" content=\"2560\" \/>\n\t<meta property=\"og:image:height\" content=\"2315\" \/>\n\t<meta property=\"og:image:type\" content=\"image\/jpeg\" \/>\n<meta name=\"author\" content=\"Pepe Segura\" \/>\n<meta name=\"twitter:card\" content=\"summary_large_image\" \/>\n<meta name=\"twitter:label1\" content=\"Escrito por\" \/>\n\t<meta name=\"twitter:data1\" content=\"Pepe Segura\" \/>\n\t<meta name=\"twitter:label2\" content=\"Tiempo de lectura\" \/>\n\t<meta name=\"twitter:data2\" content=\"2 minutos\" \/>\n<script type=\"application\/ld+json\" class=\"yoast-schema-graph\">{\"@context\":\"https:\/\/schema.org\",\"@graph\":[{\"@type\":\"Article\",\"@id\":\"https:\/\/modoviajeok.com.ar\/index.php\/2025\/01\/21\/las-papas-territorio-diaguita-en-catamarca\/#article\",\"isPartOf\":{\"@id\":\"https:\/\/modoviajeok.com.ar\/index.php\/2025\/01\/21\/las-papas-territorio-diaguita-en-catamarca\/\"},\"author\":{\"name\":\"Pepe Segura\",\"@id\":\"https:\/\/modoviajeok.com.ar\/#\/schema\/person\/2e299ed0d3d412a01d244fe28260d7f5\"},\"headline\":\"Las Papas, territorio diaguita en Catamarca\",\"datePublished\":\"2025-01-21T15:36:52+00:00\",\"dateModified\":\"2025-02-04T12:33:11+00:00\",\"mainEntityOfPage\":{\"@id\":\"https:\/\/modoviajeok.com.ar\/index.php\/2025\/01\/21\/las-papas-territorio-diaguita-en-catamarca\/\"},\"wordCount\":415,\"commentCount\":0,\"publisher\":{\"@id\":\"https:\/\/modoviajeok.com.ar\/#organization\"},\"image\":{\"@id\":\"https:\/\/modoviajeok.com.ar\/index.php\/2025\/01\/21\/las-papas-territorio-diaguita-en-catamarca\/#primaryimage\"},\"thumbnailUrl\":\"https:\/\/modoviajeok.com.ar\/wp-content\/uploads\/2025\/01\/IMG_20211128_093902-scaled.jpg\",\"keywords\":[\"argentina\",\"catamarca\",\"fiambala\",\"las papas\",\"puna\"],\"articleSection\":[\"Argentina\",\"Destacadas\",\"En la prensa\",\"Noticias\"],\"inLanguage\":\"es\",\"potentialAction\":[{\"@type\":\"CommentAction\",\"name\":\"Comment\",\"target\":[\"https:\/\/modoviajeok.com.ar\/index.php\/2025\/01\/21\/las-papas-territorio-diaguita-en-catamarca\/#respond\"]}]},{\"@type\":\"WebPage\",\"@id\":\"https:\/\/modoviajeok.com.ar\/index.php\/2025\/01\/21\/las-papas-territorio-diaguita-en-catamarca\/\",\"url\":\"https:\/\/modoviajeok.com.ar\/index.php\/2025\/01\/21\/las-papas-territorio-diaguita-en-catamarca\/\",\"name\":\"Las Papas, territorio diaguita en Catamarca -\",\"isPartOf\":{\"@id\":\"https:\/\/modoviajeok.com.ar\/#website\"},\"primaryImageOfPage\":{\"@id\":\"https:\/\/modoviajeok.com.ar\/index.php\/2025\/01\/21\/las-papas-territorio-diaguita-en-catamarca\/#primaryimage\"},\"image\":{\"@id\":\"https:\/\/modoviajeok.com.ar\/index.php\/2025\/01\/21\/las-papas-territorio-diaguita-en-catamarca\/#primaryimage\"},\"thumbnailUrl\":\"https:\/\/modoviajeok.com.ar\/wp-content\/uploads\/2025\/01\/IMG_20211128_093902-scaled.jpg\",\"datePublished\":\"2025-01-21T15:36:52+00:00\",\"dateModified\":\"2025-02-04T12:33:11+00:00\",\"breadcrumb\":{\"@id\":\"https:\/\/modoviajeok.com.ar\/index.php\/2025\/01\/21\/las-papas-territorio-diaguita-en-catamarca\/#breadcrumb\"},\"inLanguage\":\"es\",\"potentialAction\":[{\"@type\":\"ReadAction\",\"target\":[\"https:\/\/modoviajeok.com.ar\/index.php\/2025\/01\/21\/las-papas-territorio-diaguita-en-catamarca\/\"]}]},{\"@type\":\"ImageObject\",\"inLanguage\":\"es\",\"@id\":\"https:\/\/modoviajeok.com.ar\/index.php\/2025\/01\/21\/las-papas-territorio-diaguita-en-catamarca\/#primaryimage\",\"url\":\"https:\/\/modoviajeok.com.ar\/wp-content\/uploads\/2025\/01\/IMG_20211128_093902-scaled.jpg\",\"contentUrl\":\"https:\/\/modoviajeok.com.ar\/wp-content\/uploads\/2025\/01\/IMG_20211128_093902-scaled.jpg\",\"width\":2560,\"height\":2315},{\"@type\":\"BreadcrumbList\",\"@id\":\"https:\/\/modoviajeok.com.ar\/index.php\/2025\/01\/21\/las-papas-territorio-diaguita-en-catamarca\/#breadcrumb\",\"itemListElement\":[{\"@type\":\"ListItem\",\"position\":1,\"name\":\"Portada\",\"item\":\"https:\/\/modoviajeok.com.ar\/\"},{\"@type\":\"ListItem\",\"position\":2,\"name\":\"Las Papas, territorio diaguita en Catamarca\"}]},{\"@type\":\"WebSite\",\"@id\":\"https:\/\/modoviajeok.com.ar\/#website\",\"url\":\"https:\/\/modoviajeok.com.ar\/\",\"name\":\"ModoViajeOK\",\"description\":\"\",\"publisher\":{\"@id\":\"https:\/\/modoviajeok.com.ar\/#organization\"},\"potentialAction\":[{\"@type\":\"SearchAction\",\"target\":{\"@type\":\"EntryPoint\",\"urlTemplate\":\"https:\/\/modoviajeok.com.ar\/?s={search_term_string}\"},\"query-input\":{\"@type\":\"PropertyValueSpecification\",\"valueRequired\":true,\"valueName\":\"search_term_string\"}}],\"inLanguage\":\"es\"},{\"@type\":\"Organization\",\"@id\":\"https:\/\/modoviajeok.com.ar\/#organization\",\"name\":\"ModoViajeOK\",\"url\":\"https:\/\/modoviajeok.com.ar\/\",\"logo\":{\"@type\":\"ImageObject\",\"inLanguage\":\"es\",\"@id\":\"https:\/\/modoviajeok.com.ar\/#\/schema\/logo\/image\/\",\"url\":\"https:\/\/modoviajeok.com.ar\/wp-content\/uploads\/2025\/01\/Logo-modoviajeok.png\",\"contentUrl\":\"https:\/\/modoviajeok.com.ar\/wp-content\/uploads\/2025\/01\/Logo-modoviajeok.png\",\"width\":2938,\"height\":2276,\"caption\":\"ModoViajeOK\"},\"image\":{\"@id\":\"https:\/\/modoviajeok.com.ar\/#\/schema\/logo\/image\/\"},\"sameAs\":[\"https:\/\/www.facebook.com\/mariana.otero1\/\",\"https:\/\/www.instagram.com\/modoviaje.ok\/\"]},{\"@type\":\"Person\",\"@id\":\"https:\/\/modoviajeok.com.ar\/#\/schema\/person\/2e299ed0d3d412a01d244fe28260d7f5\",\"name\":\"Pepe Segura\",\"image\":{\"@type\":\"ImageObject\",\"inLanguage\":\"es\",\"@id\":\"https:\/\/modoviajeok.com.ar\/#\/schema\/person\/image\/\",\"url\":\"https:\/\/secure.gravatar.com\/avatar\/65eb4b34deed761327f5b2c5535b987318ae807900ac46426de7258f5de6d345?s=96&d=mm&r=g\",\"contentUrl\":\"https:\/\/secure.gravatar.com\/avatar\/65eb4b34deed761327f5b2c5535b987318ae807900ac46426de7258f5de6d345?s=96&d=mm&r=g\",\"caption\":\"Pepe Segura\"},\"url\":\"https:\/\/modoviajeok.com.ar\/index.php\/author\/pepe2025\/\"}]}<\/script>\n<!-- \/ Yoast SEO plugin. -->","yoast_head_json":{"title":"Las Papas, territorio diaguita en Catamarca -","robots":{"index":"index","follow":"follow","max-snippet":"max-snippet:-1","max-image-preview":"max-image-preview:large","max-video-preview":"max-video-preview:-1"},"canonical":"https:\/\/modoviajeok.com.ar\/index.php\/2025\/01\/21\/las-papas-territorio-diaguita-en-catamarca\/","og_locale":"es_ES","og_type":"article","og_title":"Las Papas, territorio diaguita en Catamarca -","og_description":"Las Papas es un peque\u00f1o pueblo catamarque\u00f1o de territorio diaguita incrustado en la monta\u00f1a, a 100 km de Fiambal\u00e1, rumbo a la magn\u00edfica reserva natural Campo de Piedra P\u00f3mez, el paisaje de otro planeta de la bella provincia de Catamarca. Tiene 50 habitantes de 12 familias que asoma en el camino de cornisa, en la [&hellip;]","og_url":"https:\/\/modoviajeok.com.ar\/index.php\/2025\/01\/21\/las-papas-territorio-diaguita-en-catamarca\/","article_publisher":"https:\/\/www.facebook.com\/mariana.otero1\/","article_published_time":"2025-01-21T15:36:52+00:00","article_modified_time":"2025-02-04T12:33:11+00:00","og_image":[{"width":2560,"height":2315,"url":"https:\/\/modoviajeok.com.ar\/wp-content\/uploads\/2025\/01\/IMG_20211128_093902-scaled.jpg","type":"image\/jpeg"}],"author":"Pepe Segura","twitter_card":"summary_large_image","twitter_misc":{"Escrito por":"Pepe Segura","Tiempo de lectura":"2 minutos"},"schema":{"@context":"https:\/\/schema.org","@graph":[{"@type":"Article","@id":"https:\/\/modoviajeok.com.ar\/index.php\/2025\/01\/21\/las-papas-territorio-diaguita-en-catamarca\/#article","isPartOf":{"@id":"https:\/\/modoviajeok.com.ar\/index.php\/2025\/01\/21\/las-papas-territorio-diaguita-en-catamarca\/"},"author":{"name":"Pepe Segura","@id":"https:\/\/modoviajeok.com.ar\/#\/schema\/person\/2e299ed0d3d412a01d244fe28260d7f5"},"headline":"Las Papas, territorio diaguita en Catamarca","datePublished":"2025-01-21T15:36:52+00:00","dateModified":"2025-02-04T12:33:11+00:00","mainEntityOfPage":{"@id":"https:\/\/modoviajeok.com.ar\/index.php\/2025\/01\/21\/las-papas-territorio-diaguita-en-catamarca\/"},"wordCount":415,"commentCount":0,"publisher":{"@id":"https:\/\/modoviajeok.com.ar\/#organization"},"image":{"@id":"https:\/\/modoviajeok.com.ar\/index.php\/2025\/01\/21\/las-papas-territorio-diaguita-en-catamarca\/#primaryimage"},"thumbnailUrl":"https:\/\/modoviajeok.com.ar\/wp-content\/uploads\/2025\/01\/IMG_20211128_093902-scaled.jpg","keywords":["argentina","catamarca","fiambala","las papas","puna"],"articleSection":["Argentina","Destacadas","En la prensa","Noticias"],"inLanguage":"es","potentialAction":[{"@type":"CommentAction","name":"Comment","target":["https:\/\/modoviajeok.com.ar\/index.php\/2025\/01\/21\/las-papas-territorio-diaguita-en-catamarca\/#respond"]}]},{"@type":"WebPage","@id":"https:\/\/modoviajeok.com.ar\/index.php\/2025\/01\/21\/las-papas-territorio-diaguita-en-catamarca\/","url":"https:\/\/modoviajeok.com.ar\/index.php\/2025\/01\/21\/las-papas-territorio-diaguita-en-catamarca\/","name":"Las Papas, territorio diaguita en Catamarca -","isPartOf":{"@id":"https:\/\/modoviajeok.com.ar\/#website"},"primaryImageOfPage":{"@id":"https:\/\/modoviajeok.com.ar\/index.php\/2025\/01\/21\/las-papas-territorio-diaguita-en-catamarca\/#primaryimage"},"image":{"@id":"https:\/\/modoviajeok.com.ar\/index.php\/2025\/01\/21\/las-papas-territorio-diaguita-en-catamarca\/#primaryimage"},"thumbnailUrl":"https:\/\/modoviajeok.com.ar\/wp-content\/uploads\/2025\/01\/IMG_20211128_093902-scaled.jpg","datePublished":"2025-01-21T15:36:52+00:00","dateModified":"2025-02-04T12:33:11+00:00","breadcrumb":{"@id":"https:\/\/modoviajeok.com.ar\/index.php\/2025\/01\/21\/las-papas-territorio-diaguita-en-catamarca\/#breadcrumb"},"inLanguage":"es","potentialAction":[{"@type":"ReadAction","target":["https:\/\/modoviajeok.com.ar\/index.php\/2025\/01\/21\/las-papas-territorio-diaguita-en-catamarca\/"]}]},{"@type":"ImageObject","inLanguage":"es","@id":"https:\/\/modoviajeok.com.ar\/index.php\/2025\/01\/21\/las-papas-territorio-diaguita-en-catamarca\/#primaryimage","url":"https:\/\/modoviajeok.com.ar\/wp-content\/uploads\/2025\/01\/IMG_20211128_093902-scaled.jpg","contentUrl":"https:\/\/modoviajeok.com.ar\/wp-content\/uploads\/2025\/01\/IMG_20211128_093902-scaled.jpg","width":2560,"height":2315},{"@type":"BreadcrumbList","@id":"https:\/\/modoviajeok.com.ar\/index.php\/2025\/01\/21\/las-papas-territorio-diaguita-en-catamarca\/#breadcrumb","itemListElement":[{"@type":"ListItem","position":1,"name":"Portada","item":"https:\/\/modoviajeok.com.ar\/"},{"@type":"ListItem","position":2,"name":"Las Papas, territorio diaguita en Catamarca"}]},{"@type":"WebSite","@id":"https:\/\/modoviajeok.com.ar\/#website","url":"https:\/\/modoviajeok.com.ar\/","name":"ModoViajeOK","description":"","publisher":{"@id":"https:\/\/modoviajeok.com.ar\/#organization"},"potentialAction":[{"@type":"SearchAction","target":{"@type":"EntryPoint","urlTemplate":"https:\/\/modoviajeok.com.ar\/?s={search_term_string}"},"query-input":{"@type":"PropertyValueSpecification","valueRequired":true,"valueName":"search_term_string"}}],"inLanguage":"es"},{"@type":"Organization","@id":"https:\/\/modoviajeok.com.ar\/#organization","name":"ModoViajeOK","url":"https:\/\/modoviajeok.com.ar\/","logo":{"@type":"ImageObject","inLanguage":"es","@id":"https:\/\/modoviajeok.com.ar\/#\/schema\/logo\/image\/","url":"https:\/\/modoviajeok.com.ar\/wp-content\/uploads\/2025\/01\/Logo-modoviajeok.png","contentUrl":"https:\/\/modoviajeok.com.ar\/wp-content\/uploads\/2025\/01\/Logo-modoviajeok.png","width":2938,"height":2276,"caption":"ModoViajeOK"},"image":{"@id":"https:\/\/modoviajeok.com.ar\/#\/schema\/logo\/image\/"},"sameAs":["https:\/\/www.facebook.com\/mariana.otero1\/","https:\/\/www.instagram.com\/modoviaje.ok\/"]},{"@type":"Person","@id":"https:\/\/modoviajeok.com.ar\/#\/schema\/person\/2e299ed0d3d412a01d244fe28260d7f5","name":"Pepe Segura","image":{"@type":"ImageObject","inLanguage":"es","@id":"https:\/\/modoviajeok.com.ar\/#\/schema\/person\/image\/","url":"https:\/\/secure.gravatar.com\/avatar\/65eb4b34deed761327f5b2c5535b987318ae807900ac46426de7258f5de6d345?s=96&d=mm&r=g","contentUrl":"https:\/\/secure.gravatar.com\/avatar\/65eb4b34deed761327f5b2c5535b987318ae807900ac46426de7258f5de6d345?s=96&d=mm&r=g","caption":"Pepe Segura"},"url":"https:\/\/modoviajeok.com.ar\/index.php\/author\/pepe2025\/"}]}},"_links":{"self":[{"href":"https:\/\/modoviajeok.com.ar\/index.php\/wp-json\/wp\/v2\/posts\/706","targetHints":{"allow":["GET"]}}],"collection":[{"href":"https:\/\/modoviajeok.com.ar\/index.php\/wp-json\/wp\/v2\/posts"}],"about":[{"href":"https:\/\/modoviajeok.com.ar\/index.php\/wp-json\/wp\/v2\/types\/post"}],"author":[{"embeddable":true,"href":"https:\/\/modoviajeok.com.ar\/index.php\/wp-json\/wp\/v2\/users\/3"}],"replies":[{"embeddable":true,"href":"https:\/\/modoviajeok.com.ar\/index.php\/wp-json\/wp\/v2\/comments?post=706"}],"version-history":[{"count":5,"href":"https:\/\/modoviajeok.com.ar\/index.php\/wp-json\/wp\/v2\/posts\/706\/revisions"}],"predecessor-version":[{"id":959,"href":"https:\/\/modoviajeok.com.ar\/index.php\/wp-json\/wp\/v2\/posts\/706\/revisions\/959"}],"wp:featuredmedia":[{"embeddable":true,"href":"https:\/\/modoviajeok.com.ar\/index.php\/wp-json\/wp\/v2\/media\/715"}],"wp:attachment":[{"href":"https:\/\/modoviajeok.com.ar\/index.php\/wp-json\/wp\/v2\/media?parent=706"}],"wp:term":[{"taxonomy":"category","embeddable":true,"href":"https:\/\/modoviajeok.com.ar\/index.php\/wp-json\/wp\/v2\/categories?post=706"},{"taxonomy":"post_tag","embeddable":true,"href":"https:\/\/modoviajeok.com.ar\/index.php\/wp-json\/wp\/v2\/tags?post=706"}],"curies":[{"name":"wp","href":"https:\/\/api.w.org\/{rel}","templated":true}]}}