{"id":7079,"date":"2025-12-30T20:34:09","date_gmt":"2025-12-30T23:34:09","guid":{"rendered":"https:\/\/modoviajeok.com.ar\/?p=7079"},"modified":"2025-12-30T20:34:10","modified_gmt":"2025-12-30T23:34:10","slug":"el-verano-arranca-con-programas-integrales-de-promocion-asistencia-y-experiencias-innovadoras","status":"publish","type":"post","link":"https:\/\/modoviajeok.com.ar\/index.php\/2025\/12\/30\/el-verano-arranca-con-programas-integrales-de-promocion-asistencia-y-experiencias-innovadoras\/","title":{"rendered":"El verano arranca con programas integrales de promoci\u00f3n, asistencia y experiencias innovadoras"},"content":{"rendered":"\n<figure class=\"wp-block-pullquote\"><blockquote><p>En el marco de la temporada 2026, la Agencia C\u00f3rdoba Turismo pone en marcha una serie de programas y acciones destinadas a acompa\u00f1ar a turistas y residentes, fortalecer la presencia territorial y promover la diversidad de experiencias que ofrece la provincia en cada rinc\u00f3n de su geograf\u00eda.<\/p><\/blockquote><\/figure>\n\n\n\n<p>Las iniciativas combinan innovaci\u00f3n tecnol\u00f3gica, propuestas recreativas y culturales itinerantes, y un esquema de asistencia directa al turista, con el objetivo de mejorar la experiencia de quienes eligen C\u00f3rdoba como destino y consolidar su posicionamiento como una provincia activa, cercana y preparada para disfrutar durante todo el verano.<\/p>\n\n\n\n<p>Una de las propuestas destacadas es&nbsp;<strong>\u201cC\u00f3rdoba 360\u00b0 \u2013 DOMO\u201d<\/strong>, una experiencia inmersiva que invita a descubrir la provincia a trav\u00e9s de recorridos virtuales en 360\u00b0. Se trata de una unidad m\u00f3vil equipada con tecnolog\u00eda de proyecci\u00f3n que permite explorar paisajes y destinos emblem\u00e1ticos, generando una vivencia sensorial que integra turismo, cultura e innovaci\u00f3n. Esta iniciativa busca ampliar audiencias, especialmente j\u00f3venes y familias, y acercar los atractivos cordobeses de manera interactiva y accesible.<\/p>\n\n\n\n<p>A su vez, la Agencia despliega el&nbsp;<strong>Tr\u00e1iler \u201cC\u00f3rdoba te divierte y te activa\u201d<\/strong>, una propuesta itinerante que recorre distintas localidades acompa\u00f1ando eventos y actividades en espacios p\u00fablicos. El tr\u00e1iler funciona como un espacio m\u00f3vil de recreaci\u00f3n y promoci\u00f3n tur\u00edstica, con animaci\u00f3n en vivo, espect\u00e1culos art\u00edsticos, gastronom\u00eda regional, juegos, sorteos, cine m\u00f3vil y un puesto permanente de informaci\u00f3n tur\u00edstica. La programaci\u00f3n incluye jornadas tem\u00e1ticas vinculadas al turismo activo, el bienestar, los sabores de C\u00f3rdoba, las fiestas y festivales, y los Caminos del Vino, promoviendo el disfrute en familia y en grupo.<\/p>\n\n\n\n<p>Como complemento, durante toda la temporada se implementa el programa&nbsp;<strong>\u201cAsistencia al Turista, Fiestas y Festivales\u201d<\/strong>, que refuerza la presencia institucional en los principales corredores tur\u00edsticos de la provincia. A trav\u00e9s de equipos itinerantes, se brindar\u00e1 informaci\u00f3n, orientaci\u00f3n y acompa\u00f1amiento en zonas de alta afluencia, como balnearios, espacios recreativos, alojamientos, oficinas de turismo y eventos culturales. Adem\u00e1s, la Agencia acompa\u00f1ar\u00e1 las principales fiestas y festivales de C\u00f3rdoba, articulando acciones con los gobiernos locales y los organizadores.<\/p>\n\n\n\n<p>Con estos programas, la Agencia C\u00f3rdoba Turismo reafirma su compromiso con un turismo accesible, cercano y de calidad, promoviendo experiencias innovadoras, fortaleciendo la identidad cultural y acompa\u00f1ando a cada localidad en una temporada clave para el desarrollo tur\u00edstico de la provincia.<\/p>\n\n\n\n<figure class=\"wp-block-image size-full\"><img loading=\"lazy\" decoding=\"async\" width=\"1200\" height=\"1600\" src=\"https:\/\/modoviajeok.com.ar\/wp-content\/uploads\/2025\/12\/IMG-20221210-WA0043-1.jpg\" alt=\"\" class=\"wp-image-7080\" srcset=\"https:\/\/modoviajeok.com.ar\/wp-content\/uploads\/2025\/12\/IMG-20221210-WA0043-1.jpg 1200w, https:\/\/modoviajeok.com.ar\/wp-content\/uploads\/2025\/12\/IMG-20221210-WA0043-1-768x1024.jpg 768w, https:\/\/modoviajeok.com.ar\/wp-content\/uploads\/2025\/12\/IMG-20221210-WA0043-1-1152x1536.jpg 1152w, https:\/\/modoviajeok.com.ar\/wp-content\/uploads\/2025\/12\/IMG-20221210-WA0043-1-315x420.jpg 315w, https:\/\/modoviajeok.com.ar\/wp-content\/uploads\/2025\/12\/IMG-20221210-WA0043-1-150x200.jpg 150w, https:\/\/modoviajeok.com.ar\/wp-content\/uploads\/2025\/12\/IMG-20221210-WA0043-1-300x400.jpg 300w, https:\/\/modoviajeok.com.ar\/wp-content\/uploads\/2025\/12\/IMG-20221210-WA0043-1-696x928.jpg 696w, https:\/\/modoviajeok.com.ar\/wp-content\/uploads\/2025\/12\/IMG-20221210-WA0043-1-1068x1424.jpg 1068w\" sizes=\"auto, (max-width: 1200px) 100vw, 1200px\" \/><\/figure>\n\n\n\n<p><strong>Agenda<\/strong><\/p>\n\n\n\n<p><strong><em>VERANO M\u00d3VIL + C\u00d3RDOBA TE DIVIERTE Y TE ACTIVA:<\/em><\/strong><\/p>\n\n\n\n<p>Viernes 2 de enero: R\u00edo Ceballos.<\/p>\n\n\n\n<p>S\u00e1bado 3 de enero: Alta Gracia.<\/p>\n\n\n\n<p>Domingo 4 de enero: Tanti.<\/p>\n\n\n\n<p><strong><em>ASISTENCIA AL TURISTA + FIESTAS Y FESTIVALES:<\/em><\/strong><\/p>\n\n\n\n<p>Viernes 2 de enero: Villa Carlos Paz.<\/p>\n\n\n\n<p>S\u00e1bado 3 de enero: De\u00e1n Funes.<\/p>\n\n\n\n<p>Domingo 4 de enero: Villa de Soto.<\/p>\n\n\n\n<p><strong><em>C\u00d3RDOBA INMERSIVA + DOMO 360:<\/em><\/strong><\/p>\n\n\n\n<p>Viernes 2 de enero: R\u00edo Ceballos.<\/p>\n\n\n\n<p>S\u00e1bado 3 de enero: De\u00e1n Funes.<\/p>\n\n\n\n<p>Domingo 4 de enero: Villa de Soto.<\/p>\n\n\n      <div class=\"wp_bannerize_container wp_bannerize_layout_vertical\">\n\n        <div class=\"wp_bannerize_banner_box wp_bannerize_category_intertexto-1\" data-title=\"Modo viaje\" data-mime_type=\"image-gif\" data-banner_id=\"1783\" id=\"wpbanner-1783\" data-impressions_enabled=\"true\" data-clicks_enabled=\"true\"><a href=\"https:\/\/www.instagram.com\/modoviaje.ok?igsh=Z3c5emxsZWFtdXN3\"><img decoding=\"async\" border=\"0\" src=\"https:\/\/modoviajeok.com.ar\/wp-content\/uploads\/2025\/02\/modoviaje.ok-300-x-250-px.gif\" alt=\"Modo viaje\" title=\"Modo viaje\" \/><\/a><\/div>      <\/div>\n\n\n","protected":false},"excerpt":{"rendered":"<p>En el marco de la temporada 2026, la Agencia C\u00f3rdoba Turismo pone en marcha una serie de programas y acciones destinadas a acompa\u00f1ar a turistas y residentes, fortalecer la presencia territorial y promover la diversidad de experiencias que ofrece la provincia en cada rinc\u00f3n de su geograf\u00eda. Las iniciativas combinan innovaci\u00f3n tecnol\u00f3gica, propuestas recreativas y [&hellip;]<\/p>\n","protected":false},"author":3,"featured_media":7081,"comment_status":"open","ping_status":"open","sticky":false,"template":"","format":"standard","meta":{"_acf_changed":false,"footnotes":""},"categories":[11,12],"tags":[345,99],"class_list":{"0":"post-7079","1":"post","2":"type-post","3":"status-publish","4":"format-standard","5":"has-post-thumbnail","7":"category-cordoba","8":"category-novedades","9":"tag-agencia-cordoba-turismo-2","10":"tag-cordoba-2"},"acf":[],"yoast_head":"<!-- This site is optimized with the Yoast SEO plugin v24.8.1 - https:\/\/yoast.com\/wordpress\/plugins\/seo\/ -->\n<title>El verano arranca con programas integrales de promoci\u00f3n, asistencia y experiencias innovadoras -<\/title>\n<meta name=\"robots\" content=\"index, follow, max-snippet:-1, max-image-preview:large, max-video-preview:-1\" \/>\n<link rel=\"canonical\" href=\"https:\/\/modoviajeok.com.ar\/index.php\/2025\/12\/30\/el-verano-arranca-con-programas-integrales-de-promocion-asistencia-y-experiencias-innovadoras\/\" \/>\n<meta property=\"og:locale\" content=\"es_ES\" \/>\n<meta property=\"og:type\" content=\"article\" \/>\n<meta property=\"og:title\" content=\"El verano arranca con programas integrales de promoci\u00f3n, asistencia y experiencias innovadoras -\" \/>\n<meta property=\"og:description\" content=\"En el marco de la temporada 2026, la Agencia C\u00f3rdoba Turismo pone en marcha una serie de programas y acciones destinadas a acompa\u00f1ar a turistas y residentes, fortalecer la presencia territorial y promover la diversidad de experiencias que ofrece la provincia en cada rinc\u00f3n de su geograf\u00eda. Las iniciativas combinan innovaci\u00f3n tecnol\u00f3gica, propuestas recreativas y [&hellip;]\" \/>\n<meta property=\"og:url\" content=\"https:\/\/modoviajeok.com.ar\/index.php\/2025\/12\/30\/el-verano-arranca-con-programas-integrales-de-promocion-asistencia-y-experiencias-innovadoras\/\" \/>\n<meta property=\"article:publisher\" content=\"https:\/\/www.facebook.com\/mariana.otero1\/\" \/>\n<meta property=\"article:published_time\" content=\"2025-12-30T23:34:09+00:00\" \/>\n<meta property=\"article:modified_time\" content=\"2025-12-30T23:34:10+00:00\" \/>\n<meta property=\"og:image\" content=\"https:\/\/modoviajeok.com.ar\/wp-content\/uploads\/2025\/12\/IMG-20211218-WA0023-1.jpg\" \/>\n\t<meta property=\"og:image:width\" content=\"1200\" \/>\n\t<meta property=\"og:image:height\" content=\"1600\" \/>\n\t<meta property=\"og:image:type\" content=\"image\/jpeg\" \/>\n<meta name=\"author\" content=\"Pepe Segura\" \/>\n<meta name=\"twitter:card\" content=\"summary_large_image\" \/>\n<meta name=\"twitter:label1\" content=\"Escrito por\" \/>\n\t<meta name=\"twitter:data1\" content=\"Pepe Segura\" \/>\n\t<meta name=\"twitter:label2\" content=\"Tiempo de lectura\" \/>\n\t<meta name=\"twitter:data2\" content=\"3 minutos\" \/>\n<script type=\"application\/ld+json\" class=\"yoast-schema-graph\">{\"@context\":\"https:\/\/schema.org\",\"@graph\":[{\"@type\":\"Article\",\"@id\":\"https:\/\/modoviajeok.com.ar\/index.php\/2025\/12\/30\/el-verano-arranca-con-programas-integrales-de-promocion-asistencia-y-experiencias-innovadoras\/#article\",\"isPartOf\":{\"@id\":\"https:\/\/modoviajeok.com.ar\/index.php\/2025\/12\/30\/el-verano-arranca-con-programas-integrales-de-promocion-asistencia-y-experiencias-innovadoras\/\"},\"author\":{\"name\":\"Pepe Segura\",\"@id\":\"https:\/\/modoviajeok.com.ar\/#\/schema\/person\/2e299ed0d3d412a01d244fe28260d7f5\"},\"headline\":\"El verano arranca con programas integrales de promoci\u00f3n, asistencia y experiencias innovadoras\",\"datePublished\":\"2025-12-30T23:34:09+00:00\",\"dateModified\":\"2025-12-30T23:34:10+00:00\",\"mainEntityOfPage\":{\"@id\":\"https:\/\/modoviajeok.com.ar\/index.php\/2025\/12\/30\/el-verano-arranca-con-programas-integrales-de-promocion-asistencia-y-experiencias-innovadoras\/\"},\"wordCount\":515,\"commentCount\":0,\"publisher\":{\"@id\":\"https:\/\/modoviajeok.com.ar\/#organization\"},\"image\":{\"@id\":\"https:\/\/modoviajeok.com.ar\/index.php\/2025\/12\/30\/el-verano-arranca-con-programas-integrales-de-promocion-asistencia-y-experiencias-innovadoras\/#primaryimage\"},\"thumbnailUrl\":\"https:\/\/modoviajeok.com.ar\/wp-content\/uploads\/2025\/12\/IMG-20211218-WA0023-1.jpg\",\"keywords\":[\"agencia cordoba turismo\",\"cordoba\"],\"articleSection\":[\"C\u00f3rdoba\",\"Novedades\"],\"inLanguage\":\"es\",\"potentialAction\":[{\"@type\":\"CommentAction\",\"name\":\"Comment\",\"target\":[\"https:\/\/modoviajeok.com.ar\/index.php\/2025\/12\/30\/el-verano-arranca-con-programas-integrales-de-promocion-asistencia-y-experiencias-innovadoras\/#respond\"]}]},{\"@type\":\"WebPage\",\"@id\":\"https:\/\/modoviajeok.com.ar\/index.php\/2025\/12\/30\/el-verano-arranca-con-programas-integrales-de-promocion-asistencia-y-experiencias-innovadoras\/\",\"url\":\"https:\/\/modoviajeok.com.ar\/index.php\/2025\/12\/30\/el-verano-arranca-con-programas-integrales-de-promocion-asistencia-y-experiencias-innovadoras\/\",\"name\":\"El verano arranca con programas integrales de promoci\u00f3n, asistencia y experiencias innovadoras -\",\"isPartOf\":{\"@id\":\"https:\/\/modoviajeok.com.ar\/#website\"},\"primaryImageOfPage\":{\"@id\":\"https:\/\/modoviajeok.com.ar\/index.php\/2025\/12\/30\/el-verano-arranca-con-programas-integrales-de-promocion-asistencia-y-experiencias-innovadoras\/#primaryimage\"},\"image\":{\"@id\":\"https:\/\/modoviajeok.com.ar\/index.php\/2025\/12\/30\/el-verano-arranca-con-programas-integrales-de-promocion-asistencia-y-experiencias-innovadoras\/#primaryimage\"},\"thumbnailUrl\":\"https:\/\/modoviajeok.com.ar\/wp-content\/uploads\/2025\/12\/IMG-20211218-WA0023-1.jpg\",\"datePublished\":\"2025-12-30T23:34:09+00:00\",\"dateModified\":\"2025-12-30T23:34:10+00:00\",\"breadcrumb\":{\"@id\":\"https:\/\/modoviajeok.com.ar\/index.php\/2025\/12\/30\/el-verano-arranca-con-programas-integrales-de-promocion-asistencia-y-experiencias-innovadoras\/#breadcrumb\"},\"inLanguage\":\"es\",\"potentialAction\":[{\"@type\":\"ReadAction\",\"target\":[\"https:\/\/modoviajeok.com.ar\/index.php\/2025\/12\/30\/el-verano-arranca-con-programas-integrales-de-promocion-asistencia-y-experiencias-innovadoras\/\"]}]},{\"@type\":\"ImageObject\",\"inLanguage\":\"es\",\"@id\":\"https:\/\/modoviajeok.com.ar\/index.php\/2025\/12\/30\/el-verano-arranca-con-programas-integrales-de-promocion-asistencia-y-experiencias-innovadoras\/#primaryimage\",\"url\":\"https:\/\/modoviajeok.com.ar\/wp-content\/uploads\/2025\/12\/IMG-20211218-WA0023-1.jpg\",\"contentUrl\":\"https:\/\/modoviajeok.com.ar\/wp-content\/uploads\/2025\/12\/IMG-20211218-WA0023-1.jpg\",\"width\":1200,\"height\":1600},{\"@type\":\"BreadcrumbList\",\"@id\":\"https:\/\/modoviajeok.com.ar\/index.php\/2025\/12\/30\/el-verano-arranca-con-programas-integrales-de-promocion-asistencia-y-experiencias-innovadoras\/#breadcrumb\",\"itemListElement\":[{\"@type\":\"ListItem\",\"position\":1,\"name\":\"Portada\",\"item\":\"https:\/\/modoviajeok.com.ar\/\"},{\"@type\":\"ListItem\",\"position\":2,\"name\":\"El verano arranca con programas integrales de promoci\u00f3n, asistencia y experiencias innovadoras\"}]},{\"@type\":\"WebSite\",\"@id\":\"https:\/\/modoviajeok.com.ar\/#website\",\"url\":\"https:\/\/modoviajeok.com.ar\/\",\"name\":\"ModoViajeOK\",\"description\":\"\",\"publisher\":{\"@id\":\"https:\/\/modoviajeok.com.ar\/#organization\"},\"potentialAction\":[{\"@type\":\"SearchAction\",\"target\":{\"@type\":\"EntryPoint\",\"urlTemplate\":\"https:\/\/modoviajeok.com.ar\/?s={search_term_string}\"},\"query-input\":{\"@type\":\"PropertyValueSpecification\",\"valueRequired\":true,\"valueName\":\"search_term_string\"}}],\"inLanguage\":\"es\"},{\"@type\":\"Organization\",\"@id\":\"https:\/\/modoviajeok.com.ar\/#organization\",\"name\":\"ModoViajeOK\",\"url\":\"https:\/\/modoviajeok.com.ar\/\",\"logo\":{\"@type\":\"ImageObject\",\"inLanguage\":\"es\",\"@id\":\"https:\/\/modoviajeok.com.ar\/#\/schema\/logo\/image\/\",\"url\":\"https:\/\/modoviajeok.com.ar\/wp-content\/uploads\/2025\/01\/Logo-modoviajeok.png\",\"contentUrl\":\"https:\/\/modoviajeok.com.ar\/wp-content\/uploads\/2025\/01\/Logo-modoviajeok.png\",\"width\":2938,\"height\":2276,\"caption\":\"ModoViajeOK\"},\"image\":{\"@id\":\"https:\/\/modoviajeok.com.ar\/#\/schema\/logo\/image\/\"},\"sameAs\":[\"https:\/\/www.facebook.com\/mariana.otero1\/\",\"https:\/\/www.instagram.com\/modoviaje.ok\/\"]},{\"@type\":\"Person\",\"@id\":\"https:\/\/modoviajeok.com.ar\/#\/schema\/person\/2e299ed0d3d412a01d244fe28260d7f5\",\"name\":\"Pepe Segura\",\"image\":{\"@type\":\"ImageObject\",\"inLanguage\":\"es\",\"@id\":\"https:\/\/modoviajeok.com.ar\/#\/schema\/person\/image\/\",\"url\":\"https:\/\/secure.gravatar.com\/avatar\/65eb4b34deed761327f5b2c5535b987318ae807900ac46426de7258f5de6d345?s=96&d=mm&r=g\",\"contentUrl\":\"https:\/\/secure.gravatar.com\/avatar\/65eb4b34deed761327f5b2c5535b987318ae807900ac46426de7258f5de6d345?s=96&d=mm&r=g\",\"caption\":\"Pepe Segura\"},\"url\":\"https:\/\/modoviajeok.com.ar\/index.php\/author\/pepe2025\/\"}]}<\/script>\n<!-- \/ Yoast SEO plugin. -->","yoast_head_json":{"title":"El verano arranca con programas integrales de promoci\u00f3n, asistencia y experiencias innovadoras -","robots":{"index":"index","follow":"follow","max-snippet":"max-snippet:-1","max-image-preview":"max-image-preview:large","max-video-preview":"max-video-preview:-1"},"canonical":"https:\/\/modoviajeok.com.ar\/index.php\/2025\/12\/30\/el-verano-arranca-con-programas-integrales-de-promocion-asistencia-y-experiencias-innovadoras\/","og_locale":"es_ES","og_type":"article","og_title":"El verano arranca con programas integrales de promoci\u00f3n, asistencia y experiencias innovadoras -","og_description":"En el marco de la temporada 2026, la Agencia C\u00f3rdoba Turismo pone en marcha una serie de programas y acciones destinadas a acompa\u00f1ar a turistas y residentes, fortalecer la presencia territorial y promover la diversidad de experiencias que ofrece la provincia en cada rinc\u00f3n de su geograf\u00eda. Las iniciativas combinan innovaci\u00f3n tecnol\u00f3gica, propuestas recreativas y [&hellip;]","og_url":"https:\/\/modoviajeok.com.ar\/index.php\/2025\/12\/30\/el-verano-arranca-con-programas-integrales-de-promocion-asistencia-y-experiencias-innovadoras\/","article_publisher":"https:\/\/www.facebook.com\/mariana.otero1\/","article_published_time":"2025-12-30T23:34:09+00:00","article_modified_time":"2025-12-30T23:34:10+00:00","og_image":[{"width":1200,"height":1600,"url":"https:\/\/modoviajeok.com.ar\/wp-content\/uploads\/2025\/12\/IMG-20211218-WA0023-1.jpg","type":"image\/jpeg"}],"author":"Pepe Segura","twitter_card":"summary_large_image","twitter_misc":{"Escrito por":"Pepe Segura","Tiempo de lectura":"3 minutos"},"schema":{"@context":"https:\/\/schema.org","@graph":[{"@type":"Article","@id":"https:\/\/modoviajeok.com.ar\/index.php\/2025\/12\/30\/el-verano-arranca-con-programas-integrales-de-promocion-asistencia-y-experiencias-innovadoras\/#article","isPartOf":{"@id":"https:\/\/modoviajeok.com.ar\/index.php\/2025\/12\/30\/el-verano-arranca-con-programas-integrales-de-promocion-asistencia-y-experiencias-innovadoras\/"},"author":{"name":"Pepe Segura","@id":"https:\/\/modoviajeok.com.ar\/#\/schema\/person\/2e299ed0d3d412a01d244fe28260d7f5"},"headline":"El verano arranca con programas integrales de promoci\u00f3n, asistencia y experiencias innovadoras","datePublished":"2025-12-30T23:34:09+00:00","dateModified":"2025-12-30T23:34:10+00:00","mainEntityOfPage":{"@id":"https:\/\/modoviajeok.com.ar\/index.php\/2025\/12\/30\/el-verano-arranca-con-programas-integrales-de-promocion-asistencia-y-experiencias-innovadoras\/"},"wordCount":515,"commentCount":0,"publisher":{"@id":"https:\/\/modoviajeok.com.ar\/#organization"},"image":{"@id":"https:\/\/modoviajeok.com.ar\/index.php\/2025\/12\/30\/el-verano-arranca-con-programas-integrales-de-promocion-asistencia-y-experiencias-innovadoras\/#primaryimage"},"thumbnailUrl":"https:\/\/modoviajeok.com.ar\/wp-content\/uploads\/2025\/12\/IMG-20211218-WA0023-1.jpg","keywords":["agencia cordoba turismo","cordoba"],"articleSection":["C\u00f3rdoba","Novedades"],"inLanguage":"es","potentialAction":[{"@type":"CommentAction","name":"Comment","target":["https:\/\/modoviajeok.com.ar\/index.php\/2025\/12\/30\/el-verano-arranca-con-programas-integrales-de-promocion-asistencia-y-experiencias-innovadoras\/#respond"]}]},{"@type":"WebPage","@id":"https:\/\/modoviajeok.com.ar\/index.php\/2025\/12\/30\/el-verano-arranca-con-programas-integrales-de-promocion-asistencia-y-experiencias-innovadoras\/","url":"https:\/\/modoviajeok.com.ar\/index.php\/2025\/12\/30\/el-verano-arranca-con-programas-integrales-de-promocion-asistencia-y-experiencias-innovadoras\/","name":"El verano arranca con programas integrales de promoci\u00f3n, asistencia y experiencias innovadoras -","isPartOf":{"@id":"https:\/\/modoviajeok.com.ar\/#website"},"primaryImageOfPage":{"@id":"https:\/\/modoviajeok.com.ar\/index.php\/2025\/12\/30\/el-verano-arranca-con-programas-integrales-de-promocion-asistencia-y-experiencias-innovadoras\/#primaryimage"},"image":{"@id":"https:\/\/modoviajeok.com.ar\/index.php\/2025\/12\/30\/el-verano-arranca-con-programas-integrales-de-promocion-asistencia-y-experiencias-innovadoras\/#primaryimage"},"thumbnailUrl":"https:\/\/modoviajeok.com.ar\/wp-content\/uploads\/2025\/12\/IMG-20211218-WA0023-1.jpg","datePublished":"2025-12-30T23:34:09+00:00","dateModified":"2025-12-30T23:34:10+00:00","breadcrumb":{"@id":"https:\/\/modoviajeok.com.ar\/index.php\/2025\/12\/30\/el-verano-arranca-con-programas-integrales-de-promocion-asistencia-y-experiencias-innovadoras\/#breadcrumb"},"inLanguage":"es","potentialAction":[{"@type":"ReadAction","target":["https:\/\/modoviajeok.com.ar\/index.php\/2025\/12\/30\/el-verano-arranca-con-programas-integrales-de-promocion-asistencia-y-experiencias-innovadoras\/"]}]},{"@type":"ImageObject","inLanguage":"es","@id":"https:\/\/modoviajeok.com.ar\/index.php\/2025\/12\/30\/el-verano-arranca-con-programas-integrales-de-promocion-asistencia-y-experiencias-innovadoras\/#primaryimage","url":"https:\/\/modoviajeok.com.ar\/wp-content\/uploads\/2025\/12\/IMG-20211218-WA0023-1.jpg","contentUrl":"https:\/\/modoviajeok.com.ar\/wp-content\/uploads\/2025\/12\/IMG-20211218-WA0023-1.jpg","width":1200,"height":1600},{"@type":"BreadcrumbList","@id":"https:\/\/modoviajeok.com.ar\/index.php\/2025\/12\/30\/el-verano-arranca-con-programas-integrales-de-promocion-asistencia-y-experiencias-innovadoras\/#breadcrumb","itemListElement":[{"@type":"ListItem","position":1,"name":"Portada","item":"https:\/\/modoviajeok.com.ar\/"},{"@type":"ListItem","position":2,"name":"El verano arranca con programas integrales de promoci\u00f3n, asistencia y experiencias innovadoras"}]},{"@type":"WebSite","@id":"https:\/\/modoviajeok.com.ar\/#website","url":"https:\/\/modoviajeok.com.ar\/","name":"ModoViajeOK","description":"","publisher":{"@id":"https:\/\/modoviajeok.com.ar\/#organization"},"potentialAction":[{"@type":"SearchAction","target":{"@type":"EntryPoint","urlTemplate":"https:\/\/modoviajeok.com.ar\/?s={search_term_string}"},"query-input":{"@type":"PropertyValueSpecification","valueRequired":true,"valueName":"search_term_string"}}],"inLanguage":"es"},{"@type":"Organization","@id":"https:\/\/modoviajeok.com.ar\/#organization","name":"ModoViajeOK","url":"https:\/\/modoviajeok.com.ar\/","logo":{"@type":"ImageObject","inLanguage":"es","@id":"https:\/\/modoviajeok.com.ar\/#\/schema\/logo\/image\/","url":"https:\/\/modoviajeok.com.ar\/wp-content\/uploads\/2025\/01\/Logo-modoviajeok.png","contentUrl":"https:\/\/modoviajeok.com.ar\/wp-content\/uploads\/2025\/01\/Logo-modoviajeok.png","width":2938,"height":2276,"caption":"ModoViajeOK"},"image":{"@id":"https:\/\/modoviajeok.com.ar\/#\/schema\/logo\/image\/"},"sameAs":["https:\/\/www.facebook.com\/mariana.otero1\/","https:\/\/www.instagram.com\/modoviaje.ok\/"]},{"@type":"Person","@id":"https:\/\/modoviajeok.com.ar\/#\/schema\/person\/2e299ed0d3d412a01d244fe28260d7f5","name":"Pepe Segura","image":{"@type":"ImageObject","inLanguage":"es","@id":"https:\/\/modoviajeok.com.ar\/#\/schema\/person\/image\/","url":"https:\/\/secure.gravatar.com\/avatar\/65eb4b34deed761327f5b2c5535b987318ae807900ac46426de7258f5de6d345?s=96&d=mm&r=g","contentUrl":"https:\/\/secure.gravatar.com\/avatar\/65eb4b34deed761327f5b2c5535b987318ae807900ac46426de7258f5de6d345?s=96&d=mm&r=g","caption":"Pepe Segura"},"url":"https:\/\/modoviajeok.com.ar\/index.php\/author\/pepe2025\/"}]}},"_links":{"self":[{"href":"https:\/\/modoviajeok.com.ar\/index.php\/wp-json\/wp\/v2\/posts\/7079","targetHints":{"allow":["GET"]}}],"collection":[{"href":"https:\/\/modoviajeok.com.ar\/index.php\/wp-json\/wp\/v2\/posts"}],"about":[{"href":"https:\/\/modoviajeok.com.ar\/index.php\/wp-json\/wp\/v2\/types\/post"}],"author":[{"embeddable":true,"href":"https:\/\/modoviajeok.com.ar\/index.php\/wp-json\/wp\/v2\/users\/3"}],"replies":[{"embeddable":true,"href":"https:\/\/modoviajeok.com.ar\/index.php\/wp-json\/wp\/v2\/comments?post=7079"}],"version-history":[{"count":1,"href":"https:\/\/modoviajeok.com.ar\/index.php\/wp-json\/wp\/v2\/posts\/7079\/revisions"}],"predecessor-version":[{"id":7082,"href":"https:\/\/modoviajeok.com.ar\/index.php\/wp-json\/wp\/v2\/posts\/7079\/revisions\/7082"}],"wp:featuredmedia":[{"embeddable":true,"href":"https:\/\/modoviajeok.com.ar\/index.php\/wp-json\/wp\/v2\/media\/7081"}],"wp:attachment":[{"href":"https:\/\/modoviajeok.com.ar\/index.php\/wp-json\/wp\/v2\/media?parent=7079"}],"wp:term":[{"taxonomy":"category","embeddable":true,"href":"https:\/\/modoviajeok.com.ar\/index.php\/wp-json\/wp\/v2\/categories?post=7079"},{"taxonomy":"post_tag","embeddable":true,"href":"https:\/\/modoviajeok.com.ar\/index.php\/wp-json\/wp\/v2\/tags?post=7079"}],"curies":[{"name":"wp","href":"https:\/\/api.w.org\/{rel}","templated":true}]}}