{"id":7083,"date":"2026-01-02T09:18:38","date_gmt":"2026-01-02T12:18:38","guid":{"rendered":"https:\/\/modoviajeok.com.ar\/?p=7083"},"modified":"2026-01-02T14:16:24","modified_gmt":"2026-01-02T17:16:24","slug":"entre-ano-nuevo-y-el-primer-fin-de-semana-de-enero-se-movilizaran-por-cordoba-mas-de-medio-millon-de-turistas","status":"publish","type":"post","link":"https:\/\/modoviajeok.com.ar\/index.php\/2026\/01\/02\/entre-ano-nuevo-y-el-primer-fin-de-semana-de-enero-se-movilizaran-por-cordoba-mas-de-medio-millon-de-turistas\/","title":{"rendered":"Entre A\u00f1o Nuevo y el primer fin de semana de enero se movilizar\u00e1n por C\u00f3rdoba m\u00e1s de medio mill\u00f3n de turistas"},"content":{"rendered":"\n<p><\/p>\n\n\n\n<figure class=\"wp-block-pullquote\"><blockquote><p>Seg\u00fan el Departamento de Estad\u00edsticas de la Agencia C\u00f3rdoba Turismo, para el A\u00f1o Nuevo, Villa Carlos Paz tuvo una ocupaci\u00f3n del 85 por ciento, y de cara al fin de semana tiene un 47% de reservas, con hoteles superiores -en algunos casos- al 95%, La Falda (A\u00f1o Nuevo 100% y finde pr\u00f3ximo 65%)<\/p><\/blockquote><\/figure>\n\n\n\n<p>El final de diciembre y los primeros d\u00edas del a\u00f1o dejar\u00e1n n\u00fameros positivos para el turismo cordob\u00e9s: entre ocupaci\u00f3n, reservas y las proyecciones, m\u00e1s de 500 mil personas visitar\u00e1n la provincia de C\u00f3rdoba.<\/p>\n\n\n\n<p>\u201cLos n\u00fameros son m\u00e1s que positivos. Despu\u00e9s de un diciembre hist\u00f3rico este movimiento incesante que vemos por las rutas de la provincia nos entusiasman much\u00edsimo\u201d, expres\u00f3 Dar\u00edo Capitani, presidente de la Agencia C\u00f3rdoba Turismo.<\/p>\n\n\n\n<p>Capitani resalt\u00f3 que el comportamiento de \u201cescapadas\u201d y las estad\u00edas promedio de entre 3 y 5 d\u00edas ser\u00e1n la constante para este verano cordob\u00e9s. \u201cEl recambio es din\u00e1mico y el turista -no solo en C\u00f3rdoba sino en el mundo- se moviliza hoy con resera o sin ella. Sobre esto \u00faltimo, influyen cuestiones como el clima, la posibilidad de conseguir promociones y\/o ofertas en el mismo mostrador donde van a alojarse\u201d.<\/p>\n\n\n\n<p>Seg\u00fan el Departamento de Estad\u00edsticas de la Agencia C\u00f3rdoba Turismo, para el A\u00f1o Nuevo, Villa Carlos Paz tuvo una ocupaci\u00f3n del 85 por ciento, y de cara al fin de semana tiene un 47% de reservas, con hoteles superiores -en algunos casos- al 95%, La Falda (A\u00f1o Nuevo 100% y finde pr\u00f3ximo 65%). La localidad de Nono, un 80% y un 64% de cara al s\u00e1bado y domingo; Villa las Rosas al 92% y 55%.<\/p>\n\n\n\n<p>En Santa Rosa de Calamuchita, la estad\u00eda para A\u00f1o Nuevo alcanz\u00f3 el 80% y s\u00e1bado y domingo es del 65%, en tanto que Villa General Belgrano registr\u00f3 un 80% de ocupaci\u00f3n. Por otra parte -tanto Miramar como Balnearia- superaron el 90% de ocupaci\u00f3n en sus alojamientos, y cuentan con un 75% de reservas.<\/p>\n\n\n\n<p>\u201cNo tenemos dudas que esta temporada ser\u00e1 superior a la anterior y que C\u00f3rdoba ser\u00e1 la provincia m\u00e1s elegida de todo el pa\u00eds en este verano 2026 que ya empez\u00f3 con todo\u201d, asegur\u00f3 Capitani.<\/p>\n\n\n\n<p>En su mayor\u00eda, los turistas y visitantes provienen principalmente de Ciudad Aut\u00f3noma de Buenos Aires (CABA), provincia de Buenos Aires, Santa Fe, Mendoza, San Juan, Entre R\u00edos; y en menor medida del norte y sur de nuestro pa\u00eds.<\/p>\n\n\n      <div class=\"wp_bannerize_container wp_bannerize_layout_vertical\">\n\n        <div class=\"wp_bannerize_banner_box wp_bannerize_category_intertexto-1\" data-title=\"Modo viaje\" data-mime_type=\"image-gif\" data-banner_id=\"1783\" id=\"wpbanner-1783\" data-impressions_enabled=\"true\" data-clicks_enabled=\"true\"><a href=\"https:\/\/www.instagram.com\/modoviaje.ok?igsh=Z3c5emxsZWFtdXN3\"><img decoding=\"async\" border=\"0\" src=\"https:\/\/modoviajeok.com.ar\/wp-content\/uploads\/2025\/02\/modoviaje.ok-300-x-250-px.gif\" alt=\"Modo viaje\" title=\"Modo viaje\" \/><\/a><\/div>      <\/div>\n\n\n\n\n\n<p><\/p>\n\n\n\n\n\n<p><\/p>\n","protected":false},"excerpt":{"rendered":"<p>Seg\u00fan el Departamento de Estad\u00edsticas de la Agencia C\u00f3rdoba Turismo, para el A\u00f1o Nuevo, Villa Carlos Paz tuvo una ocupaci\u00f3n del 85 por ciento, y de cara al fin de semana tiene un 47% de reservas, con hoteles superiores -en algunos casos- al 95%, La Falda (A\u00f1o Nuevo 100% y finde pr\u00f3ximo 65%) El final [&hellip;]<\/p>\n","protected":false},"author":3,"featured_media":7084,"comment_status":"open","ping_status":"open","sticky":false,"template":"","format":"standard","meta":{"_acf_changed":false,"footnotes":""},"categories":[11,10],"tags":[345,1480,1478],"class_list":{"0":"post-7083","1":"post","2":"type-post","3":"status-publish","4":"format-standard","5":"has-post-thumbnail","7":"category-cordoba","8":"category-noticias","9":"tag-agencia-cordoba-turismo-2","10":"tag-primer-finde-largo-de-enero","11":"tag-villa-casrlos-paz"},"acf":[],"yoast_head":"<!-- This site is optimized with the Yoast SEO plugin v24.8.1 - https:\/\/yoast.com\/wordpress\/plugins\/seo\/ -->\n<title>Entre A\u00f1o Nuevo y el primer fin de semana de enero se movilizar\u00e1n por C\u00f3rdoba m\u00e1s de medio mill\u00f3n de turistas -<\/title>\n<meta name=\"robots\" content=\"index, follow, max-snippet:-1, max-image-preview:large, max-video-preview:-1\" \/>\n<link rel=\"canonical\" href=\"https:\/\/modoviajeok.com.ar\/index.php\/2026\/01\/02\/entre-ano-nuevo-y-el-primer-fin-de-semana-de-enero-se-movilizaran-por-cordoba-mas-de-medio-millon-de-turistas\/\" \/>\n<meta property=\"og:locale\" content=\"es_ES\" \/>\n<meta property=\"og:type\" content=\"article\" \/>\n<meta property=\"og:title\" content=\"Entre A\u00f1o Nuevo y el primer fin de semana de enero se movilizar\u00e1n por C\u00f3rdoba m\u00e1s de medio mill\u00f3n de turistas -\" \/>\n<meta property=\"og:description\" content=\"Seg\u00fan el Departamento de Estad\u00edsticas de la Agencia C\u00f3rdoba Turismo, para el A\u00f1o Nuevo, Villa Carlos Paz tuvo una ocupaci\u00f3n del 85 por ciento, y de cara al fin de semana tiene un 47% de reservas, con hoteles superiores -en algunos casos- al 95%, La Falda (A\u00f1o Nuevo 100% y finde pr\u00f3ximo 65%) El final [&hellip;]\" \/>\n<meta property=\"og:url\" content=\"https:\/\/modoviajeok.com.ar\/index.php\/2026\/01\/02\/entre-ano-nuevo-y-el-primer-fin-de-semana-de-enero-se-movilizaran-por-cordoba-mas-de-medio-millon-de-turistas\/\" \/>\n<meta property=\"article:publisher\" content=\"https:\/\/www.facebook.com\/mariana.otero1\/\" \/>\n<meta property=\"article:published_time\" content=\"2026-01-02T12:18:38+00:00\" \/>\n<meta property=\"article:modified_time\" content=\"2026-01-02T17:16:24+00:00\" \/>\n<meta property=\"og:image\" content=\"https:\/\/modoviajeok.com.ar\/wp-content\/uploads\/2026\/01\/WhatsApp-Image-2026-01-01-at-16.41.07.jpeg\" \/>\n\t<meta property=\"og:image:width\" content=\"1600\" \/>\n\t<meta property=\"og:image:height\" content=\"1210\" \/>\n\t<meta property=\"og:image:type\" content=\"image\/jpeg\" \/>\n<meta name=\"author\" content=\"Pepe Segura\" \/>\n<meta name=\"twitter:card\" content=\"summary_large_image\" \/>\n<meta name=\"twitter:label1\" content=\"Escrito por\" \/>\n\t<meta name=\"twitter:data1\" content=\"Pepe Segura\" \/>\n\t<meta name=\"twitter:label2\" content=\"Tiempo de lectura\" \/>\n\t<meta name=\"twitter:data2\" content=\"2 minutos\" \/>\n<script type=\"application\/ld+json\" class=\"yoast-schema-graph\">{\"@context\":\"https:\/\/schema.org\",\"@graph\":[{\"@type\":\"Article\",\"@id\":\"https:\/\/modoviajeok.com.ar\/index.php\/2026\/01\/02\/entre-ano-nuevo-y-el-primer-fin-de-semana-de-enero-se-movilizaran-por-cordoba-mas-de-medio-millon-de-turistas\/#article\",\"isPartOf\":{\"@id\":\"https:\/\/modoviajeok.com.ar\/index.php\/2026\/01\/02\/entre-ano-nuevo-y-el-primer-fin-de-semana-de-enero-se-movilizaran-por-cordoba-mas-de-medio-millon-de-turistas\/\"},\"author\":{\"name\":\"Pepe Segura\",\"@id\":\"https:\/\/modoviajeok.com.ar\/#\/schema\/person\/2e299ed0d3d412a01d244fe28260d7f5\"},\"headline\":\"Entre A\u00f1o Nuevo y el primer fin de semana de enero se movilizar\u00e1n por C\u00f3rdoba m\u00e1s de medio mill\u00f3n de turistas\",\"datePublished\":\"2026-01-02T12:18:38+00:00\",\"dateModified\":\"2026-01-02T17:16:24+00:00\",\"mainEntityOfPage\":{\"@id\":\"https:\/\/modoviajeok.com.ar\/index.php\/2026\/01\/02\/entre-ano-nuevo-y-el-primer-fin-de-semana-de-enero-se-movilizaran-por-cordoba-mas-de-medio-millon-de-turistas\/\"},\"wordCount\":450,\"commentCount\":0,\"publisher\":{\"@id\":\"https:\/\/modoviajeok.com.ar\/#organization\"},\"image\":{\"@id\":\"https:\/\/modoviajeok.com.ar\/index.php\/2026\/01\/02\/entre-ano-nuevo-y-el-primer-fin-de-semana-de-enero-se-movilizaran-por-cordoba-mas-de-medio-millon-de-turistas\/#primaryimage\"},\"thumbnailUrl\":\"https:\/\/modoviajeok.com.ar\/wp-content\/uploads\/2026\/01\/WhatsApp-Image-2026-01-01-at-16.41.07.jpeg\",\"keywords\":[\"agencia cordoba turismo\",\"primer finde largo de enero\",\"villa casrlos paz\"],\"articleSection\":[\"C\u00f3rdoba\",\"Noticias\"],\"inLanguage\":\"es\",\"potentialAction\":[{\"@type\":\"CommentAction\",\"name\":\"Comment\",\"target\":[\"https:\/\/modoviajeok.com.ar\/index.php\/2026\/01\/02\/entre-ano-nuevo-y-el-primer-fin-de-semana-de-enero-se-movilizaran-por-cordoba-mas-de-medio-millon-de-turistas\/#respond\"]}]},{\"@type\":\"WebPage\",\"@id\":\"https:\/\/modoviajeok.com.ar\/index.php\/2026\/01\/02\/entre-ano-nuevo-y-el-primer-fin-de-semana-de-enero-se-movilizaran-por-cordoba-mas-de-medio-millon-de-turistas\/\",\"url\":\"https:\/\/modoviajeok.com.ar\/index.php\/2026\/01\/02\/entre-ano-nuevo-y-el-primer-fin-de-semana-de-enero-se-movilizaran-por-cordoba-mas-de-medio-millon-de-turistas\/\",\"name\":\"Entre A\u00f1o Nuevo y el primer fin de semana de enero se movilizar\u00e1n por C\u00f3rdoba m\u00e1s de medio mill\u00f3n de turistas -\",\"isPartOf\":{\"@id\":\"https:\/\/modoviajeok.com.ar\/#website\"},\"primaryImageOfPage\":{\"@id\":\"https:\/\/modoviajeok.com.ar\/index.php\/2026\/01\/02\/entre-ano-nuevo-y-el-primer-fin-de-semana-de-enero-se-movilizaran-por-cordoba-mas-de-medio-millon-de-turistas\/#primaryimage\"},\"image\":{\"@id\":\"https:\/\/modoviajeok.com.ar\/index.php\/2026\/01\/02\/entre-ano-nuevo-y-el-primer-fin-de-semana-de-enero-se-movilizaran-por-cordoba-mas-de-medio-millon-de-turistas\/#primaryimage\"},\"thumbnailUrl\":\"https:\/\/modoviajeok.com.ar\/wp-content\/uploads\/2026\/01\/WhatsApp-Image-2026-01-01-at-16.41.07.jpeg\",\"datePublished\":\"2026-01-02T12:18:38+00:00\",\"dateModified\":\"2026-01-02T17:16:24+00:00\",\"breadcrumb\":{\"@id\":\"https:\/\/modoviajeok.com.ar\/index.php\/2026\/01\/02\/entre-ano-nuevo-y-el-primer-fin-de-semana-de-enero-se-movilizaran-por-cordoba-mas-de-medio-millon-de-turistas\/#breadcrumb\"},\"inLanguage\":\"es\",\"potentialAction\":[{\"@type\":\"ReadAction\",\"target\":[\"https:\/\/modoviajeok.com.ar\/index.php\/2026\/01\/02\/entre-ano-nuevo-y-el-primer-fin-de-semana-de-enero-se-movilizaran-por-cordoba-mas-de-medio-millon-de-turistas\/\"]}]},{\"@type\":\"ImageObject\",\"inLanguage\":\"es\",\"@id\":\"https:\/\/modoviajeok.com.ar\/index.php\/2026\/01\/02\/entre-ano-nuevo-y-el-primer-fin-de-semana-de-enero-se-movilizaran-por-cordoba-mas-de-medio-millon-de-turistas\/#primaryimage\",\"url\":\"https:\/\/modoviajeok.com.ar\/wp-content\/uploads\/2026\/01\/WhatsApp-Image-2026-01-01-at-16.41.07.jpeg\",\"contentUrl\":\"https:\/\/modoviajeok.com.ar\/wp-content\/uploads\/2026\/01\/WhatsApp-Image-2026-01-01-at-16.41.07.jpeg\",\"width\":1600,\"height\":1210},{\"@type\":\"BreadcrumbList\",\"@id\":\"https:\/\/modoviajeok.com.ar\/index.php\/2026\/01\/02\/entre-ano-nuevo-y-el-primer-fin-de-semana-de-enero-se-movilizaran-por-cordoba-mas-de-medio-millon-de-turistas\/#breadcrumb\",\"itemListElement\":[{\"@type\":\"ListItem\",\"position\":1,\"name\":\"Portada\",\"item\":\"https:\/\/modoviajeok.com.ar\/\"},{\"@type\":\"ListItem\",\"position\":2,\"name\":\"Entre A\u00f1o Nuevo y el primer fin de semana de enero se movilizar\u00e1n por C\u00f3rdoba m\u00e1s de medio mill\u00f3n de turistas\"}]},{\"@type\":\"WebSite\",\"@id\":\"https:\/\/modoviajeok.com.ar\/#website\",\"url\":\"https:\/\/modoviajeok.com.ar\/\",\"name\":\"ModoViajeOK\",\"description\":\"\",\"publisher\":{\"@id\":\"https:\/\/modoviajeok.com.ar\/#organization\"},\"potentialAction\":[{\"@type\":\"SearchAction\",\"target\":{\"@type\":\"EntryPoint\",\"urlTemplate\":\"https:\/\/modoviajeok.com.ar\/?s={search_term_string}\"},\"query-input\":{\"@type\":\"PropertyValueSpecification\",\"valueRequired\":true,\"valueName\":\"search_term_string\"}}],\"inLanguage\":\"es\"},{\"@type\":\"Organization\",\"@id\":\"https:\/\/modoviajeok.com.ar\/#organization\",\"name\":\"ModoViajeOK\",\"url\":\"https:\/\/modoviajeok.com.ar\/\",\"logo\":{\"@type\":\"ImageObject\",\"inLanguage\":\"es\",\"@id\":\"https:\/\/modoviajeok.com.ar\/#\/schema\/logo\/image\/\",\"url\":\"https:\/\/modoviajeok.com.ar\/wp-content\/uploads\/2025\/01\/Logo-modoviajeok.png\",\"contentUrl\":\"https:\/\/modoviajeok.com.ar\/wp-content\/uploads\/2025\/01\/Logo-modoviajeok.png\",\"width\":2938,\"height\":2276,\"caption\":\"ModoViajeOK\"},\"image\":{\"@id\":\"https:\/\/modoviajeok.com.ar\/#\/schema\/logo\/image\/\"},\"sameAs\":[\"https:\/\/www.facebook.com\/mariana.otero1\/\",\"https:\/\/www.instagram.com\/modoviaje.ok\/\"]},{\"@type\":\"Person\",\"@id\":\"https:\/\/modoviajeok.com.ar\/#\/schema\/person\/2e299ed0d3d412a01d244fe28260d7f5\",\"name\":\"Pepe Segura\",\"image\":{\"@type\":\"ImageObject\",\"inLanguage\":\"es\",\"@id\":\"https:\/\/modoviajeok.com.ar\/#\/schema\/person\/image\/\",\"url\":\"https:\/\/secure.gravatar.com\/avatar\/65eb4b34deed761327f5b2c5535b987318ae807900ac46426de7258f5de6d345?s=96&d=mm&r=g\",\"contentUrl\":\"https:\/\/secure.gravatar.com\/avatar\/65eb4b34deed761327f5b2c5535b987318ae807900ac46426de7258f5de6d345?s=96&d=mm&r=g\",\"caption\":\"Pepe Segura\"},\"url\":\"https:\/\/modoviajeok.com.ar\/index.php\/author\/pepe2025\/\"}]}<\/script>\n<!-- \/ Yoast SEO plugin. -->","yoast_head_json":{"title":"Entre A\u00f1o Nuevo y el primer fin de semana de enero se movilizar\u00e1n por C\u00f3rdoba m\u00e1s de medio mill\u00f3n de turistas -","robots":{"index":"index","follow":"follow","max-snippet":"max-snippet:-1","max-image-preview":"max-image-preview:large","max-video-preview":"max-video-preview:-1"},"canonical":"https:\/\/modoviajeok.com.ar\/index.php\/2026\/01\/02\/entre-ano-nuevo-y-el-primer-fin-de-semana-de-enero-se-movilizaran-por-cordoba-mas-de-medio-millon-de-turistas\/","og_locale":"es_ES","og_type":"article","og_title":"Entre A\u00f1o Nuevo y el primer fin de semana de enero se movilizar\u00e1n por C\u00f3rdoba m\u00e1s de medio mill\u00f3n de turistas -","og_description":"Seg\u00fan el Departamento de Estad\u00edsticas de la Agencia C\u00f3rdoba Turismo, para el A\u00f1o Nuevo, Villa Carlos Paz tuvo una ocupaci\u00f3n del 85 por ciento, y de cara al fin de semana tiene un 47% de reservas, con hoteles superiores -en algunos casos- al 95%, La Falda (A\u00f1o Nuevo 100% y finde pr\u00f3ximo 65%) El final [&hellip;]","og_url":"https:\/\/modoviajeok.com.ar\/index.php\/2026\/01\/02\/entre-ano-nuevo-y-el-primer-fin-de-semana-de-enero-se-movilizaran-por-cordoba-mas-de-medio-millon-de-turistas\/","article_publisher":"https:\/\/www.facebook.com\/mariana.otero1\/","article_published_time":"2026-01-02T12:18:38+00:00","article_modified_time":"2026-01-02T17:16:24+00:00","og_image":[{"width":1600,"height":1210,"url":"https:\/\/modoviajeok.com.ar\/wp-content\/uploads\/2026\/01\/WhatsApp-Image-2026-01-01-at-16.41.07.jpeg","type":"image\/jpeg"}],"author":"Pepe Segura","twitter_card":"summary_large_image","twitter_misc":{"Escrito por":"Pepe Segura","Tiempo de lectura":"2 minutos"},"schema":{"@context":"https:\/\/schema.org","@graph":[{"@type":"Article","@id":"https:\/\/modoviajeok.com.ar\/index.php\/2026\/01\/02\/entre-ano-nuevo-y-el-primer-fin-de-semana-de-enero-se-movilizaran-por-cordoba-mas-de-medio-millon-de-turistas\/#article","isPartOf":{"@id":"https:\/\/modoviajeok.com.ar\/index.php\/2026\/01\/02\/entre-ano-nuevo-y-el-primer-fin-de-semana-de-enero-se-movilizaran-por-cordoba-mas-de-medio-millon-de-turistas\/"},"author":{"name":"Pepe Segura","@id":"https:\/\/modoviajeok.com.ar\/#\/schema\/person\/2e299ed0d3d412a01d244fe28260d7f5"},"headline":"Entre A\u00f1o Nuevo y el primer fin de semana de enero se movilizar\u00e1n por C\u00f3rdoba m\u00e1s de medio mill\u00f3n de turistas","datePublished":"2026-01-02T12:18:38+00:00","dateModified":"2026-01-02T17:16:24+00:00","mainEntityOfPage":{"@id":"https:\/\/modoviajeok.com.ar\/index.php\/2026\/01\/02\/entre-ano-nuevo-y-el-primer-fin-de-semana-de-enero-se-movilizaran-por-cordoba-mas-de-medio-millon-de-turistas\/"},"wordCount":450,"commentCount":0,"publisher":{"@id":"https:\/\/modoviajeok.com.ar\/#organization"},"image":{"@id":"https:\/\/modoviajeok.com.ar\/index.php\/2026\/01\/02\/entre-ano-nuevo-y-el-primer-fin-de-semana-de-enero-se-movilizaran-por-cordoba-mas-de-medio-millon-de-turistas\/#primaryimage"},"thumbnailUrl":"https:\/\/modoviajeok.com.ar\/wp-content\/uploads\/2026\/01\/WhatsApp-Image-2026-01-01-at-16.41.07.jpeg","keywords":["agencia cordoba turismo","primer finde largo de enero","villa casrlos paz"],"articleSection":["C\u00f3rdoba","Noticias"],"inLanguage":"es","potentialAction":[{"@type":"CommentAction","name":"Comment","target":["https:\/\/modoviajeok.com.ar\/index.php\/2026\/01\/02\/entre-ano-nuevo-y-el-primer-fin-de-semana-de-enero-se-movilizaran-por-cordoba-mas-de-medio-millon-de-turistas\/#respond"]}]},{"@type":"WebPage","@id":"https:\/\/modoviajeok.com.ar\/index.php\/2026\/01\/02\/entre-ano-nuevo-y-el-primer-fin-de-semana-de-enero-se-movilizaran-por-cordoba-mas-de-medio-millon-de-turistas\/","url":"https:\/\/modoviajeok.com.ar\/index.php\/2026\/01\/02\/entre-ano-nuevo-y-el-primer-fin-de-semana-de-enero-se-movilizaran-por-cordoba-mas-de-medio-millon-de-turistas\/","name":"Entre A\u00f1o Nuevo y el primer fin de semana de enero se movilizar\u00e1n por C\u00f3rdoba m\u00e1s de medio mill\u00f3n de turistas -","isPartOf":{"@id":"https:\/\/modoviajeok.com.ar\/#website"},"primaryImageOfPage":{"@id":"https:\/\/modoviajeok.com.ar\/index.php\/2026\/01\/02\/entre-ano-nuevo-y-el-primer-fin-de-semana-de-enero-se-movilizaran-por-cordoba-mas-de-medio-millon-de-turistas\/#primaryimage"},"image":{"@id":"https:\/\/modoviajeok.com.ar\/index.php\/2026\/01\/02\/entre-ano-nuevo-y-el-primer-fin-de-semana-de-enero-se-movilizaran-por-cordoba-mas-de-medio-millon-de-turistas\/#primaryimage"},"thumbnailUrl":"https:\/\/modoviajeok.com.ar\/wp-content\/uploads\/2026\/01\/WhatsApp-Image-2026-01-01-at-16.41.07.jpeg","datePublished":"2026-01-02T12:18:38+00:00","dateModified":"2026-01-02T17:16:24+00:00","breadcrumb":{"@id":"https:\/\/modoviajeok.com.ar\/index.php\/2026\/01\/02\/entre-ano-nuevo-y-el-primer-fin-de-semana-de-enero-se-movilizaran-por-cordoba-mas-de-medio-millon-de-turistas\/#breadcrumb"},"inLanguage":"es","potentialAction":[{"@type":"ReadAction","target":["https:\/\/modoviajeok.com.ar\/index.php\/2026\/01\/02\/entre-ano-nuevo-y-el-primer-fin-de-semana-de-enero-se-movilizaran-por-cordoba-mas-de-medio-millon-de-turistas\/"]}]},{"@type":"ImageObject","inLanguage":"es","@id":"https:\/\/modoviajeok.com.ar\/index.php\/2026\/01\/02\/entre-ano-nuevo-y-el-primer-fin-de-semana-de-enero-se-movilizaran-por-cordoba-mas-de-medio-millon-de-turistas\/#primaryimage","url":"https:\/\/modoviajeok.com.ar\/wp-content\/uploads\/2026\/01\/WhatsApp-Image-2026-01-01-at-16.41.07.jpeg","contentUrl":"https:\/\/modoviajeok.com.ar\/wp-content\/uploads\/2026\/01\/WhatsApp-Image-2026-01-01-at-16.41.07.jpeg","width":1600,"height":1210},{"@type":"BreadcrumbList","@id":"https:\/\/modoviajeok.com.ar\/index.php\/2026\/01\/02\/entre-ano-nuevo-y-el-primer-fin-de-semana-de-enero-se-movilizaran-por-cordoba-mas-de-medio-millon-de-turistas\/#breadcrumb","itemListElement":[{"@type":"ListItem","position":1,"name":"Portada","item":"https:\/\/modoviajeok.com.ar\/"},{"@type":"ListItem","position":2,"name":"Entre A\u00f1o Nuevo y el primer fin de semana de enero se movilizar\u00e1n por C\u00f3rdoba m\u00e1s de medio mill\u00f3n de turistas"}]},{"@type":"WebSite","@id":"https:\/\/modoviajeok.com.ar\/#website","url":"https:\/\/modoviajeok.com.ar\/","name":"ModoViajeOK","description":"","publisher":{"@id":"https:\/\/modoviajeok.com.ar\/#organization"},"potentialAction":[{"@type":"SearchAction","target":{"@type":"EntryPoint","urlTemplate":"https:\/\/modoviajeok.com.ar\/?s={search_term_string}"},"query-input":{"@type":"PropertyValueSpecification","valueRequired":true,"valueName":"search_term_string"}}],"inLanguage":"es"},{"@type":"Organization","@id":"https:\/\/modoviajeok.com.ar\/#organization","name":"ModoViajeOK","url":"https:\/\/modoviajeok.com.ar\/","logo":{"@type":"ImageObject","inLanguage":"es","@id":"https:\/\/modoviajeok.com.ar\/#\/schema\/logo\/image\/","url":"https:\/\/modoviajeok.com.ar\/wp-content\/uploads\/2025\/01\/Logo-modoviajeok.png","contentUrl":"https:\/\/modoviajeok.com.ar\/wp-content\/uploads\/2025\/01\/Logo-modoviajeok.png","width":2938,"height":2276,"caption":"ModoViajeOK"},"image":{"@id":"https:\/\/modoviajeok.com.ar\/#\/schema\/logo\/image\/"},"sameAs":["https:\/\/www.facebook.com\/mariana.otero1\/","https:\/\/www.instagram.com\/modoviaje.ok\/"]},{"@type":"Person","@id":"https:\/\/modoviajeok.com.ar\/#\/schema\/person\/2e299ed0d3d412a01d244fe28260d7f5","name":"Pepe Segura","image":{"@type":"ImageObject","inLanguage":"es","@id":"https:\/\/modoviajeok.com.ar\/#\/schema\/person\/image\/","url":"https:\/\/secure.gravatar.com\/avatar\/65eb4b34deed761327f5b2c5535b987318ae807900ac46426de7258f5de6d345?s=96&d=mm&r=g","contentUrl":"https:\/\/secure.gravatar.com\/avatar\/65eb4b34deed761327f5b2c5535b987318ae807900ac46426de7258f5de6d345?s=96&d=mm&r=g","caption":"Pepe Segura"},"url":"https:\/\/modoviajeok.com.ar\/index.php\/author\/pepe2025\/"}]}},"_links":{"self":[{"href":"https:\/\/modoviajeok.com.ar\/index.php\/wp-json\/wp\/v2\/posts\/7083","targetHints":{"allow":["GET"]}}],"collection":[{"href":"https:\/\/modoviajeok.com.ar\/index.php\/wp-json\/wp\/v2\/posts"}],"about":[{"href":"https:\/\/modoviajeok.com.ar\/index.php\/wp-json\/wp\/v2\/types\/post"}],"author":[{"embeddable":true,"href":"https:\/\/modoviajeok.com.ar\/index.php\/wp-json\/wp\/v2\/users\/3"}],"replies":[{"embeddable":true,"href":"https:\/\/modoviajeok.com.ar\/index.php\/wp-json\/wp\/v2\/comments?post=7083"}],"version-history":[{"count":2,"href":"https:\/\/modoviajeok.com.ar\/index.php\/wp-json\/wp\/v2\/posts\/7083\/revisions"}],"predecessor-version":[{"id":7087,"href":"https:\/\/modoviajeok.com.ar\/index.php\/wp-json\/wp\/v2\/posts\/7083\/revisions\/7087"}],"wp:featuredmedia":[{"embeddable":true,"href":"https:\/\/modoviajeok.com.ar\/index.php\/wp-json\/wp\/v2\/media\/7084"}],"wp:attachment":[{"href":"https:\/\/modoviajeok.com.ar\/index.php\/wp-json\/wp\/v2\/media?parent=7083"}],"wp:term":[{"taxonomy":"category","embeddable":true,"href":"https:\/\/modoviajeok.com.ar\/index.php\/wp-json\/wp\/v2\/categories?post=7083"},{"taxonomy":"post_tag","embeddable":true,"href":"https:\/\/modoviajeok.com.ar\/index.php\/wp-json\/wp\/v2\/tags?post=7083"}],"curies":[{"name":"wp","href":"https:\/\/api.w.org\/{rel}","templated":true}]}}