{"id":7140,"date":"2026-01-07T13:00:08","date_gmt":"2026-01-07T16:00:08","guid":{"rendered":"https:\/\/modoviajeok.com.ar\/?p=7140"},"modified":"2026-01-07T14:25:09","modified_gmt":"2026-01-07T17:25:09","slug":"el-2026-arranco-con-alta-ocupacion-hotelera-en-todo-el-pais","status":"publish","type":"post","link":"https:\/\/modoviajeok.com.ar\/index.php\/2026\/01\/07\/el-2026-arranco-con-alta-ocupacion-hotelera-en-todo-el-pais\/","title":{"rendered":"El 2026 arranc\u00f3 con alta ocupaci\u00f3n hotelera en todo el pa\u00eds"},"content":{"rendered":"\n<figure class=\"wp-block-pullquote\"><blockquote><p>Mar del Plata incrementa sus reservas con arribos de \u00faltimo momento. En Pinamar, Villa Carlos Paz y Las Grutas, superan el 90 por ciento. San Mart\u00edn de los Andes alcanz\u00f3 el 85 por ciento. La provincia de Misiones y Taf\u00ed del Valle registraron m\u00e1s del 75 por ciento.<br><\/p><\/blockquote><\/figure>\n\n\n\n<figure class=\"wp-block-image size-full\"><img loading=\"lazy\" decoding=\"async\" width=\"1600\" height=\"614\" src=\"https:\/\/modoviajeok.com.ar\/wp-content\/uploads\/2026\/01\/Mar-del-Plata-20261.jpeg\" alt=\"\" class=\"wp-image-7142\" srcset=\"https:\/\/modoviajeok.com.ar\/wp-content\/uploads\/2026\/01\/Mar-del-Plata-20261.jpeg 1600w, https:\/\/modoviajeok.com.ar\/wp-content\/uploads\/2026\/01\/Mar-del-Plata-20261-768x295.jpeg 768w, https:\/\/modoviajeok.com.ar\/wp-content\/uploads\/2026\/01\/Mar-del-Plata-20261-1536x589.jpeg 1536w, https:\/\/modoviajeok.com.ar\/wp-content\/uploads\/2026\/01\/Mar-del-Plata-20261-1094x420.jpeg 1094w, https:\/\/modoviajeok.com.ar\/wp-content\/uploads\/2026\/01\/Mar-del-Plata-20261-150x58.jpeg 150w, https:\/\/modoviajeok.com.ar\/wp-content\/uploads\/2026\/01\/Mar-del-Plata-20261-300x115.jpeg 300w, https:\/\/modoviajeok.com.ar\/wp-content\/uploads\/2026\/01\/Mar-del-Plata-20261-696x267.jpeg 696w, https:\/\/modoviajeok.com.ar\/wp-content\/uploads\/2026\/01\/Mar-del-Plata-20261-1068x410.jpeg 1068w\" sizes=\"auto, (max-width: 1600px) 100vw, 1600px\" \/><\/figure>\n\n\n\n<p><br><br>Mar del Plata incrementa sus reservas con arribos de \u00faltimo momento. En Pinamar, Villa Carlos Paz y Las Grutas, superan el 90 por ciento. San Mart\u00edn de los Andes alcanz\u00f3 el 85 por ciento. La provincia de Misiones y Taf\u00ed del Valle registraron m\u00e1s del 75 por ciento.<br><br>Alta ocupaci\u00f3n hotelera y para-hotelera se registr\u00f3 en los primeros d\u00edas del a\u00f1o en diversos destinos de todo el pa\u00eds, con niveles de entre el 75 y el 100 en ciudades emblem\u00e1ticas del turismo nacional en verano.<br><br>\u201cEstamos en el inicio de una temporada espectacular para todo el pa\u00eds, con millones de argentinos recorriendo tanto destinos tradicionales como otros que van surgiendo con fuerza. Y con todo lo que eso significa en cuanto a la generaci\u00f3n de puestos de trabajo genuinos y al impulso de las econom\u00edas regionales\u00bb, sostuvo el secretario de Turismo y Ambiente de la Naci\u00f3n, Daniel Scioli.<br><br>Mar del Plata super\u00f3 el 75 por ciento de ocupaci\u00f3n en los \u00faltimos d\u00edas de diciembre, con un piso de reservas cercano al 60 por ciento, para la primera semana de enero, porcentaje que se incrementa con las llegadas de \u00faltimo momento.<br><br>La ocupaci\u00f3n en Pinamar super\u00f3 el 80 por ciento de ocupaci\u00f3n, en tanto que la C\u00e1mara de Turismo de Caril\u00f3 asegur\u00f3 que el centro tur\u00edstico vive un inicio de temporada muy positivo, con 100 por ciento de ocupaci\u00f3n.<br><br>Mar de las Pampas tambi\u00e9n registr\u00f3 un arranque fuerte, con cifras superiores al 90 por ciento. En todo el partido de Villa Gesell, el promedio fue del 93 por ciento.<br><br>Monte Hermoso recibi\u00f3 el 2026 con ocupaci\u00f3n pr\u00e1cticamente plena, tanto en alojamientos hoteleros como extrahoteleros, inform\u00f3 el \u00e1rea de Turismo municipal, en tanto que Necochea, a trav\u00e9s de su Secretar\u00eda de Turismo y Desarrollo Productivo, indic\u00f3 que caba\u00f1as y aparts lograron 80 por ciento de ocupaci\u00f3n y las inmobiliarias dieron cuenta de picos del 90\/100 por ciento de ocupaci\u00f3n en los primeros d\u00edas del a\u00f1o.<br><br>En C\u00f3rdoba, Villa Carlos Paz tuvo un 90 por ciento de ocupaci\u00f3n en el inicio de temporada de verano seg\u00fan los datos aportados por la Secretar\u00eda de Turismo de esa ciudad, que anticip\u00f3 una temporada con un alto volumen de turistas. Por su parte, Miramar de Ansenuza, desde el \u00e1rea de Turismo, inform\u00f3 que inici\u00f3 el a\u00f1o con 92 por ciento de ocupaci\u00f3n.<br><br>En R\u00edo Negro, la Agencia de Turismo de San Antonio Oeste comunic\u00f3 un nivel del 94,6 por ciento en el inicio del a\u00f1o, mientras que Las Grutas logr\u00f3 porcentajes similares. En tanto, Bariloche registra una ocupaci\u00f3n de casi un 80 por ciento en la primera semana de enero.<br><br>En Neuqu\u00e9n, se registr\u00f3 alta actividad tur\u00edstica en San Mart\u00edn de los Andes, impulsada por la demanda espont\u00e1nea. Seg\u00fan datos oficiales del Ministerio de Turismo, Ambiente y Recursos Naturales de la provincia, la ciudad alcanz\u00f3 un 85 por ciento de ocupaci\u00f3n, en el marco de un inicio de temporada marcado por una alta afluencia de visitantes en todo el territorio provincial.<br><br>En Tucum\u00e1n, Taf\u00ed del Valle alcanz\u00f3 un 75 por ciento de ocupaci\u00f3n hotelera, mientras que San Javier lleg\u00f3 al 70 por ciento, cifras que confirman un arranque s\u00f3lido para el turismo interno y regional seg\u00fan datos del Ente Tucum\u00e1n Turismo.<br><br>Misiones registr\u00f3 hasta 70 por ciento de ocupaci\u00f3n hotelera y m\u00e1s de 5.000 ingresos diarios a Iguaz\u00fa, seg\u00fan el relevamiento del Ministerio de Turismo provincial. Hubo m\u00e1s de 5.000 ingresos diarios al Parque Nacional Iguaz\u00fa durante el \u00faltimo fin de semana. La actividad tambi\u00e9n marc\u00f3 un fuerte movimiento en la zona centro y en destinos como San Ignacio y el Salto del Tabay.<br><br>En Entre R\u00edos, desde la Municipalidad de Gualeguaych\u00fa se inform\u00f3 un 80 por ciento de ocupaci\u00f3n en el primer fin de semana del a\u00f1o, en tanto que fue destacado el impacto positivo del Carnaval del Pa\u00eds en el inicio de la temporada. Por su parte, el municipio de Col\u00f3n registr\u00f3 un 85 por ciento.<br><br>En Mendoza, San Rafael, uno de los destinos principales de la temporada de verano en la provincia, los n\u00fameros aportados por la Direcci\u00f3n de Turismo marcan que lo m\u00e1s buscado son las caba\u00f1as, especialmente en la zona de r\u00edos y naturaleza, con un promedio que llega al 82 por ciento de ocupaci\u00f3n.<\/p>\n\n\n      <div class=\"wp_bannerize_container wp_bannerize_layout_vertical\">\n\n        <div class=\"wp_bannerize_banner_box wp_bannerize_category_intertexto-1\" data-title=\"Modo viaje\" data-mime_type=\"image-gif\" data-banner_id=\"1783\" id=\"wpbanner-1783\" data-impressions_enabled=\"true\" data-clicks_enabled=\"true\"><a href=\"https:\/\/www.instagram.com\/modoviaje.ok?igsh=Z3c5emxsZWFtdXN3\"><img decoding=\"async\" border=\"0\" src=\"https:\/\/modoviajeok.com.ar\/wp-content\/uploads\/2025\/02\/modoviaje.ok-300-x-250-px.gif\" alt=\"Modo viaje\" title=\"Modo viaje\" \/><\/a><\/div>      <\/div>\n\n\n","protected":false},"excerpt":{"rendered":"<p>Mar del Plata incrementa sus reservas con arribos de \u00faltimo momento. En Pinamar, Villa Carlos Paz y Las Grutas, superan el 90 por ciento. San Mart\u00edn de los Andes alcanz\u00f3 el 85 por ciento. La provincia de Misiones y Taf\u00ed del Valle registraron m\u00e1s del 75 por ciento. Mar del Plata incrementa sus reservas con [&hellip;]<\/p>\n","protected":false},"author":3,"featured_media":7141,"comment_status":"open","ping_status":"open","sticky":false,"template":"","format":"standard","meta":{"_acf_changed":false,"footnotes":""},"categories":[13,10],"tags":[916,1503,1374,1106],"class_list":{"0":"post-7140","1":"post","2":"type-post","3":"status-publish","4":"format-standard","5":"has-post-thumbnail","7":"category-argentina","8":"category-noticias","9":"tag-las-grutas","10":"tag-pinamar","11":"tag-secretaria-de-turismo-de-la-nacion","12":"tag-villa-carlos-paz"},"acf":[],"yoast_head":"<!-- This site is optimized with the Yoast SEO plugin v24.8.1 - https:\/\/yoast.com\/wordpress\/plugins\/seo\/ -->\n<title>El 2026 arranc\u00f3 con alta ocupaci\u00f3n hotelera en todo el pa\u00eds -<\/title>\n<meta name=\"robots\" content=\"index, follow, max-snippet:-1, max-image-preview:large, max-video-preview:-1\" \/>\n<link rel=\"canonical\" href=\"https:\/\/modoviajeok.com.ar\/index.php\/2026\/01\/07\/el-2026-arranco-con-alta-ocupacion-hotelera-en-todo-el-pais\/\" \/>\n<meta property=\"og:locale\" content=\"es_ES\" \/>\n<meta property=\"og:type\" content=\"article\" \/>\n<meta property=\"og:title\" content=\"El 2026 arranc\u00f3 con alta ocupaci\u00f3n hotelera en todo el pa\u00eds -\" \/>\n<meta property=\"og:description\" content=\"Mar del Plata incrementa sus reservas con arribos de \u00faltimo momento. En Pinamar, Villa Carlos Paz y Las Grutas, superan el 90 por ciento. San Mart\u00edn de los Andes alcanz\u00f3 el 85 por ciento. La provincia de Misiones y Taf\u00ed del Valle registraron m\u00e1s del 75 por ciento. Mar del Plata incrementa sus reservas con [&hellip;]\" \/>\n<meta property=\"og:url\" content=\"https:\/\/modoviajeok.com.ar\/index.php\/2026\/01\/07\/el-2026-arranco-con-alta-ocupacion-hotelera-en-todo-el-pais\/\" \/>\n<meta property=\"article:publisher\" content=\"https:\/\/www.facebook.com\/mariana.otero1\/\" \/>\n<meta property=\"article:published_time\" content=\"2026-01-07T16:00:08+00:00\" \/>\n<meta property=\"article:modified_time\" content=\"2026-01-07T17:25:09+00:00\" \/>\n<meta property=\"og:image\" content=\"https:\/\/modoviajeok.com.ar\/wp-content\/uploads\/2026\/01\/Mar-del-Plata-20262.jpeg\" \/>\n\t<meta property=\"og:image:width\" content=\"1280\" \/>\n\t<meta property=\"og:image:height\" content=\"843\" \/>\n\t<meta property=\"og:image:type\" content=\"image\/jpeg\" \/>\n<meta name=\"author\" content=\"Pepe Segura\" \/>\n<meta name=\"twitter:card\" content=\"summary_large_image\" \/>\n<meta name=\"twitter:label1\" content=\"Escrito por\" \/>\n\t<meta name=\"twitter:data1\" content=\"Pepe Segura\" \/>\n\t<meta name=\"twitter:label2\" content=\"Tiempo de lectura\" \/>\n\t<meta name=\"twitter:data2\" content=\"4 minutos\" \/>\n<script type=\"application\/ld+json\" class=\"yoast-schema-graph\">{\"@context\":\"https:\/\/schema.org\",\"@graph\":[{\"@type\":\"Article\",\"@id\":\"https:\/\/modoviajeok.com.ar\/index.php\/2026\/01\/07\/el-2026-arranco-con-alta-ocupacion-hotelera-en-todo-el-pais\/#article\",\"isPartOf\":{\"@id\":\"https:\/\/modoviajeok.com.ar\/index.php\/2026\/01\/07\/el-2026-arranco-con-alta-ocupacion-hotelera-en-todo-el-pais\/\"},\"author\":{\"name\":\"Pepe Segura\",\"@id\":\"https:\/\/modoviajeok.com.ar\/#\/schema\/person\/2e299ed0d3d412a01d244fe28260d7f5\"},\"headline\":\"El 2026 arranc\u00f3 con alta ocupaci\u00f3n hotelera en todo el pa\u00eds\",\"datePublished\":\"2026-01-07T16:00:08+00:00\",\"dateModified\":\"2026-01-07T17:25:09+00:00\",\"mainEntityOfPage\":{\"@id\":\"https:\/\/modoviajeok.com.ar\/index.php\/2026\/01\/07\/el-2026-arranco-con-alta-ocupacion-hotelera-en-todo-el-pais\/\"},\"wordCount\":807,\"commentCount\":0,\"publisher\":{\"@id\":\"https:\/\/modoviajeok.com.ar\/#organization\"},\"image\":{\"@id\":\"https:\/\/modoviajeok.com.ar\/index.php\/2026\/01\/07\/el-2026-arranco-con-alta-ocupacion-hotelera-en-todo-el-pais\/#primaryimage\"},\"thumbnailUrl\":\"https:\/\/modoviajeok.com.ar\/wp-content\/uploads\/2026\/01\/Mar-del-Plata-20262.jpeg\",\"keywords\":[\"las grutas\",\"pinamar\",\"secretar\u00eda de turismo de la nacion\",\"villa carlos paz\"],\"articleSection\":[\"Argentina\",\"Noticias\"],\"inLanguage\":\"es\",\"potentialAction\":[{\"@type\":\"CommentAction\",\"name\":\"Comment\",\"target\":[\"https:\/\/modoviajeok.com.ar\/index.php\/2026\/01\/07\/el-2026-arranco-con-alta-ocupacion-hotelera-en-todo-el-pais\/#respond\"]}]},{\"@type\":\"WebPage\",\"@id\":\"https:\/\/modoviajeok.com.ar\/index.php\/2026\/01\/07\/el-2026-arranco-con-alta-ocupacion-hotelera-en-todo-el-pais\/\",\"url\":\"https:\/\/modoviajeok.com.ar\/index.php\/2026\/01\/07\/el-2026-arranco-con-alta-ocupacion-hotelera-en-todo-el-pais\/\",\"name\":\"El 2026 arranc\u00f3 con alta ocupaci\u00f3n hotelera en todo el pa\u00eds -\",\"isPartOf\":{\"@id\":\"https:\/\/modoviajeok.com.ar\/#website\"},\"primaryImageOfPage\":{\"@id\":\"https:\/\/modoviajeok.com.ar\/index.php\/2026\/01\/07\/el-2026-arranco-con-alta-ocupacion-hotelera-en-todo-el-pais\/#primaryimage\"},\"image\":{\"@id\":\"https:\/\/modoviajeok.com.ar\/index.php\/2026\/01\/07\/el-2026-arranco-con-alta-ocupacion-hotelera-en-todo-el-pais\/#primaryimage\"},\"thumbnailUrl\":\"https:\/\/modoviajeok.com.ar\/wp-content\/uploads\/2026\/01\/Mar-del-Plata-20262.jpeg\",\"datePublished\":\"2026-01-07T16:00:08+00:00\",\"dateModified\":\"2026-01-07T17:25:09+00:00\",\"breadcrumb\":{\"@id\":\"https:\/\/modoviajeok.com.ar\/index.php\/2026\/01\/07\/el-2026-arranco-con-alta-ocupacion-hotelera-en-todo-el-pais\/#breadcrumb\"},\"inLanguage\":\"es\",\"potentialAction\":[{\"@type\":\"ReadAction\",\"target\":[\"https:\/\/modoviajeok.com.ar\/index.php\/2026\/01\/07\/el-2026-arranco-con-alta-ocupacion-hotelera-en-todo-el-pais\/\"]}]},{\"@type\":\"ImageObject\",\"inLanguage\":\"es\",\"@id\":\"https:\/\/modoviajeok.com.ar\/index.php\/2026\/01\/07\/el-2026-arranco-con-alta-ocupacion-hotelera-en-todo-el-pais\/#primaryimage\",\"url\":\"https:\/\/modoviajeok.com.ar\/wp-content\/uploads\/2026\/01\/Mar-del-Plata-20262.jpeg\",\"contentUrl\":\"https:\/\/modoviajeok.com.ar\/wp-content\/uploads\/2026\/01\/Mar-del-Plata-20262.jpeg\",\"width\":1280,\"height\":843},{\"@type\":\"BreadcrumbList\",\"@id\":\"https:\/\/modoviajeok.com.ar\/index.php\/2026\/01\/07\/el-2026-arranco-con-alta-ocupacion-hotelera-en-todo-el-pais\/#breadcrumb\",\"itemListElement\":[{\"@type\":\"ListItem\",\"position\":1,\"name\":\"Portada\",\"item\":\"https:\/\/modoviajeok.com.ar\/\"},{\"@type\":\"ListItem\",\"position\":2,\"name\":\"El 2026 arranc\u00f3 con alta ocupaci\u00f3n hotelera en todo el pa\u00eds\"}]},{\"@type\":\"WebSite\",\"@id\":\"https:\/\/modoviajeok.com.ar\/#website\",\"url\":\"https:\/\/modoviajeok.com.ar\/\",\"name\":\"ModoViajeOK\",\"description\":\"\",\"publisher\":{\"@id\":\"https:\/\/modoviajeok.com.ar\/#organization\"},\"potentialAction\":[{\"@type\":\"SearchAction\",\"target\":{\"@type\":\"EntryPoint\",\"urlTemplate\":\"https:\/\/modoviajeok.com.ar\/?s={search_term_string}\"},\"query-input\":{\"@type\":\"PropertyValueSpecification\",\"valueRequired\":true,\"valueName\":\"search_term_string\"}}],\"inLanguage\":\"es\"},{\"@type\":\"Organization\",\"@id\":\"https:\/\/modoviajeok.com.ar\/#organization\",\"name\":\"ModoViajeOK\",\"url\":\"https:\/\/modoviajeok.com.ar\/\",\"logo\":{\"@type\":\"ImageObject\",\"inLanguage\":\"es\",\"@id\":\"https:\/\/modoviajeok.com.ar\/#\/schema\/logo\/image\/\",\"url\":\"https:\/\/modoviajeok.com.ar\/wp-content\/uploads\/2025\/01\/Logo-modoviajeok.png\",\"contentUrl\":\"https:\/\/modoviajeok.com.ar\/wp-content\/uploads\/2025\/01\/Logo-modoviajeok.png\",\"width\":2938,\"height\":2276,\"caption\":\"ModoViajeOK\"},\"image\":{\"@id\":\"https:\/\/modoviajeok.com.ar\/#\/schema\/logo\/image\/\"},\"sameAs\":[\"https:\/\/www.facebook.com\/mariana.otero1\/\",\"https:\/\/www.instagram.com\/modoviaje.ok\/\"]},{\"@type\":\"Person\",\"@id\":\"https:\/\/modoviajeok.com.ar\/#\/schema\/person\/2e299ed0d3d412a01d244fe28260d7f5\",\"name\":\"Pepe Segura\",\"image\":{\"@type\":\"ImageObject\",\"inLanguage\":\"es\",\"@id\":\"https:\/\/modoviajeok.com.ar\/#\/schema\/person\/image\/\",\"url\":\"https:\/\/secure.gravatar.com\/avatar\/65eb4b34deed761327f5b2c5535b987318ae807900ac46426de7258f5de6d345?s=96&d=mm&r=g\",\"contentUrl\":\"https:\/\/secure.gravatar.com\/avatar\/65eb4b34deed761327f5b2c5535b987318ae807900ac46426de7258f5de6d345?s=96&d=mm&r=g\",\"caption\":\"Pepe Segura\"},\"url\":\"https:\/\/modoviajeok.com.ar\/index.php\/author\/pepe2025\/\"}]}<\/script>\n<!-- \/ Yoast SEO plugin. -->","yoast_head_json":{"title":"El 2026 arranc\u00f3 con alta ocupaci\u00f3n hotelera en todo el pa\u00eds -","robots":{"index":"index","follow":"follow","max-snippet":"max-snippet:-1","max-image-preview":"max-image-preview:large","max-video-preview":"max-video-preview:-1"},"canonical":"https:\/\/modoviajeok.com.ar\/index.php\/2026\/01\/07\/el-2026-arranco-con-alta-ocupacion-hotelera-en-todo-el-pais\/","og_locale":"es_ES","og_type":"article","og_title":"El 2026 arranc\u00f3 con alta ocupaci\u00f3n hotelera en todo el pa\u00eds -","og_description":"Mar del Plata incrementa sus reservas con arribos de \u00faltimo momento. En Pinamar, Villa Carlos Paz y Las Grutas, superan el 90 por ciento. San Mart\u00edn de los Andes alcanz\u00f3 el 85 por ciento. La provincia de Misiones y Taf\u00ed del Valle registraron m\u00e1s del 75 por ciento. Mar del Plata incrementa sus reservas con [&hellip;]","og_url":"https:\/\/modoviajeok.com.ar\/index.php\/2026\/01\/07\/el-2026-arranco-con-alta-ocupacion-hotelera-en-todo-el-pais\/","article_publisher":"https:\/\/www.facebook.com\/mariana.otero1\/","article_published_time":"2026-01-07T16:00:08+00:00","article_modified_time":"2026-01-07T17:25:09+00:00","og_image":[{"width":1280,"height":843,"url":"https:\/\/modoviajeok.com.ar\/wp-content\/uploads\/2026\/01\/Mar-del-Plata-20262.jpeg","type":"image\/jpeg"}],"author":"Pepe Segura","twitter_card":"summary_large_image","twitter_misc":{"Escrito por":"Pepe Segura","Tiempo de lectura":"4 minutos"},"schema":{"@context":"https:\/\/schema.org","@graph":[{"@type":"Article","@id":"https:\/\/modoviajeok.com.ar\/index.php\/2026\/01\/07\/el-2026-arranco-con-alta-ocupacion-hotelera-en-todo-el-pais\/#article","isPartOf":{"@id":"https:\/\/modoviajeok.com.ar\/index.php\/2026\/01\/07\/el-2026-arranco-con-alta-ocupacion-hotelera-en-todo-el-pais\/"},"author":{"name":"Pepe Segura","@id":"https:\/\/modoviajeok.com.ar\/#\/schema\/person\/2e299ed0d3d412a01d244fe28260d7f5"},"headline":"El 2026 arranc\u00f3 con alta ocupaci\u00f3n hotelera en todo el pa\u00eds","datePublished":"2026-01-07T16:00:08+00:00","dateModified":"2026-01-07T17:25:09+00:00","mainEntityOfPage":{"@id":"https:\/\/modoviajeok.com.ar\/index.php\/2026\/01\/07\/el-2026-arranco-con-alta-ocupacion-hotelera-en-todo-el-pais\/"},"wordCount":807,"commentCount":0,"publisher":{"@id":"https:\/\/modoviajeok.com.ar\/#organization"},"image":{"@id":"https:\/\/modoviajeok.com.ar\/index.php\/2026\/01\/07\/el-2026-arranco-con-alta-ocupacion-hotelera-en-todo-el-pais\/#primaryimage"},"thumbnailUrl":"https:\/\/modoviajeok.com.ar\/wp-content\/uploads\/2026\/01\/Mar-del-Plata-20262.jpeg","keywords":["las grutas","pinamar","secretar\u00eda de turismo de la nacion","villa carlos paz"],"articleSection":["Argentina","Noticias"],"inLanguage":"es","potentialAction":[{"@type":"CommentAction","name":"Comment","target":["https:\/\/modoviajeok.com.ar\/index.php\/2026\/01\/07\/el-2026-arranco-con-alta-ocupacion-hotelera-en-todo-el-pais\/#respond"]}]},{"@type":"WebPage","@id":"https:\/\/modoviajeok.com.ar\/index.php\/2026\/01\/07\/el-2026-arranco-con-alta-ocupacion-hotelera-en-todo-el-pais\/","url":"https:\/\/modoviajeok.com.ar\/index.php\/2026\/01\/07\/el-2026-arranco-con-alta-ocupacion-hotelera-en-todo-el-pais\/","name":"El 2026 arranc\u00f3 con alta ocupaci\u00f3n hotelera en todo el pa\u00eds -","isPartOf":{"@id":"https:\/\/modoviajeok.com.ar\/#website"},"primaryImageOfPage":{"@id":"https:\/\/modoviajeok.com.ar\/index.php\/2026\/01\/07\/el-2026-arranco-con-alta-ocupacion-hotelera-en-todo-el-pais\/#primaryimage"},"image":{"@id":"https:\/\/modoviajeok.com.ar\/index.php\/2026\/01\/07\/el-2026-arranco-con-alta-ocupacion-hotelera-en-todo-el-pais\/#primaryimage"},"thumbnailUrl":"https:\/\/modoviajeok.com.ar\/wp-content\/uploads\/2026\/01\/Mar-del-Plata-20262.jpeg","datePublished":"2026-01-07T16:00:08+00:00","dateModified":"2026-01-07T17:25:09+00:00","breadcrumb":{"@id":"https:\/\/modoviajeok.com.ar\/index.php\/2026\/01\/07\/el-2026-arranco-con-alta-ocupacion-hotelera-en-todo-el-pais\/#breadcrumb"},"inLanguage":"es","potentialAction":[{"@type":"ReadAction","target":["https:\/\/modoviajeok.com.ar\/index.php\/2026\/01\/07\/el-2026-arranco-con-alta-ocupacion-hotelera-en-todo-el-pais\/"]}]},{"@type":"ImageObject","inLanguage":"es","@id":"https:\/\/modoviajeok.com.ar\/index.php\/2026\/01\/07\/el-2026-arranco-con-alta-ocupacion-hotelera-en-todo-el-pais\/#primaryimage","url":"https:\/\/modoviajeok.com.ar\/wp-content\/uploads\/2026\/01\/Mar-del-Plata-20262.jpeg","contentUrl":"https:\/\/modoviajeok.com.ar\/wp-content\/uploads\/2026\/01\/Mar-del-Plata-20262.jpeg","width":1280,"height":843},{"@type":"BreadcrumbList","@id":"https:\/\/modoviajeok.com.ar\/index.php\/2026\/01\/07\/el-2026-arranco-con-alta-ocupacion-hotelera-en-todo-el-pais\/#breadcrumb","itemListElement":[{"@type":"ListItem","position":1,"name":"Portada","item":"https:\/\/modoviajeok.com.ar\/"},{"@type":"ListItem","position":2,"name":"El 2026 arranc\u00f3 con alta ocupaci\u00f3n hotelera en todo el pa\u00eds"}]},{"@type":"WebSite","@id":"https:\/\/modoviajeok.com.ar\/#website","url":"https:\/\/modoviajeok.com.ar\/","name":"ModoViajeOK","description":"","publisher":{"@id":"https:\/\/modoviajeok.com.ar\/#organization"},"potentialAction":[{"@type":"SearchAction","target":{"@type":"EntryPoint","urlTemplate":"https:\/\/modoviajeok.com.ar\/?s={search_term_string}"},"query-input":{"@type":"PropertyValueSpecification","valueRequired":true,"valueName":"search_term_string"}}],"inLanguage":"es"},{"@type":"Organization","@id":"https:\/\/modoviajeok.com.ar\/#organization","name":"ModoViajeOK","url":"https:\/\/modoviajeok.com.ar\/","logo":{"@type":"ImageObject","inLanguage":"es","@id":"https:\/\/modoviajeok.com.ar\/#\/schema\/logo\/image\/","url":"https:\/\/modoviajeok.com.ar\/wp-content\/uploads\/2025\/01\/Logo-modoviajeok.png","contentUrl":"https:\/\/modoviajeok.com.ar\/wp-content\/uploads\/2025\/01\/Logo-modoviajeok.png","width":2938,"height":2276,"caption":"ModoViajeOK"},"image":{"@id":"https:\/\/modoviajeok.com.ar\/#\/schema\/logo\/image\/"},"sameAs":["https:\/\/www.facebook.com\/mariana.otero1\/","https:\/\/www.instagram.com\/modoviaje.ok\/"]},{"@type":"Person","@id":"https:\/\/modoviajeok.com.ar\/#\/schema\/person\/2e299ed0d3d412a01d244fe28260d7f5","name":"Pepe Segura","image":{"@type":"ImageObject","inLanguage":"es","@id":"https:\/\/modoviajeok.com.ar\/#\/schema\/person\/image\/","url":"https:\/\/secure.gravatar.com\/avatar\/65eb4b34deed761327f5b2c5535b987318ae807900ac46426de7258f5de6d345?s=96&d=mm&r=g","contentUrl":"https:\/\/secure.gravatar.com\/avatar\/65eb4b34deed761327f5b2c5535b987318ae807900ac46426de7258f5de6d345?s=96&d=mm&r=g","caption":"Pepe Segura"},"url":"https:\/\/modoviajeok.com.ar\/index.php\/author\/pepe2025\/"}]}},"_links":{"self":[{"href":"https:\/\/modoviajeok.com.ar\/index.php\/wp-json\/wp\/v2\/posts\/7140","targetHints":{"allow":["GET"]}}],"collection":[{"href":"https:\/\/modoviajeok.com.ar\/index.php\/wp-json\/wp\/v2\/posts"}],"about":[{"href":"https:\/\/modoviajeok.com.ar\/index.php\/wp-json\/wp\/v2\/types\/post"}],"author":[{"embeddable":true,"href":"https:\/\/modoviajeok.com.ar\/index.php\/wp-json\/wp\/v2\/users\/3"}],"replies":[{"embeddable":true,"href":"https:\/\/modoviajeok.com.ar\/index.php\/wp-json\/wp\/v2\/comments?post=7140"}],"version-history":[{"count":1,"href":"https:\/\/modoviajeok.com.ar\/index.php\/wp-json\/wp\/v2\/posts\/7140\/revisions"}],"predecessor-version":[{"id":7143,"href":"https:\/\/modoviajeok.com.ar\/index.php\/wp-json\/wp\/v2\/posts\/7140\/revisions\/7143"}],"wp:featuredmedia":[{"embeddable":true,"href":"https:\/\/modoviajeok.com.ar\/index.php\/wp-json\/wp\/v2\/media\/7141"}],"wp:attachment":[{"href":"https:\/\/modoviajeok.com.ar\/index.php\/wp-json\/wp\/v2\/media?parent=7140"}],"wp:term":[{"taxonomy":"category","embeddable":true,"href":"https:\/\/modoviajeok.com.ar\/index.php\/wp-json\/wp\/v2\/categories?post=7140"},{"taxonomy":"post_tag","embeddable":true,"href":"https:\/\/modoviajeok.com.ar\/index.php\/wp-json\/wp\/v2\/tags?post=7140"}],"curies":[{"name":"wp","href":"https:\/\/api.w.org\/{rel}","templated":true}]}}