{"id":7154,"date":"2026-01-07T20:25:30","date_gmt":"2026-01-07T23:25:30","guid":{"rendered":"https:\/\/modoviajeok.com.ar\/?p=7154"},"modified":"2026-01-10T11:35:35","modified_gmt":"2026-01-10T14:35:35","slug":"la-cordoba-de-los-festivales-sale-a-escena-en-jesus-maria","status":"publish","type":"post","link":"https:\/\/modoviajeok.com.ar\/index.php\/2026\/01\/07\/la-cordoba-de-los-festivales-sale-a-escena-en-jesus-maria\/","title":{"rendered":"La C\u00f3rdoba de los festivales sale a escena en Jes\u00fas Mar\u00eda"},"content":{"rendered":"\n<figure class=\"wp-block-pullquote\"><blockquote><p>Este jueves arranca el calendario de festivales que distingue a nuestra provincia. Es el turno de la Doma y el Folklore en Jes\u00fas Mar\u00eda que promete r\u00e9cord de concurrencia en su 60\u00b0 cumplea\u00f1os. <br><\/p><\/blockquote><\/figure>\n\n\n\n<figure class=\"wp-block-image size-full\"><img loading=\"lazy\" decoding=\"async\" width=\"833\" height=\"578\" src=\"https:\/\/modoviajeok.com.ar\/wp-content\/uploads\/2026\/01\/FESTIVAL-1.jpg\" alt=\"\" class=\"wp-image-7156\" srcset=\"https:\/\/modoviajeok.com.ar\/wp-content\/uploads\/2026\/01\/FESTIVAL-1.jpg 833w, https:\/\/modoviajeok.com.ar\/wp-content\/uploads\/2026\/01\/FESTIVAL-1-768x533.jpg 768w, https:\/\/modoviajeok.com.ar\/wp-content\/uploads\/2026\/01\/FESTIVAL-1-605x420.jpg 605w, https:\/\/modoviajeok.com.ar\/wp-content\/uploads\/2026\/01\/FESTIVAL-1-150x104.jpg 150w, https:\/\/modoviajeok.com.ar\/wp-content\/uploads\/2026\/01\/FESTIVAL-1-218x150.jpg 218w, https:\/\/modoviajeok.com.ar\/wp-content\/uploads\/2026\/01\/FESTIVAL-1-300x208.jpg 300w, https:\/\/modoviajeok.com.ar\/wp-content\/uploads\/2026\/01\/FESTIVAL-1-696x483.jpg 696w, https:\/\/modoviajeok.com.ar\/wp-content\/uploads\/2026\/01\/FESTIVAL-1-100x70.jpg 100w\" sizes=\"auto, (max-width: 833px) 100vw, 833px\" \/><\/figure>\n\n\n\n<p><\/p>\n\n\n\n<p>Con el inicio de enero, C\u00f3rdoba vuelve a encender su calendario festivalero y las expectativas para el verano ya se reflejan en cifras concretas. La temporada arranca con indicadores positivos que anticipan un movimiento tur\u00edstico intenso, impulsado por festivales y eventos que convocan a miles de personas y generan un impacto significativo en cada regi\u00f3n de la provincia.<\/p>\n\n\n\n<p>Uno de los primeros grandes hitos de la temporada es el Festival Nacional de Doma y Folklore de Jes\u00fas Mar\u00eda, que se desarrollar\u00e1 del 8 al 18 de enero y celebrar\u00e1 su 60\u00ba aniversario. A d\u00edas de su inicio, el evento ya muestra n\u00fameros r\u00e9cord, con m\u00e1s de 80.000 entradas anticipadas vendidas. Seg\u00fan datos de la organizaci\u00f3n, en el segundo d\u00eda h\u00e1bil de 2026 el volumen de tickets emitidos creci\u00f3 un 130% respecto del mismo per\u00edodo del a\u00f1o anterior, que ya hab\u00eda marcado un incremento interanual hist\u00f3rico. Estas cifras anticipan una edici\u00f3n hist\u00f3rica y confirman el alto nivel de expectativa que despiertan los grandes festivales del verano cordob\u00e9s.<\/p>\n\n\n\n<p><strong>Encuentros que impulsan el turismo y la econom\u00eda local<\/strong><\/p>\n\n\n\n<p>El caso de Jes\u00fas Mar\u00eda sintetiza una realidad que se replica en distintos puntos del territorio provincial. Los festivales constituyen un pilar clave del turismo en C\u00f3rdoba, con impacto directo en el alojamiento, la gastronom\u00eda, el transporte, el comercio y los servicios, adem\u00e1s de generar empleo y fortalecer a proveedores locales vinculados a la producci\u00f3n de eventos. Durante el verano, cada celebraci\u00f3n moviliza miles de visitantes que consumen, se alojan y participan de propuestas culturales y recreativas, dinamizando la econom\u00eda local y regional y beneficiando tanto a destinos consolidados como a peque\u00f1as localidades del interior.<\/p>\n\n\n\n<p>En este sentido, el presidente de la Agencia C\u00f3rdoba Turismo, Dar\u00edo Capitani, destac\u00f3: \u201cLos festivales forman parte de la identidad de C\u00f3rdoba y son una herramienta estrat\u00e9gica para el desarrollo tur\u00edstico. Cada evento genera movimiento, trabajo y oportunidades en todo el territorio, fortaleciendo a las econom\u00edas locales y posicionando a la provincia como un destino elegido durante todo el verano\u201d.<\/p>\n\n\n\n<p>A lo largo de toda la temporada, C\u00f3rdoba despliega una agenda diversa y federal, con festivales folkl\u00f3ricos, cuarteteros, gastron\u00f3micos y familiares que recorren el norte, el sur, las sierras y los valles. Eventos emblem\u00e1ticos como el Festival Nacional de Folklore de Cosqu\u00edn, el Festival Bum Bum en la ciudad de C\u00f3rdoba, el Festival Embalse \u201cUn Canto a la Vida\u201d en Calamuchita y numerosas fiestas populares en distintos puntos de la provincia refuerzan el perfil cultural de C\u00f3rdoba y ampl\u00edan la oferta tur\u00edstica para quienes la eligen como destino de vacaciones.<\/p>\n\n\n\n<p><strong>Cultura, turismo y desarrollo: la industria naranja<\/strong><\/p>\n\n\n\n<p>Los festivales forman parte de la denominada industria naranja, que integra cultura, turismo y deporte como sectores estrat\u00e9gicos de desarrollo. En C\u00f3rdoba, esta articulaci\u00f3n se traduce en una agenda sostenida de eventos que genera oportunidades para artistas, t\u00e9cnicos, productores, emprendedores y trabajadores vinculados a la actividad cultural y tur\u00edstica, a partir del trabajo conjunto entre el sector p\u00fablico, el privado y las comunidades locales.<\/p>\n\n\n\n<p><strong>Un verano que se proyecta m\u00e1s all\u00e1 de enero<\/strong><\/p>\n\n\n\n<p>La intensidad festivalera se extiende m\u00e1s all\u00e1 de enero, con propuestas para febrero como Cosqu\u00edn Rock, los corsos y carnavales en distintas localidades, la Fiesta Nacional del Trigo en Leones, el Festival de Pe\u00f1as de Villa Mar\u00eda y otras celebraciones culturales y musicales que mantienen activo el flujo tur\u00edstico durante febrero y consolidan el impacto econ\u00f3mico a lo largo de toda la temporada.<\/p>\n\n\n\n<p>As\u00ed, C\u00f3rdoba vuelve a vivir un verano atravesado por la m\u00fasica, las tradiciones y el encuentro, confirmando que los festivales no solo son expresiones culturales y de identidad, sino tambi\u00e9n una de las principales herramientas para el desarrollo tur\u00edstico, econ\u00f3mico y social de la provincia.<\/p>\n\n\n\n<p>Link para ver el calendario de eventos:<a href=\"https:\/\/cordobaturismo.gov.ar\/cronograma-de-eventos\">\u00a0https:\/\/cordobaturismo.gov.ar\/cronograma-de-eventos<\/a><\/p>\n\n\n\n<p><strong>Las promociones del Banco de C\u00f3rdoba<\/strong><\/p>\n\n\n\n<p>En este contexto, el Banco de la Provincia de C\u00f3rdoba acompa\u00f1a la agenda de festivales y espect\u00e1culos con promociones especiales que facilitan el acceso del p\u00fablico a las principales propuestas culturales. A trav\u00e9s de la tarjeta Cordobesa, tanto Visa como Mastercard, los clientes pueden acceder a la compra de entradas en 3 y 6 cuotas sin inter\u00e9s para numerosos eventos del calendario estival, adem\u00e1s de beneficios en espect\u00e1culos teatrales y servicios vinculados al turismo.<\/p>\n\n\n\n<p>El beneficio abarca a eventos de gran convocatoria como el Festival Nacional de Doma y Folklore de Jes\u00fas Mar\u00eda, el Festival Nacional de Folklore Cosqu\u00edn, el Festival Internacional de Pe\u00f1as Villa Mar\u00eda, Embalse un Canto a la Vida, Bum Bum, la Fiesta Nacional de la Familia Piamontesa, el Festival Provincial de la Palma, Avicultura, la Fiesta Nacional del Trigo, entre otros importantes encuentros del calendario estival cordob\u00e9s.<\/p>\n\n\n\n<p><strong>M\u00e1s beneficios en temporada<\/strong><\/p>\n\n\n\n<p>Bancor ofrece, adem\u00e1s, financiaci\u00f3n de hasta 6 cuotas sin inter\u00e9s para obras teatrales en cartel en las salas Holiday, Libertad y Luxor de Villa Carlos Paz. En tanto, en la ciudad de C\u00f3rdoba las promociones se extienden a espect\u00e1culos realizados en Quality Espacio y el Estadio Atenas, con 4 cuotas sin inter\u00e9s, y al Teatro del Libertador, con financiaci\u00f3n hasta en 12 pagos y 10% de ahorro para pagos con d\u00e9bito.<\/p>\n\n\n\n<p>A estas propuestas se suma el flamante acuerdo de la entidad bancaria con Caminos de las Sierras, que contempla un ahorro de $500 por viaje para quienes abonen el peaje en cabina, con tarjeta Cordobesa d\u00e9bito o cr\u00e9dito, en las rutas de la Red de Accesos a C\u00f3rdoba.<\/p>\n\n\n\n<p>El descuento tambi\u00e9n est\u00e1 disponible para pagos realizados con la billetera digital del Banco, Bezza. Bajo el concepto \u201cVerano Cordobesa, un planazo tras otro\u201d, Bancor impulsa una agenda de beneficios y financiaci\u00f3n orientada a promover el acceso y el disfrute de importantes eventos culturales y actividades tur\u00edsticas en toda la provincia.<\/p>\n\n\n\n<p> <\/p>\n\n\n\n<p><\/p>\n","protected":false},"excerpt":{"rendered":"<p>Este jueves arranca el calendario de festivales que distingue a nuestra provincia. Es el turno de la Doma y el Folklore en Jes\u00fas Mar\u00eda que promete r\u00e9cord de concurrencia en su 60\u00b0 cumplea\u00f1os. Con el inicio de enero, C\u00f3rdoba vuelve a encender su calendario festivalero y las expectativas para el verano ya se reflejan en [&hellip;]<\/p>\n","protected":false},"author":3,"featured_media":7155,"comment_status":"open","ping_status":"open","sticky":false,"template":"","format":"standard","meta":{"_acf_changed":false,"footnotes":""},"categories":[11,2],"tags":[1510,561,943],"class_list":{"0":"post-7154","1":"post","2":"type-post","3":"status-publish","4":"format-standard","5":"has-post-thumbnail","7":"category-cordoba","8":"category-destacadas","9":"tag-festival-nacional-de-folklore-de-cosquin","10":"tag-festivales","11":"tag-jesus-maria"},"acf":[],"yoast_head":"<!-- This site is optimized with the Yoast SEO plugin v24.8.1 - https:\/\/yoast.com\/wordpress\/plugins\/seo\/ -->\n<title>La C\u00f3rdoba de los festivales sale a escena en Jes\u00fas Mar\u00eda -<\/title>\n<meta name=\"description\" content=\"Arranca el calendario de festivales que distingue a nuestra provincia. Es el turno de la Doma y el Folklore en Jes\u00fas Mar\u00eda que cumple 60 a\u00f1os.\" \/>\n<meta name=\"robots\" content=\"index, follow, max-snippet:-1, max-image-preview:large, max-video-preview:-1\" \/>\n<link rel=\"canonical\" href=\"https:\/\/modoviajeok.com.ar\/index.php\/2026\/01\/07\/la-cordoba-de-los-festivales-sale-a-escena-en-jesus-maria\/\" \/>\n<meta property=\"og:locale\" content=\"es_ES\" \/>\n<meta property=\"og:type\" content=\"article\" \/>\n<meta property=\"og:title\" content=\"La C\u00f3rdoba de los festivales sale a escena en Jes\u00fas Mar\u00eda -\" \/>\n<meta property=\"og:description\" content=\"Arranca el calendario de festivales que distingue a nuestra provincia. Es el turno de la Doma y el Folklore en Jes\u00fas Mar\u00eda que cumple 60 a\u00f1os.\" \/>\n<meta property=\"og:url\" content=\"https:\/\/modoviajeok.com.ar\/index.php\/2026\/01\/07\/la-cordoba-de-los-festivales-sale-a-escena-en-jesus-maria\/\" \/>\n<meta property=\"article:publisher\" content=\"https:\/\/www.facebook.com\/mariana.otero1\/\" \/>\n<meta property=\"article:published_time\" content=\"2026-01-07T23:25:30+00:00\" \/>\n<meta property=\"article:modified_time\" content=\"2026-01-10T14:35:35+00:00\" \/>\n<meta property=\"og:image\" content=\"https:\/\/modoviajeok.com.ar\/wp-content\/uploads\/2026\/01\/DSCN3435-scaled.jpg\" \/>\n\t<meta property=\"og:image:width\" content=\"2560\" \/>\n\t<meta property=\"og:image:height\" content=\"1920\" \/>\n\t<meta property=\"og:image:type\" content=\"image\/jpeg\" \/>\n<meta name=\"author\" content=\"Pepe Segura\" \/>\n<meta name=\"twitter:card\" content=\"summary_large_image\" \/>\n<meta name=\"twitter:label1\" content=\"Escrito por\" \/>\n\t<meta name=\"twitter:data1\" content=\"Pepe Segura\" \/>\n\t<meta name=\"twitter:label2\" content=\"Tiempo de lectura\" \/>\n\t<meta name=\"twitter:data2\" content=\"5 minutos\" \/>\n<script type=\"application\/ld+json\" class=\"yoast-schema-graph\">{\"@context\":\"https:\/\/schema.org\",\"@graph\":[{\"@type\":\"Article\",\"@id\":\"https:\/\/modoviajeok.com.ar\/index.php\/2026\/01\/07\/la-cordoba-de-los-festivales-sale-a-escena-en-jesus-maria\/#article\",\"isPartOf\":{\"@id\":\"https:\/\/modoviajeok.com.ar\/index.php\/2026\/01\/07\/la-cordoba-de-los-festivales-sale-a-escena-en-jesus-maria\/\"},\"author\":{\"name\":\"Pepe Segura\",\"@id\":\"https:\/\/modoviajeok.com.ar\/#\/schema\/person\/2e299ed0d3d412a01d244fe28260d7f5\"},\"headline\":\"La C\u00f3rdoba de los festivales sale a escena en Jes\u00fas Mar\u00eda\",\"datePublished\":\"2026-01-07T23:25:30+00:00\",\"dateModified\":\"2026-01-10T14:35:35+00:00\",\"mainEntityOfPage\":{\"@id\":\"https:\/\/modoviajeok.com.ar\/index.php\/2026\/01\/07\/la-cordoba-de-los-festivales-sale-a-escena-en-jesus-maria\/\"},\"wordCount\":1071,\"commentCount\":0,\"publisher\":{\"@id\":\"https:\/\/modoviajeok.com.ar\/#organization\"},\"image\":{\"@id\":\"https:\/\/modoviajeok.com.ar\/index.php\/2026\/01\/07\/la-cordoba-de-los-festivales-sale-a-escena-en-jesus-maria\/#primaryimage\"},\"thumbnailUrl\":\"https:\/\/modoviajeok.com.ar\/wp-content\/uploads\/2026\/01\/DSCN3435-scaled.jpg\",\"keywords\":[\"festival nacional de folklore de cosquin\",\"festivales\",\"jesus maria\"],\"articleSection\":[\"C\u00f3rdoba\",\"Destacadas\"],\"inLanguage\":\"es\",\"potentialAction\":[{\"@type\":\"CommentAction\",\"name\":\"Comment\",\"target\":[\"https:\/\/modoviajeok.com.ar\/index.php\/2026\/01\/07\/la-cordoba-de-los-festivales-sale-a-escena-en-jesus-maria\/#respond\"]}]},{\"@type\":\"WebPage\",\"@id\":\"https:\/\/modoviajeok.com.ar\/index.php\/2026\/01\/07\/la-cordoba-de-los-festivales-sale-a-escena-en-jesus-maria\/\",\"url\":\"https:\/\/modoviajeok.com.ar\/index.php\/2026\/01\/07\/la-cordoba-de-los-festivales-sale-a-escena-en-jesus-maria\/\",\"name\":\"La C\u00f3rdoba de los festivales sale a escena en Jes\u00fas Mar\u00eda -\",\"isPartOf\":{\"@id\":\"https:\/\/modoviajeok.com.ar\/#website\"},\"primaryImageOfPage\":{\"@id\":\"https:\/\/modoviajeok.com.ar\/index.php\/2026\/01\/07\/la-cordoba-de-los-festivales-sale-a-escena-en-jesus-maria\/#primaryimage\"},\"image\":{\"@id\":\"https:\/\/modoviajeok.com.ar\/index.php\/2026\/01\/07\/la-cordoba-de-los-festivales-sale-a-escena-en-jesus-maria\/#primaryimage\"},\"thumbnailUrl\":\"https:\/\/modoviajeok.com.ar\/wp-content\/uploads\/2026\/01\/DSCN3435-scaled.jpg\",\"datePublished\":\"2026-01-07T23:25:30+00:00\",\"dateModified\":\"2026-01-10T14:35:35+00:00\",\"description\":\"Arranca el calendario de festivales que distingue a nuestra provincia. Es el turno de la Doma y el Folklore en Jes\u00fas Mar\u00eda que cumple 60 a\u00f1os.\",\"breadcrumb\":{\"@id\":\"https:\/\/modoviajeok.com.ar\/index.php\/2026\/01\/07\/la-cordoba-de-los-festivales-sale-a-escena-en-jesus-maria\/#breadcrumb\"},\"inLanguage\":\"es\",\"potentialAction\":[{\"@type\":\"ReadAction\",\"target\":[\"https:\/\/modoviajeok.com.ar\/index.php\/2026\/01\/07\/la-cordoba-de-los-festivales-sale-a-escena-en-jesus-maria\/\"]}]},{\"@type\":\"ImageObject\",\"inLanguage\":\"es\",\"@id\":\"https:\/\/modoviajeok.com.ar\/index.php\/2026\/01\/07\/la-cordoba-de-los-festivales-sale-a-escena-en-jesus-maria\/#primaryimage\",\"url\":\"https:\/\/modoviajeok.com.ar\/wp-content\/uploads\/2026\/01\/DSCN3435-scaled.jpg\",\"contentUrl\":\"https:\/\/modoviajeok.com.ar\/wp-content\/uploads\/2026\/01\/DSCN3435-scaled.jpg\",\"width\":2560,\"height\":1920},{\"@type\":\"BreadcrumbList\",\"@id\":\"https:\/\/modoviajeok.com.ar\/index.php\/2026\/01\/07\/la-cordoba-de-los-festivales-sale-a-escena-en-jesus-maria\/#breadcrumb\",\"itemListElement\":[{\"@type\":\"ListItem\",\"position\":1,\"name\":\"Portada\",\"item\":\"https:\/\/modoviajeok.com.ar\/\"},{\"@type\":\"ListItem\",\"position\":2,\"name\":\"La C\u00f3rdoba de los festivales sale a escena en Jes\u00fas Mar\u00eda\"}]},{\"@type\":\"WebSite\",\"@id\":\"https:\/\/modoviajeok.com.ar\/#website\",\"url\":\"https:\/\/modoviajeok.com.ar\/\",\"name\":\"ModoViajeOK\",\"description\":\"\",\"publisher\":{\"@id\":\"https:\/\/modoviajeok.com.ar\/#organization\"},\"potentialAction\":[{\"@type\":\"SearchAction\",\"target\":{\"@type\":\"EntryPoint\",\"urlTemplate\":\"https:\/\/modoviajeok.com.ar\/?s={search_term_string}\"},\"query-input\":{\"@type\":\"PropertyValueSpecification\",\"valueRequired\":true,\"valueName\":\"search_term_string\"}}],\"inLanguage\":\"es\"},{\"@type\":\"Organization\",\"@id\":\"https:\/\/modoviajeok.com.ar\/#organization\",\"name\":\"ModoViajeOK\",\"url\":\"https:\/\/modoviajeok.com.ar\/\",\"logo\":{\"@type\":\"ImageObject\",\"inLanguage\":\"es\",\"@id\":\"https:\/\/modoviajeok.com.ar\/#\/schema\/logo\/image\/\",\"url\":\"https:\/\/modoviajeok.com.ar\/wp-content\/uploads\/2025\/01\/Logo-modoviajeok.png\",\"contentUrl\":\"https:\/\/modoviajeok.com.ar\/wp-content\/uploads\/2025\/01\/Logo-modoviajeok.png\",\"width\":2938,\"height\":2276,\"caption\":\"ModoViajeOK\"},\"image\":{\"@id\":\"https:\/\/modoviajeok.com.ar\/#\/schema\/logo\/image\/\"},\"sameAs\":[\"https:\/\/www.facebook.com\/mariana.otero1\/\",\"https:\/\/www.instagram.com\/modoviaje.ok\/\"]},{\"@type\":\"Person\",\"@id\":\"https:\/\/modoviajeok.com.ar\/#\/schema\/person\/2e299ed0d3d412a01d244fe28260d7f5\",\"name\":\"Pepe Segura\",\"image\":{\"@type\":\"ImageObject\",\"inLanguage\":\"es\",\"@id\":\"https:\/\/modoviajeok.com.ar\/#\/schema\/person\/image\/\",\"url\":\"https:\/\/secure.gravatar.com\/avatar\/65eb4b34deed761327f5b2c5535b987318ae807900ac46426de7258f5de6d345?s=96&d=mm&r=g\",\"contentUrl\":\"https:\/\/secure.gravatar.com\/avatar\/65eb4b34deed761327f5b2c5535b987318ae807900ac46426de7258f5de6d345?s=96&d=mm&r=g\",\"caption\":\"Pepe Segura\"},\"url\":\"https:\/\/modoviajeok.com.ar\/index.php\/author\/pepe2025\/\"}]}<\/script>\n<!-- \/ Yoast SEO plugin. -->","yoast_head_json":{"title":"La C\u00f3rdoba de los festivales sale a escena en Jes\u00fas Mar\u00eda -","description":"Arranca el calendario de festivales que distingue a nuestra provincia. Es el turno de la Doma y el Folklore en Jes\u00fas Mar\u00eda que cumple 60 a\u00f1os.","robots":{"index":"index","follow":"follow","max-snippet":"max-snippet:-1","max-image-preview":"max-image-preview:large","max-video-preview":"max-video-preview:-1"},"canonical":"https:\/\/modoviajeok.com.ar\/index.php\/2026\/01\/07\/la-cordoba-de-los-festivales-sale-a-escena-en-jesus-maria\/","og_locale":"es_ES","og_type":"article","og_title":"La C\u00f3rdoba de los festivales sale a escena en Jes\u00fas Mar\u00eda -","og_description":"Arranca el calendario de festivales que distingue a nuestra provincia. Es el turno de la Doma y el Folklore en Jes\u00fas Mar\u00eda que cumple 60 a\u00f1os.","og_url":"https:\/\/modoviajeok.com.ar\/index.php\/2026\/01\/07\/la-cordoba-de-los-festivales-sale-a-escena-en-jesus-maria\/","article_publisher":"https:\/\/www.facebook.com\/mariana.otero1\/","article_published_time":"2026-01-07T23:25:30+00:00","article_modified_time":"2026-01-10T14:35:35+00:00","og_image":[{"width":2560,"height":1920,"url":"https:\/\/modoviajeok.com.ar\/wp-content\/uploads\/2026\/01\/DSCN3435-scaled.jpg","type":"image\/jpeg"}],"author":"Pepe Segura","twitter_card":"summary_large_image","twitter_misc":{"Escrito por":"Pepe Segura","Tiempo de lectura":"5 minutos"},"schema":{"@context":"https:\/\/schema.org","@graph":[{"@type":"Article","@id":"https:\/\/modoviajeok.com.ar\/index.php\/2026\/01\/07\/la-cordoba-de-los-festivales-sale-a-escena-en-jesus-maria\/#article","isPartOf":{"@id":"https:\/\/modoviajeok.com.ar\/index.php\/2026\/01\/07\/la-cordoba-de-los-festivales-sale-a-escena-en-jesus-maria\/"},"author":{"name":"Pepe Segura","@id":"https:\/\/modoviajeok.com.ar\/#\/schema\/person\/2e299ed0d3d412a01d244fe28260d7f5"},"headline":"La C\u00f3rdoba de los festivales sale a escena en Jes\u00fas Mar\u00eda","datePublished":"2026-01-07T23:25:30+00:00","dateModified":"2026-01-10T14:35:35+00:00","mainEntityOfPage":{"@id":"https:\/\/modoviajeok.com.ar\/index.php\/2026\/01\/07\/la-cordoba-de-los-festivales-sale-a-escena-en-jesus-maria\/"},"wordCount":1071,"commentCount":0,"publisher":{"@id":"https:\/\/modoviajeok.com.ar\/#organization"},"image":{"@id":"https:\/\/modoviajeok.com.ar\/index.php\/2026\/01\/07\/la-cordoba-de-los-festivales-sale-a-escena-en-jesus-maria\/#primaryimage"},"thumbnailUrl":"https:\/\/modoviajeok.com.ar\/wp-content\/uploads\/2026\/01\/DSCN3435-scaled.jpg","keywords":["festival nacional de folklore de cosquin","festivales","jesus maria"],"articleSection":["C\u00f3rdoba","Destacadas"],"inLanguage":"es","potentialAction":[{"@type":"CommentAction","name":"Comment","target":["https:\/\/modoviajeok.com.ar\/index.php\/2026\/01\/07\/la-cordoba-de-los-festivales-sale-a-escena-en-jesus-maria\/#respond"]}]},{"@type":"WebPage","@id":"https:\/\/modoviajeok.com.ar\/index.php\/2026\/01\/07\/la-cordoba-de-los-festivales-sale-a-escena-en-jesus-maria\/","url":"https:\/\/modoviajeok.com.ar\/index.php\/2026\/01\/07\/la-cordoba-de-los-festivales-sale-a-escena-en-jesus-maria\/","name":"La C\u00f3rdoba de los festivales sale a escena en Jes\u00fas Mar\u00eda -","isPartOf":{"@id":"https:\/\/modoviajeok.com.ar\/#website"},"primaryImageOfPage":{"@id":"https:\/\/modoviajeok.com.ar\/index.php\/2026\/01\/07\/la-cordoba-de-los-festivales-sale-a-escena-en-jesus-maria\/#primaryimage"},"image":{"@id":"https:\/\/modoviajeok.com.ar\/index.php\/2026\/01\/07\/la-cordoba-de-los-festivales-sale-a-escena-en-jesus-maria\/#primaryimage"},"thumbnailUrl":"https:\/\/modoviajeok.com.ar\/wp-content\/uploads\/2026\/01\/DSCN3435-scaled.jpg","datePublished":"2026-01-07T23:25:30+00:00","dateModified":"2026-01-10T14:35:35+00:00","description":"Arranca el calendario de festivales que distingue a nuestra provincia. Es el turno de la Doma y el Folklore en Jes\u00fas Mar\u00eda que cumple 60 a\u00f1os.","breadcrumb":{"@id":"https:\/\/modoviajeok.com.ar\/index.php\/2026\/01\/07\/la-cordoba-de-los-festivales-sale-a-escena-en-jesus-maria\/#breadcrumb"},"inLanguage":"es","potentialAction":[{"@type":"ReadAction","target":["https:\/\/modoviajeok.com.ar\/index.php\/2026\/01\/07\/la-cordoba-de-los-festivales-sale-a-escena-en-jesus-maria\/"]}]},{"@type":"ImageObject","inLanguage":"es","@id":"https:\/\/modoviajeok.com.ar\/index.php\/2026\/01\/07\/la-cordoba-de-los-festivales-sale-a-escena-en-jesus-maria\/#primaryimage","url":"https:\/\/modoviajeok.com.ar\/wp-content\/uploads\/2026\/01\/DSCN3435-scaled.jpg","contentUrl":"https:\/\/modoviajeok.com.ar\/wp-content\/uploads\/2026\/01\/DSCN3435-scaled.jpg","width":2560,"height":1920},{"@type":"BreadcrumbList","@id":"https:\/\/modoviajeok.com.ar\/index.php\/2026\/01\/07\/la-cordoba-de-los-festivales-sale-a-escena-en-jesus-maria\/#breadcrumb","itemListElement":[{"@type":"ListItem","position":1,"name":"Portada","item":"https:\/\/modoviajeok.com.ar\/"},{"@type":"ListItem","position":2,"name":"La C\u00f3rdoba de los festivales sale a escena en Jes\u00fas Mar\u00eda"}]},{"@type":"WebSite","@id":"https:\/\/modoviajeok.com.ar\/#website","url":"https:\/\/modoviajeok.com.ar\/","name":"ModoViajeOK","description":"","publisher":{"@id":"https:\/\/modoviajeok.com.ar\/#organization"},"potentialAction":[{"@type":"SearchAction","target":{"@type":"EntryPoint","urlTemplate":"https:\/\/modoviajeok.com.ar\/?s={search_term_string}"},"query-input":{"@type":"PropertyValueSpecification","valueRequired":true,"valueName":"search_term_string"}}],"inLanguage":"es"},{"@type":"Organization","@id":"https:\/\/modoviajeok.com.ar\/#organization","name":"ModoViajeOK","url":"https:\/\/modoviajeok.com.ar\/","logo":{"@type":"ImageObject","inLanguage":"es","@id":"https:\/\/modoviajeok.com.ar\/#\/schema\/logo\/image\/","url":"https:\/\/modoviajeok.com.ar\/wp-content\/uploads\/2025\/01\/Logo-modoviajeok.png","contentUrl":"https:\/\/modoviajeok.com.ar\/wp-content\/uploads\/2025\/01\/Logo-modoviajeok.png","width":2938,"height":2276,"caption":"ModoViajeOK"},"image":{"@id":"https:\/\/modoviajeok.com.ar\/#\/schema\/logo\/image\/"},"sameAs":["https:\/\/www.facebook.com\/mariana.otero1\/","https:\/\/www.instagram.com\/modoviaje.ok\/"]},{"@type":"Person","@id":"https:\/\/modoviajeok.com.ar\/#\/schema\/person\/2e299ed0d3d412a01d244fe28260d7f5","name":"Pepe Segura","image":{"@type":"ImageObject","inLanguage":"es","@id":"https:\/\/modoviajeok.com.ar\/#\/schema\/person\/image\/","url":"https:\/\/secure.gravatar.com\/avatar\/65eb4b34deed761327f5b2c5535b987318ae807900ac46426de7258f5de6d345?s=96&d=mm&r=g","contentUrl":"https:\/\/secure.gravatar.com\/avatar\/65eb4b34deed761327f5b2c5535b987318ae807900ac46426de7258f5de6d345?s=96&d=mm&r=g","caption":"Pepe Segura"},"url":"https:\/\/modoviajeok.com.ar\/index.php\/author\/pepe2025\/"}]}},"_links":{"self":[{"href":"https:\/\/modoviajeok.com.ar\/index.php\/wp-json\/wp\/v2\/posts\/7154","targetHints":{"allow":["GET"]}}],"collection":[{"href":"https:\/\/modoviajeok.com.ar\/index.php\/wp-json\/wp\/v2\/posts"}],"about":[{"href":"https:\/\/modoviajeok.com.ar\/index.php\/wp-json\/wp\/v2\/types\/post"}],"author":[{"embeddable":true,"href":"https:\/\/modoviajeok.com.ar\/index.php\/wp-json\/wp\/v2\/users\/3"}],"replies":[{"embeddable":true,"href":"https:\/\/modoviajeok.com.ar\/index.php\/wp-json\/wp\/v2\/comments?post=7154"}],"version-history":[{"count":1,"href":"https:\/\/modoviajeok.com.ar\/index.php\/wp-json\/wp\/v2\/posts\/7154\/revisions"}],"predecessor-version":[{"id":7159,"href":"https:\/\/modoviajeok.com.ar\/index.php\/wp-json\/wp\/v2\/posts\/7154\/revisions\/7159"}],"wp:featuredmedia":[{"embeddable":true,"href":"https:\/\/modoviajeok.com.ar\/index.php\/wp-json\/wp\/v2\/media\/7155"}],"wp:attachment":[{"href":"https:\/\/modoviajeok.com.ar\/index.php\/wp-json\/wp\/v2\/media?parent=7154"}],"wp:term":[{"taxonomy":"category","embeddable":true,"href":"https:\/\/modoviajeok.com.ar\/index.php\/wp-json\/wp\/v2\/categories?post=7154"},{"taxonomy":"post_tag","embeddable":true,"href":"https:\/\/modoviajeok.com.ar\/index.php\/wp-json\/wp\/v2\/tags?post=7154"}],"curies":[{"name":"wp","href":"https:\/\/api.w.org\/{rel}","templated":true}]}}