{"id":7232,"date":"2026-01-09T19:36:58","date_gmt":"2026-01-09T22:36:58","guid":{"rendered":"https:\/\/modoviajeok.com.ar\/?p=7232"},"modified":"2026-01-09T19:38:15","modified_gmt":"2026-01-09T22:38:15","slug":"en-la-primera-semana-de-enero-cordoba-recibio-110-mil-turistas-mas-que-en-enero-de-2025","status":"publish","type":"post","link":"https:\/\/modoviajeok.com.ar\/index.php\/2026\/01\/09\/en-la-primera-semana-de-enero-cordoba-recibio-110-mil-turistas-mas-que-en-enero-de-2025\/","title":{"rendered":"En la primera semana del a\u00f1o, C\u00f3rdoba recibi\u00f3 110 mil turistas m\u00e1s que en enero de 2025"},"content":{"rendered":"\n<figure class=\"wp-block-pullquote\"><blockquote><p>En t\u00e9rminos de impacto econ\u00f3mico, la primera semana dej\u00f3 como saldo alrededor de 180 mil millones de pesos, con un gasto promedio por turista de unos $118.000.<\/p><\/blockquote><\/figure>\n\n\n\n<p>Casi un 20% m\u00e1s. Esa es la cantidad de turistas que arroj\u00f3 el relevamiento reciente que realiz\u00f3 la Agencia C\u00f3rdoba Turismo respecto al mismo periodo del a\u00f1o anterior: \u201cEs un n\u00famero alentador que nos entusiasma pero que nos obliga a no aflojar y a seguir promocionando y mostr\u00e1ndole a todo el pa\u00eds y la regi\u00f3n porqu\u00e9 C\u00f3rdoba es diferente a todo. Vamos a tener un verano superior al anterior\u201d, se\u00f1al\u00f3 Dar\u00edo Capitani, presidente de la Agencia C\u00f3rdoba Turismo.<\/p>\n\n\n\n<p>En detalle, esta primera semana de enero dej\u00f3 como saldo la visita de m\u00e1s de 650 mil turistas que -sumado al diciembre hist\u00f3rico- arrojan un n\u00famero m\u00e1s que positivo: hasta ac\u00e1, m\u00e1s de un mill\u00f3n y medio de personas eligieron C\u00f3rdoba. En t\u00e9rminos de impacto econ\u00f3mico, tambi\u00e9n la primera semana, dej\u00f3 como saldo alrededor de 180 mil millones de pesos, con un gasto promedio por turista de unos $118.000.<\/p>\n\n\n\n<p>Los valles de Punilla, Calamuchita, Traslasierras y las Sierras Chicas fueron los puntos m\u00e1s convocantes en este inicio de temporada.<\/p>\n\n\n\n<p><strong>Ocupaci\u00f3n en principales Localidades<\/strong><\/p>\n\n\n\n<p>-Nono 78% (con picos el fin de semana pasado de 84%).<\/p>\n\n\n\n<p>-R\u00edo Cuarto 52% (picos de 70%).<\/p>\n\n\n\n<p>-Sierras del Sur 78% (picos de 92%).<\/p>\n\n\n\n<p>-La Falda 62% (picos de 76%).<\/p>\n\n\n\n<p>-R\u00edo Ceballos 54% (picos de 79%).<\/p>\n\n\n\n<p>-Villa Carlos Paz 63% y categorizados al 77% (picos de 90%; y con categorizados al 97%).<\/p>\n\n\n\n<p>-Villa General Belgrano un 80% (picos de 98% en categorizados).<\/p>\n\n\n\n<p>-Santa Rosa de Calamuchita 83% (picos de 85%).<\/p>\n\n\n\n<p>-Miramar 79% (picos del 93%).<\/p>\n\n\n\n<p>-Villa Yacanto de Calamuchita 89% (picos del 95%).<\/p>\n\n\n\n<p>-Tanti 70% (picos de 90%)<\/p>\n\n\n\n<p>-Dean Funes 96% (picos de 100%).<\/p>\n\n\n\n<p>-Villa Ciudad Parque 70% (picos de 83%).<\/p>\n\n\n\n<p>En el mes de diciembre -impulsado por eventos masivos como los dos shows de Shakira y un A\u00f1o Nuevo r\u00e9cord, la provincia recibi\u00f3 m\u00e1s de 870 mil turistas, un 20.79% m\u00e1s que el 2024.<\/p>\n\n\n\n<p>Desde este martes y con el comienzo de un fuerte grilla festivalera -y con distintos atractivos tur\u00edsticos para todos los gustos y edades- la provincia se prepara para tener un fin de semana r\u00e9cord en materia de convocatoria y movimiento.<\/p>\n\n\n\n<p><\/p>\n","protected":false},"excerpt":{"rendered":"<p>En t\u00e9rminos de impacto econ\u00f3mico, la primera semana dej\u00f3 como saldo alrededor de 180 mil millones de pesos, con un gasto promedio por turista de unos $118.000. Casi un 20% m\u00e1s. Esa es la cantidad de turistas que arroj\u00f3 el relevamiento reciente que realiz\u00f3 la Agencia C\u00f3rdoba Turismo respecto al mismo periodo del a\u00f1o anterior: [&hellip;]<\/p>\n","protected":false},"author":3,"featured_media":7234,"comment_status":"open","ping_status":"open","sticky":false,"template":"","format":"standard","meta":{"_acf_changed":false,"footnotes":""},"categories":[11,10],"tags":[99,1121,1524,1420,254,1443,322],"class_list":{"0":"post-7232","1":"post","2":"type-post","3":"status-publish","4":"format-standard","5":"has-post-thumbnail","7":"category-cordoba","8":"category-noticias","9":"tag-cordoba-2","10":"tag-la-falda","11":"tag-nono","12":"tag-rio-cuarto","13":"tag-turistas","14":"tag-villa-general-belgrano","15":"tag-visitantes"},"acf":[],"yoast_head":"<!-- This site is optimized with the Yoast SEO plugin v24.8.1 - https:\/\/yoast.com\/wordpress\/plugins\/seo\/ -->\n<title>En la primera semana del a\u00f1o, C\u00f3rdoba recibi\u00f3 110 mil turistas m\u00e1s que en enero de 2025 -<\/title>\n<meta name=\"robots\" content=\"index, follow, max-snippet:-1, max-image-preview:large, max-video-preview:-1\" \/>\n<link rel=\"canonical\" href=\"https:\/\/modoviajeok.com.ar\/index.php\/2026\/01\/09\/en-la-primera-semana-de-enero-cordoba-recibio-110-mil-turistas-mas-que-en-enero-de-2025\/\" \/>\n<meta property=\"og:locale\" content=\"es_ES\" \/>\n<meta property=\"og:type\" content=\"article\" \/>\n<meta property=\"og:title\" content=\"En la primera semana del a\u00f1o, C\u00f3rdoba recibi\u00f3 110 mil turistas m\u00e1s que en enero de 2025 -\" \/>\n<meta property=\"og:description\" content=\"En t\u00e9rminos de impacto econ\u00f3mico, la primera semana dej\u00f3 como saldo alrededor de 180 mil millones de pesos, con un gasto promedio por turista de unos $118.000. Casi un 20% m\u00e1s. Esa es la cantidad de turistas que arroj\u00f3 el relevamiento reciente que realiz\u00f3 la Agencia C\u00f3rdoba Turismo respecto al mismo periodo del a\u00f1o anterior: [&hellip;]\" \/>\n<meta property=\"og:url\" content=\"https:\/\/modoviajeok.com.ar\/index.php\/2026\/01\/09\/en-la-primera-semana-de-enero-cordoba-recibio-110-mil-turistas-mas-que-en-enero-de-2025\/\" \/>\n<meta property=\"article:publisher\" content=\"https:\/\/www.facebook.com\/mariana.otero1\/\" \/>\n<meta property=\"article:published_time\" content=\"2026-01-09T22:36:58+00:00\" \/>\n<meta property=\"article:modified_time\" content=\"2026-01-09T22:38:15+00:00\" \/>\n<meta property=\"og:image\" content=\"https:\/\/modoviajeok.com.ar\/wp-content\/uploads\/2026\/01\/WhatsApp-Image-2026-01-09-at-18.04.43-scaled.jpeg\" \/>\n\t<meta property=\"og:image:width\" content=\"2560\" \/>\n\t<meta property=\"og:image:height\" content=\"1440\" \/>\n\t<meta property=\"og:image:type\" content=\"image\/jpeg\" \/>\n<meta name=\"author\" content=\"Pepe Segura\" \/>\n<meta name=\"twitter:card\" content=\"summary_large_image\" \/>\n<meta name=\"twitter:label1\" content=\"Escrito por\" \/>\n\t<meta name=\"twitter:data1\" content=\"Pepe Segura\" \/>\n\t<meta name=\"twitter:label2\" content=\"Tiempo de lectura\" \/>\n\t<meta name=\"twitter:data2\" content=\"2 minutos\" \/>\n<script type=\"application\/ld+json\" class=\"yoast-schema-graph\">{\"@context\":\"https:\/\/schema.org\",\"@graph\":[{\"@type\":\"Article\",\"@id\":\"https:\/\/modoviajeok.com.ar\/index.php\/2026\/01\/09\/en-la-primera-semana-de-enero-cordoba-recibio-110-mil-turistas-mas-que-en-enero-de-2025\/#article\",\"isPartOf\":{\"@id\":\"https:\/\/modoviajeok.com.ar\/index.php\/2026\/01\/09\/en-la-primera-semana-de-enero-cordoba-recibio-110-mil-turistas-mas-que-en-enero-de-2025\/\"},\"author\":{\"name\":\"Pepe Segura\",\"@id\":\"https:\/\/modoviajeok.com.ar\/#\/schema\/person\/2e299ed0d3d412a01d244fe28260d7f5\"},\"headline\":\"En la primera semana del a\u00f1o, C\u00f3rdoba recibi\u00f3 110 mil turistas m\u00e1s que en enero de 2025\",\"datePublished\":\"2026-01-09T22:36:58+00:00\",\"dateModified\":\"2026-01-09T22:38:15+00:00\",\"mainEntityOfPage\":{\"@id\":\"https:\/\/modoviajeok.com.ar\/index.php\/2026\/01\/09\/en-la-primera-semana-de-enero-cordoba-recibio-110-mil-turistas-mas-que-en-enero-de-2025\/\"},\"wordCount\":387,\"commentCount\":0,\"publisher\":{\"@id\":\"https:\/\/modoviajeok.com.ar\/#organization\"},\"image\":{\"@id\":\"https:\/\/modoviajeok.com.ar\/index.php\/2026\/01\/09\/en-la-primera-semana-de-enero-cordoba-recibio-110-mil-turistas-mas-que-en-enero-de-2025\/#primaryimage\"},\"thumbnailUrl\":\"https:\/\/modoviajeok.com.ar\/wp-content\/uploads\/2026\/01\/WhatsApp-Image-2026-01-09-at-18.04.43-scaled.jpeg\",\"keywords\":[\"cordoba\",\"la falda\",\"nono\",\"rio cuarto\",\"turistas\",\"villa general belgrano\",\"visitantes\"],\"articleSection\":[\"C\u00f3rdoba\",\"Noticias\"],\"inLanguage\":\"es\",\"potentialAction\":[{\"@type\":\"CommentAction\",\"name\":\"Comment\",\"target\":[\"https:\/\/modoviajeok.com.ar\/index.php\/2026\/01\/09\/en-la-primera-semana-de-enero-cordoba-recibio-110-mil-turistas-mas-que-en-enero-de-2025\/#respond\"]}]},{\"@type\":\"WebPage\",\"@id\":\"https:\/\/modoviajeok.com.ar\/index.php\/2026\/01\/09\/en-la-primera-semana-de-enero-cordoba-recibio-110-mil-turistas-mas-que-en-enero-de-2025\/\",\"url\":\"https:\/\/modoviajeok.com.ar\/index.php\/2026\/01\/09\/en-la-primera-semana-de-enero-cordoba-recibio-110-mil-turistas-mas-que-en-enero-de-2025\/\",\"name\":\"En la primera semana del a\u00f1o, C\u00f3rdoba recibi\u00f3 110 mil turistas m\u00e1s que en enero de 2025 -\",\"isPartOf\":{\"@id\":\"https:\/\/modoviajeok.com.ar\/#website\"},\"primaryImageOfPage\":{\"@id\":\"https:\/\/modoviajeok.com.ar\/index.php\/2026\/01\/09\/en-la-primera-semana-de-enero-cordoba-recibio-110-mil-turistas-mas-que-en-enero-de-2025\/#primaryimage\"},\"image\":{\"@id\":\"https:\/\/modoviajeok.com.ar\/index.php\/2026\/01\/09\/en-la-primera-semana-de-enero-cordoba-recibio-110-mil-turistas-mas-que-en-enero-de-2025\/#primaryimage\"},\"thumbnailUrl\":\"https:\/\/modoviajeok.com.ar\/wp-content\/uploads\/2026\/01\/WhatsApp-Image-2026-01-09-at-18.04.43-scaled.jpeg\",\"datePublished\":\"2026-01-09T22:36:58+00:00\",\"dateModified\":\"2026-01-09T22:38:15+00:00\",\"breadcrumb\":{\"@id\":\"https:\/\/modoviajeok.com.ar\/index.php\/2026\/01\/09\/en-la-primera-semana-de-enero-cordoba-recibio-110-mil-turistas-mas-que-en-enero-de-2025\/#breadcrumb\"},\"inLanguage\":\"es\",\"potentialAction\":[{\"@type\":\"ReadAction\",\"target\":[\"https:\/\/modoviajeok.com.ar\/index.php\/2026\/01\/09\/en-la-primera-semana-de-enero-cordoba-recibio-110-mil-turistas-mas-que-en-enero-de-2025\/\"]}]},{\"@type\":\"ImageObject\",\"inLanguage\":\"es\",\"@id\":\"https:\/\/modoviajeok.com.ar\/index.php\/2026\/01\/09\/en-la-primera-semana-de-enero-cordoba-recibio-110-mil-turistas-mas-que-en-enero-de-2025\/#primaryimage\",\"url\":\"https:\/\/modoviajeok.com.ar\/wp-content\/uploads\/2026\/01\/WhatsApp-Image-2026-01-09-at-18.04.43-scaled.jpeg\",\"contentUrl\":\"https:\/\/modoviajeok.com.ar\/wp-content\/uploads\/2026\/01\/WhatsApp-Image-2026-01-09-at-18.04.43-scaled.jpeg\",\"width\":2560,\"height\":1440},{\"@type\":\"BreadcrumbList\",\"@id\":\"https:\/\/modoviajeok.com.ar\/index.php\/2026\/01\/09\/en-la-primera-semana-de-enero-cordoba-recibio-110-mil-turistas-mas-que-en-enero-de-2025\/#breadcrumb\",\"itemListElement\":[{\"@type\":\"ListItem\",\"position\":1,\"name\":\"Portada\",\"item\":\"https:\/\/modoviajeok.com.ar\/\"},{\"@type\":\"ListItem\",\"position\":2,\"name\":\"En la primera semana del a\u00f1o, C\u00f3rdoba recibi\u00f3 110 mil turistas m\u00e1s que en enero de 2025\"}]},{\"@type\":\"WebSite\",\"@id\":\"https:\/\/modoviajeok.com.ar\/#website\",\"url\":\"https:\/\/modoviajeok.com.ar\/\",\"name\":\"ModoViajeOK\",\"description\":\"\",\"publisher\":{\"@id\":\"https:\/\/modoviajeok.com.ar\/#organization\"},\"potentialAction\":[{\"@type\":\"SearchAction\",\"target\":{\"@type\":\"EntryPoint\",\"urlTemplate\":\"https:\/\/modoviajeok.com.ar\/?s={search_term_string}\"},\"query-input\":{\"@type\":\"PropertyValueSpecification\",\"valueRequired\":true,\"valueName\":\"search_term_string\"}}],\"inLanguage\":\"es\"},{\"@type\":\"Organization\",\"@id\":\"https:\/\/modoviajeok.com.ar\/#organization\",\"name\":\"ModoViajeOK\",\"url\":\"https:\/\/modoviajeok.com.ar\/\",\"logo\":{\"@type\":\"ImageObject\",\"inLanguage\":\"es\",\"@id\":\"https:\/\/modoviajeok.com.ar\/#\/schema\/logo\/image\/\",\"url\":\"https:\/\/modoviajeok.com.ar\/wp-content\/uploads\/2025\/01\/Logo-modoviajeok.png\",\"contentUrl\":\"https:\/\/modoviajeok.com.ar\/wp-content\/uploads\/2025\/01\/Logo-modoviajeok.png\",\"width\":2938,\"height\":2276,\"caption\":\"ModoViajeOK\"},\"image\":{\"@id\":\"https:\/\/modoviajeok.com.ar\/#\/schema\/logo\/image\/\"},\"sameAs\":[\"https:\/\/www.facebook.com\/mariana.otero1\/\",\"https:\/\/www.instagram.com\/modoviaje.ok\/\"]},{\"@type\":\"Person\",\"@id\":\"https:\/\/modoviajeok.com.ar\/#\/schema\/person\/2e299ed0d3d412a01d244fe28260d7f5\",\"name\":\"Pepe Segura\",\"image\":{\"@type\":\"ImageObject\",\"inLanguage\":\"es\",\"@id\":\"https:\/\/modoviajeok.com.ar\/#\/schema\/person\/image\/\",\"url\":\"https:\/\/secure.gravatar.com\/avatar\/65eb4b34deed761327f5b2c5535b987318ae807900ac46426de7258f5de6d345?s=96&d=mm&r=g\",\"contentUrl\":\"https:\/\/secure.gravatar.com\/avatar\/65eb4b34deed761327f5b2c5535b987318ae807900ac46426de7258f5de6d345?s=96&d=mm&r=g\",\"caption\":\"Pepe Segura\"},\"url\":\"https:\/\/modoviajeok.com.ar\/index.php\/author\/pepe2025\/\"}]}<\/script>\n<!-- \/ Yoast SEO plugin. -->","yoast_head_json":{"title":"En la primera semana del a\u00f1o, C\u00f3rdoba recibi\u00f3 110 mil turistas m\u00e1s que en enero de 2025 -","robots":{"index":"index","follow":"follow","max-snippet":"max-snippet:-1","max-image-preview":"max-image-preview:large","max-video-preview":"max-video-preview:-1"},"canonical":"https:\/\/modoviajeok.com.ar\/index.php\/2026\/01\/09\/en-la-primera-semana-de-enero-cordoba-recibio-110-mil-turistas-mas-que-en-enero-de-2025\/","og_locale":"es_ES","og_type":"article","og_title":"En la primera semana del a\u00f1o, C\u00f3rdoba recibi\u00f3 110 mil turistas m\u00e1s que en enero de 2025 -","og_description":"En t\u00e9rminos de impacto econ\u00f3mico, la primera semana dej\u00f3 como saldo alrededor de 180 mil millones de pesos, con un gasto promedio por turista de unos $118.000. Casi un 20% m\u00e1s. Esa es la cantidad de turistas que arroj\u00f3 el relevamiento reciente que realiz\u00f3 la Agencia C\u00f3rdoba Turismo respecto al mismo periodo del a\u00f1o anterior: [&hellip;]","og_url":"https:\/\/modoviajeok.com.ar\/index.php\/2026\/01\/09\/en-la-primera-semana-de-enero-cordoba-recibio-110-mil-turistas-mas-que-en-enero-de-2025\/","article_publisher":"https:\/\/www.facebook.com\/mariana.otero1\/","article_published_time":"2026-01-09T22:36:58+00:00","article_modified_time":"2026-01-09T22:38:15+00:00","og_image":[{"width":2560,"height":1440,"url":"https:\/\/modoviajeok.com.ar\/wp-content\/uploads\/2026\/01\/WhatsApp-Image-2026-01-09-at-18.04.43-scaled.jpeg","type":"image\/jpeg"}],"author":"Pepe Segura","twitter_card":"summary_large_image","twitter_misc":{"Escrito por":"Pepe Segura","Tiempo de lectura":"2 minutos"},"schema":{"@context":"https:\/\/schema.org","@graph":[{"@type":"Article","@id":"https:\/\/modoviajeok.com.ar\/index.php\/2026\/01\/09\/en-la-primera-semana-de-enero-cordoba-recibio-110-mil-turistas-mas-que-en-enero-de-2025\/#article","isPartOf":{"@id":"https:\/\/modoviajeok.com.ar\/index.php\/2026\/01\/09\/en-la-primera-semana-de-enero-cordoba-recibio-110-mil-turistas-mas-que-en-enero-de-2025\/"},"author":{"name":"Pepe Segura","@id":"https:\/\/modoviajeok.com.ar\/#\/schema\/person\/2e299ed0d3d412a01d244fe28260d7f5"},"headline":"En la primera semana del a\u00f1o, C\u00f3rdoba recibi\u00f3 110 mil turistas m\u00e1s que en enero de 2025","datePublished":"2026-01-09T22:36:58+00:00","dateModified":"2026-01-09T22:38:15+00:00","mainEntityOfPage":{"@id":"https:\/\/modoviajeok.com.ar\/index.php\/2026\/01\/09\/en-la-primera-semana-de-enero-cordoba-recibio-110-mil-turistas-mas-que-en-enero-de-2025\/"},"wordCount":387,"commentCount":0,"publisher":{"@id":"https:\/\/modoviajeok.com.ar\/#organization"},"image":{"@id":"https:\/\/modoviajeok.com.ar\/index.php\/2026\/01\/09\/en-la-primera-semana-de-enero-cordoba-recibio-110-mil-turistas-mas-que-en-enero-de-2025\/#primaryimage"},"thumbnailUrl":"https:\/\/modoviajeok.com.ar\/wp-content\/uploads\/2026\/01\/WhatsApp-Image-2026-01-09-at-18.04.43-scaled.jpeg","keywords":["cordoba","la falda","nono","rio cuarto","turistas","villa general belgrano","visitantes"],"articleSection":["C\u00f3rdoba","Noticias"],"inLanguage":"es","potentialAction":[{"@type":"CommentAction","name":"Comment","target":["https:\/\/modoviajeok.com.ar\/index.php\/2026\/01\/09\/en-la-primera-semana-de-enero-cordoba-recibio-110-mil-turistas-mas-que-en-enero-de-2025\/#respond"]}]},{"@type":"WebPage","@id":"https:\/\/modoviajeok.com.ar\/index.php\/2026\/01\/09\/en-la-primera-semana-de-enero-cordoba-recibio-110-mil-turistas-mas-que-en-enero-de-2025\/","url":"https:\/\/modoviajeok.com.ar\/index.php\/2026\/01\/09\/en-la-primera-semana-de-enero-cordoba-recibio-110-mil-turistas-mas-que-en-enero-de-2025\/","name":"En la primera semana del a\u00f1o, C\u00f3rdoba recibi\u00f3 110 mil turistas m\u00e1s que en enero de 2025 -","isPartOf":{"@id":"https:\/\/modoviajeok.com.ar\/#website"},"primaryImageOfPage":{"@id":"https:\/\/modoviajeok.com.ar\/index.php\/2026\/01\/09\/en-la-primera-semana-de-enero-cordoba-recibio-110-mil-turistas-mas-que-en-enero-de-2025\/#primaryimage"},"image":{"@id":"https:\/\/modoviajeok.com.ar\/index.php\/2026\/01\/09\/en-la-primera-semana-de-enero-cordoba-recibio-110-mil-turistas-mas-que-en-enero-de-2025\/#primaryimage"},"thumbnailUrl":"https:\/\/modoviajeok.com.ar\/wp-content\/uploads\/2026\/01\/WhatsApp-Image-2026-01-09-at-18.04.43-scaled.jpeg","datePublished":"2026-01-09T22:36:58+00:00","dateModified":"2026-01-09T22:38:15+00:00","breadcrumb":{"@id":"https:\/\/modoviajeok.com.ar\/index.php\/2026\/01\/09\/en-la-primera-semana-de-enero-cordoba-recibio-110-mil-turistas-mas-que-en-enero-de-2025\/#breadcrumb"},"inLanguage":"es","potentialAction":[{"@type":"ReadAction","target":["https:\/\/modoviajeok.com.ar\/index.php\/2026\/01\/09\/en-la-primera-semana-de-enero-cordoba-recibio-110-mil-turistas-mas-que-en-enero-de-2025\/"]}]},{"@type":"ImageObject","inLanguage":"es","@id":"https:\/\/modoviajeok.com.ar\/index.php\/2026\/01\/09\/en-la-primera-semana-de-enero-cordoba-recibio-110-mil-turistas-mas-que-en-enero-de-2025\/#primaryimage","url":"https:\/\/modoviajeok.com.ar\/wp-content\/uploads\/2026\/01\/WhatsApp-Image-2026-01-09-at-18.04.43-scaled.jpeg","contentUrl":"https:\/\/modoviajeok.com.ar\/wp-content\/uploads\/2026\/01\/WhatsApp-Image-2026-01-09-at-18.04.43-scaled.jpeg","width":2560,"height":1440},{"@type":"BreadcrumbList","@id":"https:\/\/modoviajeok.com.ar\/index.php\/2026\/01\/09\/en-la-primera-semana-de-enero-cordoba-recibio-110-mil-turistas-mas-que-en-enero-de-2025\/#breadcrumb","itemListElement":[{"@type":"ListItem","position":1,"name":"Portada","item":"https:\/\/modoviajeok.com.ar\/"},{"@type":"ListItem","position":2,"name":"En la primera semana del a\u00f1o, C\u00f3rdoba recibi\u00f3 110 mil turistas m\u00e1s que en enero de 2025"}]},{"@type":"WebSite","@id":"https:\/\/modoviajeok.com.ar\/#website","url":"https:\/\/modoviajeok.com.ar\/","name":"ModoViajeOK","description":"","publisher":{"@id":"https:\/\/modoviajeok.com.ar\/#organization"},"potentialAction":[{"@type":"SearchAction","target":{"@type":"EntryPoint","urlTemplate":"https:\/\/modoviajeok.com.ar\/?s={search_term_string}"},"query-input":{"@type":"PropertyValueSpecification","valueRequired":true,"valueName":"search_term_string"}}],"inLanguage":"es"},{"@type":"Organization","@id":"https:\/\/modoviajeok.com.ar\/#organization","name":"ModoViajeOK","url":"https:\/\/modoviajeok.com.ar\/","logo":{"@type":"ImageObject","inLanguage":"es","@id":"https:\/\/modoviajeok.com.ar\/#\/schema\/logo\/image\/","url":"https:\/\/modoviajeok.com.ar\/wp-content\/uploads\/2025\/01\/Logo-modoviajeok.png","contentUrl":"https:\/\/modoviajeok.com.ar\/wp-content\/uploads\/2025\/01\/Logo-modoviajeok.png","width":2938,"height":2276,"caption":"ModoViajeOK"},"image":{"@id":"https:\/\/modoviajeok.com.ar\/#\/schema\/logo\/image\/"},"sameAs":["https:\/\/www.facebook.com\/mariana.otero1\/","https:\/\/www.instagram.com\/modoviaje.ok\/"]},{"@type":"Person","@id":"https:\/\/modoviajeok.com.ar\/#\/schema\/person\/2e299ed0d3d412a01d244fe28260d7f5","name":"Pepe Segura","image":{"@type":"ImageObject","inLanguage":"es","@id":"https:\/\/modoviajeok.com.ar\/#\/schema\/person\/image\/","url":"https:\/\/secure.gravatar.com\/avatar\/65eb4b34deed761327f5b2c5535b987318ae807900ac46426de7258f5de6d345?s=96&d=mm&r=g","contentUrl":"https:\/\/secure.gravatar.com\/avatar\/65eb4b34deed761327f5b2c5535b987318ae807900ac46426de7258f5de6d345?s=96&d=mm&r=g","caption":"Pepe Segura"},"url":"https:\/\/modoviajeok.com.ar\/index.php\/author\/pepe2025\/"}]}},"_links":{"self":[{"href":"https:\/\/modoviajeok.com.ar\/index.php\/wp-json\/wp\/v2\/posts\/7232","targetHints":{"allow":["GET"]}}],"collection":[{"href":"https:\/\/modoviajeok.com.ar\/index.php\/wp-json\/wp\/v2\/posts"}],"about":[{"href":"https:\/\/modoviajeok.com.ar\/index.php\/wp-json\/wp\/v2\/types\/post"}],"author":[{"embeddable":true,"href":"https:\/\/modoviajeok.com.ar\/index.php\/wp-json\/wp\/v2\/users\/3"}],"replies":[{"embeddable":true,"href":"https:\/\/modoviajeok.com.ar\/index.php\/wp-json\/wp\/v2\/comments?post=7232"}],"version-history":[{"count":2,"href":"https:\/\/modoviajeok.com.ar\/index.php\/wp-json\/wp\/v2\/posts\/7232\/revisions"}],"predecessor-version":[{"id":7236,"href":"https:\/\/modoviajeok.com.ar\/index.php\/wp-json\/wp\/v2\/posts\/7232\/revisions\/7236"}],"wp:featuredmedia":[{"embeddable":true,"href":"https:\/\/modoviajeok.com.ar\/index.php\/wp-json\/wp\/v2\/media\/7234"}],"wp:attachment":[{"href":"https:\/\/modoviajeok.com.ar\/index.php\/wp-json\/wp\/v2\/media?parent=7232"}],"wp:term":[{"taxonomy":"category","embeddable":true,"href":"https:\/\/modoviajeok.com.ar\/index.php\/wp-json\/wp\/v2\/categories?post=7232"},{"taxonomy":"post_tag","embeddable":true,"href":"https:\/\/modoviajeok.com.ar\/index.php\/wp-json\/wp\/v2\/tags?post=7232"}],"curies":[{"name":"wp","href":"https:\/\/api.w.org\/{rel}","templated":true}]}}