{"id":7242,"date":"2026-01-14T20:46:45","date_gmt":"2026-01-14T23:46:45","guid":{"rendered":"https:\/\/modoviajeok.com.ar\/?p=7242"},"modified":"2026-01-19T19:08:02","modified_gmt":"2026-01-19T22:08:02","slug":"los-festivales-copan-la-cartelera-del-verano-cordobes","status":"publish","type":"post","link":"https:\/\/modoviajeok.com.ar\/index.php\/2026\/01\/14\/los-festivales-copan-la-cartelera-del-verano-cordobes\/","title":{"rendered":"Los festivales copan la cartelera del verano cordob\u00e9s"},"content":{"rendered":"\n<figure class=\"wp-block-image size-full\"><img loading=\"lazy\" decoding=\"async\" width=\"1536\" height=\"1023\" src=\"https:\/\/modoviajeok.com.ar\/wp-content\/uploads\/2026\/01\/WhatsApp-Image-2026-01-13-at-12.34.28-1536x1023-1.jpeg\" alt=\"\" class=\"wp-image-7243\" srcset=\"https:\/\/modoviajeok.com.ar\/wp-content\/uploads\/2026\/01\/WhatsApp-Image-2026-01-13-at-12.34.28-1536x1023-1.jpeg 1536w, https:\/\/modoviajeok.com.ar\/wp-content\/uploads\/2026\/01\/WhatsApp-Image-2026-01-13-at-12.34.28-1536x1023-1-768x512.jpeg 768w, https:\/\/modoviajeok.com.ar\/wp-content\/uploads\/2026\/01\/WhatsApp-Image-2026-01-13-at-12.34.28-1536x1023-1-631x420.jpeg 631w, https:\/\/modoviajeok.com.ar\/wp-content\/uploads\/2026\/01\/WhatsApp-Image-2026-01-13-at-12.34.28-1536x1023-1-150x100.jpeg 150w, https:\/\/modoviajeok.com.ar\/wp-content\/uploads\/2026\/01\/WhatsApp-Image-2026-01-13-at-12.34.28-1536x1023-1-300x200.jpeg 300w, https:\/\/modoviajeok.com.ar\/wp-content\/uploads\/2026\/01\/WhatsApp-Image-2026-01-13-at-12.34.28-1536x1023-1-696x464.jpeg 696w, https:\/\/modoviajeok.com.ar\/wp-content\/uploads\/2026\/01\/WhatsApp-Image-2026-01-13-at-12.34.28-1536x1023-1-1068x711.jpeg 1068w\" sizes=\"auto, (max-width: 1536px) 100vw, 1536px\" \/><figcaption class=\"wp-element-caption\">Sommer Fest en Villa General Belgrano.t<\/figcaption><\/figure>\n\n\n\n<p>La temporada de verano contin\u00faa consolidando a C\u00f3rdoba como la provincia m\u00e1s elegida del pa\u00eds por los turistas argentinos. Con una agenda plena de eventos, fiestas populares y festivales en cada rinc\u00f3n del territorio, los pr\u00f3ximos d\u00edas ofrecen m\u00faltiples propuestas culturales, gastron\u00f3micas y musicales para hacer m\u00e1s placentera la estad\u00eda de los visitantes.<\/p>\n\n\n\n<p>Este fin de semana, uno de los grandes protagonistas ser\u00e1 el&nbsp;Festival Nacional de Doma y Folklore de Jes\u00fas Mar\u00eda, uno de los eventos de folklore y jineteada m\u00e1s importantes de C\u00f3rdoba, Argentina y Am\u00e9rica Latina. El cierre oficial ser\u00e1 el&nbsp;domingo 18 de enero, con una cartelera destacada de grandes artistas de la m\u00fasica argentina y la participaci\u00f3n de jinetes de toda Latinoam\u00e9rica.<\/p>\n\n\n\n<p>En el sur provincial, la&nbsp;63\u00b0 Fiesta Provincial del Turismo&nbsp;se vive en&nbsp;Achiras&nbsp;hasta el&nbsp;17 de enero, con noches imperdibles en las calles Sarmiento y General Paz. En tanto,&nbsp;Villa del Rosario&nbsp;alberga el&nbsp;Festival Nacional de Folclore en el Agua, que se extiende hasta el&nbsp;23 de enero&nbsp;con una nutrida agenda musical.<\/p>\n\n\n\n<p>La danza tiene su lugar en&nbsp;Laborde, donde hasta el&nbsp;17 de enero&nbsp;se desarrolla el tradicional&nbsp;Festival Nacional del Malambo, con m\u00e1s de 50 a\u00f1os de historia y la participaci\u00f3n de destacados bailarines y artistas del folclore nacional.<\/p>\n\n\n\n<p>En el Valle de Calamuchita,&nbsp;Villa General Belgrano&nbsp;celebra la&nbsp;SommerFest&nbsp;del&nbsp;12 al 16 de enero, una propuesta al aire libre que combina m\u00fasica en vivo, espect\u00e1culos, espiche, gastronom\u00eda y actividades para toda la familia. Por su parte,&nbsp;Villa Rumipal&nbsp;vibra con el&nbsp;Festival del Lago, con patio gastron\u00f3mico, artesanos, juegos infantiles y artistas de primer nivel, mientras que&nbsp;Embalse&nbsp;ser\u00e1 escenario de la&nbsp;Remada Nocturna&nbsp;desde la Playa Maldonado.<\/p>\n\n\n\n<p>Este fin de semana tambi\u00e9n comienza el&nbsp;Festival de la Avicultura&nbsp;en&nbsp;Santa Mar\u00eda de Punilla, con feria de artesanos, gastronom\u00eda, shows de artistas nacionales e internacionales, y bandas en vivo. En&nbsp;R\u00edo de los Sauces, el&nbsp;Festival de Doma y Folklore&nbsp;anima las noches hasta el&nbsp;17 de enero.<\/p>\n\n\n\n<p>La ciudad de&nbsp;Alta Gracia&nbsp;recibe a&nbsp;MIONCA, el festival de food trucks m\u00e1s grande del interior del pa\u00eds, con m\u00e1s de 40 propuestas gastron\u00f3micas, bandas en vivo, DJs, experiencias inmersivas, arte en vivo, talleres, mural colaborativo y feria.<\/p>\n\n\n\n<p>En el&nbsp;Valle de Traslasierra,&nbsp;Luyaba&nbsp;celebra el&nbsp;Festival del Algarrobo Hist\u00f3rico, con una propuesta cultural que pone en valor la identidad local. El&nbsp;viernes 16 de enero,&nbsp;Paso Viejo&nbsp;ser\u00e1 sede del&nbsp;Festival Provincial del Algod\u00f3n, una fiesta popular que combina m\u00fasica, danzas, feria de artesan\u00edas y comidas t\u00edpicas.<\/p>\n\n\n\n<p>Las celebraciones contin\u00faan en&nbsp;Valle Hermoso&nbsp;con los&nbsp;Carnavales&nbsp;los d\u00edas&nbsp;16 y 17 de enero, y en&nbsp;La Cumbre, donde se realiza la&nbsp;3\u00aa edici\u00f3n del Festival del Jazz, con una propuesta musical de excelencia. En&nbsp;Las Acequias, el&nbsp;Festival del Verano&nbsp;ofrece una grilla pensada para disfrutar en familia y con amigos.<\/p>\n\n\n\n<p>La gastronom\u00eda regional tambi\u00e9n dice presente:&nbsp;Alpa Corral&nbsp;celebra el&nbsp;Festival del Cordero, con el cordero serrano como protagonista y artistas de g\u00e9neros diversos, mientras que&nbsp;Tanti&nbsp;vuelve a ser sede de&nbsp;Solar del Rock, el festival solidario m\u00e1s grande de C\u00f3rdoba, con la participaci\u00f3n de Estelares, Nonpalidece, Mariano Mart\u00ednez y muchos artistas m\u00e1s.<\/p>\n\n\n\n<p>El&nbsp;18 de enero,&nbsp;Villa Santa Cruz del Lago&nbsp;ser\u00e1 escenario de la&nbsp;Fiesta de la Provincian\u00eda, un encuentro con nuestras ra\u00edces que re\u00fane m\u00fasica en vivo, platos t\u00edpicos y feria de artesan\u00edas. Ese mismo d\u00eda,&nbsp;Cruz del Eje&nbsp;celebrar\u00e1 la&nbsp;Fiesta del Olivo, especialmente pensada para las infancias y el p\u00fablico familiar.<\/p>\n\n\n\n<p>Consulta la agenda completa de eventos, horarios, grillas y venta de entradas en <a href=\"https:\/\/cordobaturismo.gov.ar\/cronograma-de-eventos\/\">https:\/\/cordobaturismo.gov.ar\/cronograma-de-eventos\/<\/a><\/p>\n\n\n\n<figure class=\"wp-block-image size-full\"><img loading=\"lazy\" decoding=\"async\" width=\"512\" height=\"339\" src=\"https:\/\/modoviajeok.com.ar\/wp-content\/uploads\/2026\/01\/malambo.jpg\" alt=\"\" class=\"wp-image-7244\" srcset=\"https:\/\/modoviajeok.com.ar\/wp-content\/uploads\/2026\/01\/malambo.jpg 512w, https:\/\/modoviajeok.com.ar\/wp-content\/uploads\/2026\/01\/malambo-150x99.jpg 150w, https:\/\/modoviajeok.com.ar\/wp-content\/uploads\/2026\/01\/malambo-300x199.jpg 300w\" sizes=\"auto, (max-width: 512px) 100vw, 512px\" \/><figcaption class=\"wp-element-caption\">Festival del Malambo en Laborde.<\/figcaption><\/figure>\n\n\n\n<p><strong>El \u00faltimo fin de semana se movilizaron 400 mil personas<\/strong><\/p>\n\n\n\n<p>\u201cLa provincia elegida en el pa\u00eds\u201d. Con estas palabras defini\u00f3 a C\u00f3rdoba en este verano el presidente de la Agencia C\u00f3rdoba Turismo, Dar\u00edo Capitani. Es que finalizado el \u00faltimo fin de semana, los n\u00fameros as\u00ed lo indican: se movilizaron unos 416 turistas por toda la provincia. Los valles de Punilla, Calamuchita, Traslasierra y Paravachasca fueron los m\u00e1s concurridos. Seg\u00fan el relevamiento realizado por la Agencia C\u00f3rdoba Turismo, Villa Carlos Paz estuvo al 85% (categor\u00edzados 90%), Villa Rumipal 80%, Santa Rosa de Calamuchita 95%, Villa General Belgrano 95% (categorizados 98%), Villa Cura Brochero 70%, Mina Clavero 75% y Nono 85%.<\/p>\n\n\n\n<p>En tanto que Jes\u00fas Maria report\u00f3 un 100%, Colonia Caroya un 90%, Alta Gracia estuvo al 70%, Miramar 87%; y La Falda, Villa Giardino y La Cumbre al 70%, mientras que Potrero de Garay registr\u00f3 un 65% y Achiras 90%.<\/p>\n","protected":false},"excerpt":{"rendered":"<p>La temporada de verano contin\u00faa consolidando a C\u00f3rdoba como la provincia m\u00e1s elegida del pa\u00eds por los turistas argentinos. Con una agenda plena de eventos, fiestas populares y festivales en cada rinc\u00f3n del territorio, los pr\u00f3ximos d\u00edas ofrecen m\u00faltiples propuestas culturales, gastron\u00f3micas y musicales para hacer m\u00e1s placentera la estad\u00eda de los visitantes. Este fin [&hellip;]<\/p>\n","protected":false},"author":3,"featured_media":7247,"comment_status":"open","ping_status":"open","sticky":false,"template":"","format":"standard","meta":{"_acf_changed":false,"footnotes":""},"categories":[11,2],"tags":[345,1399,1526,1527,1525],"class_list":{"0":"post-7242","1":"post","2":"type-post","3":"status-publish","4":"format-standard","5":"has-post-thumbnail","7":"category-cordoba","8":"category-destacadas","9":"tag-agencia-cordoba-turismo-2","10":"tag-festival-de-doma-y-folklore-de-jesus-maria","11":"tag-festival-de-la-avicultura","12":"tag-mionca","13":"tag-sommerfest"},"acf":[],"yoast_head":"<!-- This site is optimized with the Yoast SEO plugin v24.8.1 - https:\/\/yoast.com\/wordpress\/plugins\/seo\/ -->\n<title>Los festivales copan la cartelera del verano cordob\u00e9s -<\/title>\n<meta name=\"robots\" content=\"index, follow, max-snippet:-1, max-image-preview:large, max-video-preview:-1\" \/>\n<link rel=\"canonical\" href=\"https:\/\/modoviajeok.com.ar\/index.php\/2026\/01\/14\/los-festivales-copan-la-cartelera-del-verano-cordobes\/\" \/>\n<meta property=\"og:locale\" content=\"es_ES\" \/>\n<meta property=\"og:type\" content=\"article\" \/>\n<meta property=\"og:title\" content=\"Los festivales copan la cartelera del verano cordob\u00e9s -\" \/>\n<meta property=\"og:description\" content=\"La temporada de verano contin\u00faa consolidando a C\u00f3rdoba como la provincia m\u00e1s elegida del pa\u00eds por los turistas argentinos. Con una agenda plena de eventos, fiestas populares y festivales en cada rinc\u00f3n del territorio, los pr\u00f3ximos d\u00edas ofrecen m\u00faltiples propuestas culturales, gastron\u00f3micas y musicales para hacer m\u00e1s placentera la estad\u00eda de los visitantes. Este fin [&hellip;]\" \/>\n<meta property=\"og:url\" content=\"https:\/\/modoviajeok.com.ar\/index.php\/2026\/01\/14\/los-festivales-copan-la-cartelera-del-verano-cordobes\/\" \/>\n<meta property=\"article:publisher\" content=\"https:\/\/www.facebook.com\/mariana.otero1\/\" \/>\n<meta property=\"article:published_time\" content=\"2026-01-14T23:46:45+00:00\" \/>\n<meta property=\"article:modified_time\" content=\"2026-01-19T22:08:02+00:00\" \/>\n<meta property=\"og:image\" content=\"https:\/\/modoviajeok.com.ar\/wp-content\/uploads\/2026\/01\/DSCN0152-scaled.jpg\" \/>\n\t<meta property=\"og:image:width\" content=\"2560\" \/>\n\t<meta property=\"og:image:height\" content=\"1908\" \/>\n\t<meta property=\"og:image:type\" content=\"image\/jpeg\" \/>\n<meta name=\"author\" content=\"Pepe Segura\" \/>\n<meta name=\"twitter:card\" content=\"summary_large_image\" \/>\n<meta name=\"twitter:label1\" content=\"Escrito por\" \/>\n\t<meta name=\"twitter:data1\" content=\"Pepe Segura\" \/>\n\t<meta name=\"twitter:label2\" content=\"Tiempo de lectura\" \/>\n\t<meta name=\"twitter:data2\" content=\"5 minutos\" \/>\n<script type=\"application\/ld+json\" class=\"yoast-schema-graph\">{\"@context\":\"https:\/\/schema.org\",\"@graph\":[{\"@type\":\"Article\",\"@id\":\"https:\/\/modoviajeok.com.ar\/index.php\/2026\/01\/14\/los-festivales-copan-la-cartelera-del-verano-cordobes\/#article\",\"isPartOf\":{\"@id\":\"https:\/\/modoviajeok.com.ar\/index.php\/2026\/01\/14\/los-festivales-copan-la-cartelera-del-verano-cordobes\/\"},\"author\":{\"name\":\"Pepe Segura\",\"@id\":\"https:\/\/modoviajeok.com.ar\/#\/schema\/person\/2e299ed0d3d412a01d244fe28260d7f5\"},\"headline\":\"Los festivales copan la cartelera del verano cordob\u00e9s\",\"datePublished\":\"2026-01-14T23:46:45+00:00\",\"dateModified\":\"2026-01-19T22:08:02+00:00\",\"mainEntityOfPage\":{\"@id\":\"https:\/\/modoviajeok.com.ar\/index.php\/2026\/01\/14\/los-festivales-copan-la-cartelera-del-verano-cordobes\/\"},\"wordCount\":875,\"commentCount\":0,\"publisher\":{\"@id\":\"https:\/\/modoviajeok.com.ar\/#organization\"},\"image\":{\"@id\":\"https:\/\/modoviajeok.com.ar\/index.php\/2026\/01\/14\/los-festivales-copan-la-cartelera-del-verano-cordobes\/#primaryimage\"},\"thumbnailUrl\":\"https:\/\/modoviajeok.com.ar\/wp-content\/uploads\/2026\/01\/DSCN0152-scaled.jpg\",\"keywords\":[\"agencia cordoba turismo\",\"festival de doma y folklore de jesus maria\",\"festival de la avicultura\",\"mionca\",\"sommerfest\"],\"articleSection\":[\"C\u00f3rdoba\",\"Destacadas\"],\"inLanguage\":\"es\",\"potentialAction\":[{\"@type\":\"CommentAction\",\"name\":\"Comment\",\"target\":[\"https:\/\/modoviajeok.com.ar\/index.php\/2026\/01\/14\/los-festivales-copan-la-cartelera-del-verano-cordobes\/#respond\"]}]},{\"@type\":\"WebPage\",\"@id\":\"https:\/\/modoviajeok.com.ar\/index.php\/2026\/01\/14\/los-festivales-copan-la-cartelera-del-verano-cordobes\/\",\"url\":\"https:\/\/modoviajeok.com.ar\/index.php\/2026\/01\/14\/los-festivales-copan-la-cartelera-del-verano-cordobes\/\",\"name\":\"Los festivales copan la cartelera del verano cordob\u00e9s -\",\"isPartOf\":{\"@id\":\"https:\/\/modoviajeok.com.ar\/#website\"},\"primaryImageOfPage\":{\"@id\":\"https:\/\/modoviajeok.com.ar\/index.php\/2026\/01\/14\/los-festivales-copan-la-cartelera-del-verano-cordobes\/#primaryimage\"},\"image\":{\"@id\":\"https:\/\/modoviajeok.com.ar\/index.php\/2026\/01\/14\/los-festivales-copan-la-cartelera-del-verano-cordobes\/#primaryimage\"},\"thumbnailUrl\":\"https:\/\/modoviajeok.com.ar\/wp-content\/uploads\/2026\/01\/DSCN0152-scaled.jpg\",\"datePublished\":\"2026-01-14T23:46:45+00:00\",\"dateModified\":\"2026-01-19T22:08:02+00:00\",\"breadcrumb\":{\"@id\":\"https:\/\/modoviajeok.com.ar\/index.php\/2026\/01\/14\/los-festivales-copan-la-cartelera-del-verano-cordobes\/#breadcrumb\"},\"inLanguage\":\"es\",\"potentialAction\":[{\"@type\":\"ReadAction\",\"target\":[\"https:\/\/modoviajeok.com.ar\/index.php\/2026\/01\/14\/los-festivales-copan-la-cartelera-del-verano-cordobes\/\"]}]},{\"@type\":\"ImageObject\",\"inLanguage\":\"es\",\"@id\":\"https:\/\/modoviajeok.com.ar\/index.php\/2026\/01\/14\/los-festivales-copan-la-cartelera-del-verano-cordobes\/#primaryimage\",\"url\":\"https:\/\/modoviajeok.com.ar\/wp-content\/uploads\/2026\/01\/DSCN0152-scaled.jpg\",\"contentUrl\":\"https:\/\/modoviajeok.com.ar\/wp-content\/uploads\/2026\/01\/DSCN0152-scaled.jpg\",\"width\":2560,\"height\":1908},{\"@type\":\"BreadcrumbList\",\"@id\":\"https:\/\/modoviajeok.com.ar\/index.php\/2026\/01\/14\/los-festivales-copan-la-cartelera-del-verano-cordobes\/#breadcrumb\",\"itemListElement\":[{\"@type\":\"ListItem\",\"position\":1,\"name\":\"Portada\",\"item\":\"https:\/\/modoviajeok.com.ar\/\"},{\"@type\":\"ListItem\",\"position\":2,\"name\":\"Los festivales copan la cartelera del verano cordob\u00e9s\"}]},{\"@type\":\"WebSite\",\"@id\":\"https:\/\/modoviajeok.com.ar\/#website\",\"url\":\"https:\/\/modoviajeok.com.ar\/\",\"name\":\"ModoViajeOK\",\"description\":\"\",\"publisher\":{\"@id\":\"https:\/\/modoviajeok.com.ar\/#organization\"},\"potentialAction\":[{\"@type\":\"SearchAction\",\"target\":{\"@type\":\"EntryPoint\",\"urlTemplate\":\"https:\/\/modoviajeok.com.ar\/?s={search_term_string}\"},\"query-input\":{\"@type\":\"PropertyValueSpecification\",\"valueRequired\":true,\"valueName\":\"search_term_string\"}}],\"inLanguage\":\"es\"},{\"@type\":\"Organization\",\"@id\":\"https:\/\/modoviajeok.com.ar\/#organization\",\"name\":\"ModoViajeOK\",\"url\":\"https:\/\/modoviajeok.com.ar\/\",\"logo\":{\"@type\":\"ImageObject\",\"inLanguage\":\"es\",\"@id\":\"https:\/\/modoviajeok.com.ar\/#\/schema\/logo\/image\/\",\"url\":\"https:\/\/modoviajeok.com.ar\/wp-content\/uploads\/2025\/01\/Logo-modoviajeok.png\",\"contentUrl\":\"https:\/\/modoviajeok.com.ar\/wp-content\/uploads\/2025\/01\/Logo-modoviajeok.png\",\"width\":2938,\"height\":2276,\"caption\":\"ModoViajeOK\"},\"image\":{\"@id\":\"https:\/\/modoviajeok.com.ar\/#\/schema\/logo\/image\/\"},\"sameAs\":[\"https:\/\/www.facebook.com\/mariana.otero1\/\",\"https:\/\/www.instagram.com\/modoviaje.ok\/\"]},{\"@type\":\"Person\",\"@id\":\"https:\/\/modoviajeok.com.ar\/#\/schema\/person\/2e299ed0d3d412a01d244fe28260d7f5\",\"name\":\"Pepe Segura\",\"image\":{\"@type\":\"ImageObject\",\"inLanguage\":\"es\",\"@id\":\"https:\/\/modoviajeok.com.ar\/#\/schema\/person\/image\/\",\"url\":\"https:\/\/secure.gravatar.com\/avatar\/65eb4b34deed761327f5b2c5535b987318ae807900ac46426de7258f5de6d345?s=96&d=mm&r=g\",\"contentUrl\":\"https:\/\/secure.gravatar.com\/avatar\/65eb4b34deed761327f5b2c5535b987318ae807900ac46426de7258f5de6d345?s=96&d=mm&r=g\",\"caption\":\"Pepe Segura\"},\"url\":\"https:\/\/modoviajeok.com.ar\/index.php\/author\/pepe2025\/\"}]}<\/script>\n<!-- \/ Yoast SEO plugin. -->","yoast_head_json":{"title":"Los festivales copan la cartelera del verano cordob\u00e9s -","robots":{"index":"index","follow":"follow","max-snippet":"max-snippet:-1","max-image-preview":"max-image-preview:large","max-video-preview":"max-video-preview:-1"},"canonical":"https:\/\/modoviajeok.com.ar\/index.php\/2026\/01\/14\/los-festivales-copan-la-cartelera-del-verano-cordobes\/","og_locale":"es_ES","og_type":"article","og_title":"Los festivales copan la cartelera del verano cordob\u00e9s -","og_description":"La temporada de verano contin\u00faa consolidando a C\u00f3rdoba como la provincia m\u00e1s elegida del pa\u00eds por los turistas argentinos. Con una agenda plena de eventos, fiestas populares y festivales en cada rinc\u00f3n del territorio, los pr\u00f3ximos d\u00edas ofrecen m\u00faltiples propuestas culturales, gastron\u00f3micas y musicales para hacer m\u00e1s placentera la estad\u00eda de los visitantes. Este fin [&hellip;]","og_url":"https:\/\/modoviajeok.com.ar\/index.php\/2026\/01\/14\/los-festivales-copan-la-cartelera-del-verano-cordobes\/","article_publisher":"https:\/\/www.facebook.com\/mariana.otero1\/","article_published_time":"2026-01-14T23:46:45+00:00","article_modified_time":"2026-01-19T22:08:02+00:00","og_image":[{"width":2560,"height":1908,"url":"https:\/\/modoviajeok.com.ar\/wp-content\/uploads\/2026\/01\/DSCN0152-scaled.jpg","type":"image\/jpeg"}],"author":"Pepe Segura","twitter_card":"summary_large_image","twitter_misc":{"Escrito por":"Pepe Segura","Tiempo de lectura":"5 minutos"},"schema":{"@context":"https:\/\/schema.org","@graph":[{"@type":"Article","@id":"https:\/\/modoviajeok.com.ar\/index.php\/2026\/01\/14\/los-festivales-copan-la-cartelera-del-verano-cordobes\/#article","isPartOf":{"@id":"https:\/\/modoviajeok.com.ar\/index.php\/2026\/01\/14\/los-festivales-copan-la-cartelera-del-verano-cordobes\/"},"author":{"name":"Pepe Segura","@id":"https:\/\/modoviajeok.com.ar\/#\/schema\/person\/2e299ed0d3d412a01d244fe28260d7f5"},"headline":"Los festivales copan la cartelera del verano cordob\u00e9s","datePublished":"2026-01-14T23:46:45+00:00","dateModified":"2026-01-19T22:08:02+00:00","mainEntityOfPage":{"@id":"https:\/\/modoviajeok.com.ar\/index.php\/2026\/01\/14\/los-festivales-copan-la-cartelera-del-verano-cordobes\/"},"wordCount":875,"commentCount":0,"publisher":{"@id":"https:\/\/modoviajeok.com.ar\/#organization"},"image":{"@id":"https:\/\/modoviajeok.com.ar\/index.php\/2026\/01\/14\/los-festivales-copan-la-cartelera-del-verano-cordobes\/#primaryimage"},"thumbnailUrl":"https:\/\/modoviajeok.com.ar\/wp-content\/uploads\/2026\/01\/DSCN0152-scaled.jpg","keywords":["agencia cordoba turismo","festival de doma y folklore de jesus maria","festival de la avicultura","mionca","sommerfest"],"articleSection":["C\u00f3rdoba","Destacadas"],"inLanguage":"es","potentialAction":[{"@type":"CommentAction","name":"Comment","target":["https:\/\/modoviajeok.com.ar\/index.php\/2026\/01\/14\/los-festivales-copan-la-cartelera-del-verano-cordobes\/#respond"]}]},{"@type":"WebPage","@id":"https:\/\/modoviajeok.com.ar\/index.php\/2026\/01\/14\/los-festivales-copan-la-cartelera-del-verano-cordobes\/","url":"https:\/\/modoviajeok.com.ar\/index.php\/2026\/01\/14\/los-festivales-copan-la-cartelera-del-verano-cordobes\/","name":"Los festivales copan la cartelera del verano cordob\u00e9s -","isPartOf":{"@id":"https:\/\/modoviajeok.com.ar\/#website"},"primaryImageOfPage":{"@id":"https:\/\/modoviajeok.com.ar\/index.php\/2026\/01\/14\/los-festivales-copan-la-cartelera-del-verano-cordobes\/#primaryimage"},"image":{"@id":"https:\/\/modoviajeok.com.ar\/index.php\/2026\/01\/14\/los-festivales-copan-la-cartelera-del-verano-cordobes\/#primaryimage"},"thumbnailUrl":"https:\/\/modoviajeok.com.ar\/wp-content\/uploads\/2026\/01\/DSCN0152-scaled.jpg","datePublished":"2026-01-14T23:46:45+00:00","dateModified":"2026-01-19T22:08:02+00:00","breadcrumb":{"@id":"https:\/\/modoviajeok.com.ar\/index.php\/2026\/01\/14\/los-festivales-copan-la-cartelera-del-verano-cordobes\/#breadcrumb"},"inLanguage":"es","potentialAction":[{"@type":"ReadAction","target":["https:\/\/modoviajeok.com.ar\/index.php\/2026\/01\/14\/los-festivales-copan-la-cartelera-del-verano-cordobes\/"]}]},{"@type":"ImageObject","inLanguage":"es","@id":"https:\/\/modoviajeok.com.ar\/index.php\/2026\/01\/14\/los-festivales-copan-la-cartelera-del-verano-cordobes\/#primaryimage","url":"https:\/\/modoviajeok.com.ar\/wp-content\/uploads\/2026\/01\/DSCN0152-scaled.jpg","contentUrl":"https:\/\/modoviajeok.com.ar\/wp-content\/uploads\/2026\/01\/DSCN0152-scaled.jpg","width":2560,"height":1908},{"@type":"BreadcrumbList","@id":"https:\/\/modoviajeok.com.ar\/index.php\/2026\/01\/14\/los-festivales-copan-la-cartelera-del-verano-cordobes\/#breadcrumb","itemListElement":[{"@type":"ListItem","position":1,"name":"Portada","item":"https:\/\/modoviajeok.com.ar\/"},{"@type":"ListItem","position":2,"name":"Los festivales copan la cartelera del verano cordob\u00e9s"}]},{"@type":"WebSite","@id":"https:\/\/modoviajeok.com.ar\/#website","url":"https:\/\/modoviajeok.com.ar\/","name":"ModoViajeOK","description":"","publisher":{"@id":"https:\/\/modoviajeok.com.ar\/#organization"},"potentialAction":[{"@type":"SearchAction","target":{"@type":"EntryPoint","urlTemplate":"https:\/\/modoviajeok.com.ar\/?s={search_term_string}"},"query-input":{"@type":"PropertyValueSpecification","valueRequired":true,"valueName":"search_term_string"}}],"inLanguage":"es"},{"@type":"Organization","@id":"https:\/\/modoviajeok.com.ar\/#organization","name":"ModoViajeOK","url":"https:\/\/modoviajeok.com.ar\/","logo":{"@type":"ImageObject","inLanguage":"es","@id":"https:\/\/modoviajeok.com.ar\/#\/schema\/logo\/image\/","url":"https:\/\/modoviajeok.com.ar\/wp-content\/uploads\/2025\/01\/Logo-modoviajeok.png","contentUrl":"https:\/\/modoviajeok.com.ar\/wp-content\/uploads\/2025\/01\/Logo-modoviajeok.png","width":2938,"height":2276,"caption":"ModoViajeOK"},"image":{"@id":"https:\/\/modoviajeok.com.ar\/#\/schema\/logo\/image\/"},"sameAs":["https:\/\/www.facebook.com\/mariana.otero1\/","https:\/\/www.instagram.com\/modoviaje.ok\/"]},{"@type":"Person","@id":"https:\/\/modoviajeok.com.ar\/#\/schema\/person\/2e299ed0d3d412a01d244fe28260d7f5","name":"Pepe Segura","image":{"@type":"ImageObject","inLanguage":"es","@id":"https:\/\/modoviajeok.com.ar\/#\/schema\/person\/image\/","url":"https:\/\/secure.gravatar.com\/avatar\/65eb4b34deed761327f5b2c5535b987318ae807900ac46426de7258f5de6d345?s=96&d=mm&r=g","contentUrl":"https:\/\/secure.gravatar.com\/avatar\/65eb4b34deed761327f5b2c5535b987318ae807900ac46426de7258f5de6d345?s=96&d=mm&r=g","caption":"Pepe Segura"},"url":"https:\/\/modoviajeok.com.ar\/index.php\/author\/pepe2025\/"}]}},"_links":{"self":[{"href":"https:\/\/modoviajeok.com.ar\/index.php\/wp-json\/wp\/v2\/posts\/7242","targetHints":{"allow":["GET"]}}],"collection":[{"href":"https:\/\/modoviajeok.com.ar\/index.php\/wp-json\/wp\/v2\/posts"}],"about":[{"href":"https:\/\/modoviajeok.com.ar\/index.php\/wp-json\/wp\/v2\/types\/post"}],"author":[{"embeddable":true,"href":"https:\/\/modoviajeok.com.ar\/index.php\/wp-json\/wp\/v2\/users\/3"}],"replies":[{"embeddable":true,"href":"https:\/\/modoviajeok.com.ar\/index.php\/wp-json\/wp\/v2\/comments?post=7242"}],"version-history":[{"count":2,"href":"https:\/\/modoviajeok.com.ar\/index.php\/wp-json\/wp\/v2\/posts\/7242\/revisions"}],"predecessor-version":[{"id":7250,"href":"https:\/\/modoviajeok.com.ar\/index.php\/wp-json\/wp\/v2\/posts\/7242\/revisions\/7250"}],"wp:featuredmedia":[{"embeddable":true,"href":"https:\/\/modoviajeok.com.ar\/index.php\/wp-json\/wp\/v2\/media\/7247"}],"wp:attachment":[{"href":"https:\/\/modoviajeok.com.ar\/index.php\/wp-json\/wp\/v2\/media?parent=7242"}],"wp:term":[{"taxonomy":"category","embeddable":true,"href":"https:\/\/modoviajeok.com.ar\/index.php\/wp-json\/wp\/v2\/categories?post=7242"},{"taxonomy":"post_tag","embeddable":true,"href":"https:\/\/modoviajeok.com.ar\/index.php\/wp-json\/wp\/v2\/tags?post=7242"}],"curies":[{"name":"wp","href":"https:\/\/api.w.org\/{rel}","templated":true}]}}