{"id":7292,"date":"2026-01-20T11:00:00","date_gmt":"2026-01-20T14:00:00","guid":{"rendered":"https:\/\/modoviajeok.com.ar\/?p=7292"},"modified":"2026-01-20T12:21:52","modified_gmt":"2026-01-20T15:21:52","slug":"cordoba-ya-tiene-su-registro-provincial-unico-de-guias-de-turismo","status":"publish","type":"post","link":"https:\/\/modoviajeok.com.ar\/index.php\/2026\/01\/20\/cordoba-ya-tiene-su-registro-provincial-unico-de-guias-de-turismo\/","title":{"rendered":"C\u00f3rdoba ya tiene su Registro Provincial \u00danico de Gu\u00edas de Turismo"},"content":{"rendered":"\n<figure class=\"wp-block-image size-full\"><img loading=\"lazy\" decoding=\"async\" width=\"1280\" height=\"720\" src=\"https:\/\/modoviajeok.com.ar\/wp-content\/uploads\/2026\/01\/WhatsApp-Image-2026-01-19-at-15.06.21.jpeg\" alt=\"\" class=\"wp-image-7293\" srcset=\"https:\/\/modoviajeok.com.ar\/wp-content\/uploads\/2026\/01\/WhatsApp-Image-2026-01-19-at-15.06.21.jpeg 1280w, https:\/\/modoviajeok.com.ar\/wp-content\/uploads\/2026\/01\/WhatsApp-Image-2026-01-19-at-15.06.21-768x432.jpeg 768w, https:\/\/modoviajeok.com.ar\/wp-content\/uploads\/2026\/01\/WhatsApp-Image-2026-01-19-at-15.06.21-747x420.jpeg 747w, https:\/\/modoviajeok.com.ar\/wp-content\/uploads\/2026\/01\/WhatsApp-Image-2026-01-19-at-15.06.21-150x84.jpeg 150w, https:\/\/modoviajeok.com.ar\/wp-content\/uploads\/2026\/01\/WhatsApp-Image-2026-01-19-at-15.06.21-300x169.jpeg 300w, https:\/\/modoviajeok.com.ar\/wp-content\/uploads\/2026\/01\/WhatsApp-Image-2026-01-19-at-15.06.21-696x392.jpeg 696w, https:\/\/modoviajeok.com.ar\/wp-content\/uploads\/2026\/01\/WhatsApp-Image-2026-01-19-at-15.06.21-1068x601.jpeg 1068w\" sizes=\"auto, (max-width: 1280px) 100vw, 1280px\" \/><\/figure>\n\n\n\n<p>La provincia de C\u00f3rdoba dio un paso clave en la jerarquizaci\u00f3n y profesionalizaci\u00f3n del sector tur\u00edstico con la creaci\u00f3n del Registro Provincial \u00danico de Gu\u00edas Profesionales de Turismo, una herramienta oficial que permite identificar y habilitar a los gu\u00edas que prestan servicios en todo el territorio provincial.<\/p>\n\n\n\n<p>La medida tiene como objetivo \u201cregular la actividad de los gu\u00edas profesionales, mejorar la calidad de los servicios tur\u00edsticos y brindar mayor seguridad y confianza a quienes visitan la provincia\u201d, asegur\u00f3 Dar\u00edo Capitani, presidente de la Agencia C\u00f3rdoba Turismo.<\/p>\n\n\n\n<p><strong>Para fortalecer la calidad del servicio tur\u00edstico<\/strong><\/p>\n\n\n\n<p>El nuevo registro surge a partir de un trabajo conjunto entre la Agencia C\u00f3rdoba Turismo y referentes del sector, incluyendo asociaciones de gu\u00edas profesionales y prestadores privados, y toma como referencia experiencias similares implementadas en otras jurisdicciones del pa\u00eds.<\/p>\n\n\n\n<p>Entre sus principales objetivos se destacan \u201cla profesionalizaci\u00f3n de la actividad, la igualdad de oportunidades para los trabajadores del sector, y la posibilidad de contar con un relevamiento actualizado de gu\u00edas habilitados, accesible para turistas, operadores y prestadores de servicios tur\u00edsticos\u201d, detall\u00f3 Capitani.<\/p>\n\n\n\n<p>De esta manera, quienes visitan C\u00f3rdoba podr\u00e1n consultar un listado oficial de gu\u00edas que cuentan con el aval de la Provincia, garantizando est\u00e1ndares de calidad, capacitaci\u00f3n y seguridad en las visitas guiadas.<\/p>\n\n\n\n<p>Adem\u00e1s, quienes se encuentren inscriptos en este registro podr\u00e1n acceder a una serie de beneficios exclusivos, tales como descuentos o becas en capacitaciones especializadas, accesos a determinados espacios y promociones en ferias del sector.<\/p>\n\n\n\n<p>En esta primera etapa, la inscripci\u00f3n al Registro Provincial \u00danico de Gu\u00edas Profesionales de Turismo ser\u00e1 voluntaria. Los gu\u00edas inscriptos recibir\u00e1n una credencial oficial, personal e intransferible, con una vigencia de dos a\u00f1os, que deber\u00e1 ser portada y exhibida durante el ejercicio de la actividad.<\/p>\n\n\n\n<p>\u201cEn el marco de una temporada de verano que marcha muy bien y que ser\u00e1 mejor que la anterior, seguimos implementando medidas en torno al cuidado de quienes nos visitan y a la excelencia de los servicios que brinda todo el vertical tur\u00edstico de la provincia de C\u00f3rdoba\u201d, concluy\u00f3 Capitani.<\/p>\n\n\n      <div class=\"wp_bannerize_container wp_bannerize_layout_vertical\">\n\n        <div class=\"wp_bannerize_banner_box wp_bannerize_category_intertexto-1\" data-title=\"Modo viaje\" data-mime_type=\"image-gif\" data-banner_id=\"1783\" id=\"wpbanner-1783\" data-impressions_enabled=\"true\" data-clicks_enabled=\"true\"><a href=\"https:\/\/www.instagram.com\/modoviaje.ok?igsh=Z3c5emxsZWFtdXN3\"><img decoding=\"async\" border=\"0\" src=\"https:\/\/modoviajeok.com.ar\/wp-content\/uploads\/2025\/02\/modoviaje.ok-300-x-250-px.gif\" alt=\"Modo viaje\" title=\"Modo viaje\" \/><\/a><\/div>      <\/div>\n\n\n","protected":false},"excerpt":{"rendered":"<p>La provincia de C\u00f3rdoba dio un paso clave en la jerarquizaci\u00f3n y profesionalizaci\u00f3n del sector tur\u00edstico con la creaci\u00f3n del Registro Provincial \u00danico de Gu\u00edas Profesionales de Turismo, una herramienta oficial que permite identificar y habilitar a los gu\u00edas que prestan servicios en todo el territorio provincial. La medida tiene como objetivo \u201cregular la actividad [&hellip;]<\/p>\n","protected":false},"author":3,"featured_media":7294,"comment_status":"open","ping_status":"open","sticky":false,"template":"","format":"standard","meta":{"_acf_changed":false,"footnotes":""},"categories":[11,10,12],"tags":[320,1539],"class_list":{"0":"post-7292","1":"post","2":"type-post","3":"status-publish","4":"format-standard","5":"has-post-thumbnail","7":"category-cordoba","8":"category-noticias","9":"category-novedades","10":"tag-agencia-cordoba-turismo","11":"tag-registro-provincial-unico-de-guias-de-turismo"},"acf":[],"yoast_head":"<!-- This site is optimized with the Yoast SEO plugin v24.8.1 - https:\/\/yoast.com\/wordpress\/plugins\/seo\/ -->\n<title>C\u00f3rdoba ya tiene su Registro Provincial \u00danico de Gu\u00edas de Turismo -<\/title>\n<meta name=\"robots\" content=\"index, follow, max-snippet:-1, max-image-preview:large, max-video-preview:-1\" \/>\n<link rel=\"canonical\" href=\"https:\/\/modoviajeok.com.ar\/index.php\/2026\/01\/20\/cordoba-ya-tiene-su-registro-provincial-unico-de-guias-de-turismo\/\" \/>\n<meta property=\"og:locale\" content=\"es_ES\" \/>\n<meta property=\"og:type\" content=\"article\" \/>\n<meta property=\"og:title\" content=\"C\u00f3rdoba ya tiene su Registro Provincial \u00danico de Gu\u00edas de Turismo -\" \/>\n<meta property=\"og:description\" content=\"La provincia de C\u00f3rdoba dio un paso clave en la jerarquizaci\u00f3n y profesionalizaci\u00f3n del sector tur\u00edstico con la creaci\u00f3n del Registro Provincial \u00danico de Gu\u00edas Profesionales de Turismo, una herramienta oficial que permite identificar y habilitar a los gu\u00edas que prestan servicios en todo el territorio provincial. La medida tiene como objetivo \u201cregular la actividad [&hellip;]\" \/>\n<meta property=\"og:url\" content=\"https:\/\/modoviajeok.com.ar\/index.php\/2026\/01\/20\/cordoba-ya-tiene-su-registro-provincial-unico-de-guias-de-turismo\/\" \/>\n<meta property=\"article:publisher\" content=\"https:\/\/www.facebook.com\/mariana.otero1\/\" \/>\n<meta property=\"article:published_time\" content=\"2026-01-20T14:00:00+00:00\" \/>\n<meta property=\"article:modified_time\" content=\"2026-01-20T15:21:52+00:00\" \/>\n<meta property=\"og:image\" content=\"https:\/\/modoviajeok.com.ar\/wp-content\/uploads\/2026\/01\/WhatsApp-Image-2026-01-19-at-15.06.24.jpeg\" \/>\n\t<meta property=\"og:image:width\" content=\"853\" \/>\n\t<meta property=\"og:image:height\" content=\"1280\" \/>\n\t<meta property=\"og:image:type\" content=\"image\/jpeg\" \/>\n<meta name=\"author\" content=\"Pepe Segura\" \/>\n<meta name=\"twitter:card\" content=\"summary_large_image\" \/>\n<meta name=\"twitter:label1\" content=\"Escrito por\" \/>\n\t<meta name=\"twitter:data1\" content=\"Pepe Segura\" \/>\n\t<meta name=\"twitter:label2\" content=\"Tiempo de lectura\" \/>\n\t<meta name=\"twitter:data2\" content=\"2 minutos\" \/>\n<script type=\"application\/ld+json\" class=\"yoast-schema-graph\">{\"@context\":\"https:\/\/schema.org\",\"@graph\":[{\"@type\":\"Article\",\"@id\":\"https:\/\/modoviajeok.com.ar\/index.php\/2026\/01\/20\/cordoba-ya-tiene-su-registro-provincial-unico-de-guias-de-turismo\/#article\",\"isPartOf\":{\"@id\":\"https:\/\/modoviajeok.com.ar\/index.php\/2026\/01\/20\/cordoba-ya-tiene-su-registro-provincial-unico-de-guias-de-turismo\/\"},\"author\":{\"name\":\"Pepe Segura\",\"@id\":\"https:\/\/modoviajeok.com.ar\/#\/schema\/person\/2e299ed0d3d412a01d244fe28260d7f5\"},\"headline\":\"C\u00f3rdoba ya tiene su Registro Provincial \u00danico de Gu\u00edas de Turismo\",\"datePublished\":\"2026-01-20T14:00:00+00:00\",\"dateModified\":\"2026-01-20T15:21:52+00:00\",\"mainEntityOfPage\":{\"@id\":\"https:\/\/modoviajeok.com.ar\/index.php\/2026\/01\/20\/cordoba-ya-tiene-su-registro-provincial-unico-de-guias-de-turismo\/\"},\"wordCount\":388,\"commentCount\":0,\"publisher\":{\"@id\":\"https:\/\/modoviajeok.com.ar\/#organization\"},\"image\":{\"@id\":\"https:\/\/modoviajeok.com.ar\/index.php\/2026\/01\/20\/cordoba-ya-tiene-su-registro-provincial-unico-de-guias-de-turismo\/#primaryimage\"},\"thumbnailUrl\":\"https:\/\/modoviajeok.com.ar\/wp-content\/uploads\/2026\/01\/WhatsApp-Image-2026-01-19-at-15.06.24.jpeg\",\"keywords\":[\"Agencia C\u00f3rdoba Turismo\",\"registro provincial unico de guias de turismo\"],\"articleSection\":[\"C\u00f3rdoba\",\"Noticias\",\"Novedades\"],\"inLanguage\":\"es\",\"potentialAction\":[{\"@type\":\"CommentAction\",\"name\":\"Comment\",\"target\":[\"https:\/\/modoviajeok.com.ar\/index.php\/2026\/01\/20\/cordoba-ya-tiene-su-registro-provincial-unico-de-guias-de-turismo\/#respond\"]}]},{\"@type\":\"WebPage\",\"@id\":\"https:\/\/modoviajeok.com.ar\/index.php\/2026\/01\/20\/cordoba-ya-tiene-su-registro-provincial-unico-de-guias-de-turismo\/\",\"url\":\"https:\/\/modoviajeok.com.ar\/index.php\/2026\/01\/20\/cordoba-ya-tiene-su-registro-provincial-unico-de-guias-de-turismo\/\",\"name\":\"C\u00f3rdoba ya tiene su Registro Provincial \u00danico de Gu\u00edas de Turismo -\",\"isPartOf\":{\"@id\":\"https:\/\/modoviajeok.com.ar\/#website\"},\"primaryImageOfPage\":{\"@id\":\"https:\/\/modoviajeok.com.ar\/index.php\/2026\/01\/20\/cordoba-ya-tiene-su-registro-provincial-unico-de-guias-de-turismo\/#primaryimage\"},\"image\":{\"@id\":\"https:\/\/modoviajeok.com.ar\/index.php\/2026\/01\/20\/cordoba-ya-tiene-su-registro-provincial-unico-de-guias-de-turismo\/#primaryimage\"},\"thumbnailUrl\":\"https:\/\/modoviajeok.com.ar\/wp-content\/uploads\/2026\/01\/WhatsApp-Image-2026-01-19-at-15.06.24.jpeg\",\"datePublished\":\"2026-01-20T14:00:00+00:00\",\"dateModified\":\"2026-01-20T15:21:52+00:00\",\"breadcrumb\":{\"@id\":\"https:\/\/modoviajeok.com.ar\/index.php\/2026\/01\/20\/cordoba-ya-tiene-su-registro-provincial-unico-de-guias-de-turismo\/#breadcrumb\"},\"inLanguage\":\"es\",\"potentialAction\":[{\"@type\":\"ReadAction\",\"target\":[\"https:\/\/modoviajeok.com.ar\/index.php\/2026\/01\/20\/cordoba-ya-tiene-su-registro-provincial-unico-de-guias-de-turismo\/\"]}]},{\"@type\":\"ImageObject\",\"inLanguage\":\"es\",\"@id\":\"https:\/\/modoviajeok.com.ar\/index.php\/2026\/01\/20\/cordoba-ya-tiene-su-registro-provincial-unico-de-guias-de-turismo\/#primaryimage\",\"url\":\"https:\/\/modoviajeok.com.ar\/wp-content\/uploads\/2026\/01\/WhatsApp-Image-2026-01-19-at-15.06.24.jpeg\",\"contentUrl\":\"https:\/\/modoviajeok.com.ar\/wp-content\/uploads\/2026\/01\/WhatsApp-Image-2026-01-19-at-15.06.24.jpeg\",\"width\":853,\"height\":1280},{\"@type\":\"BreadcrumbList\",\"@id\":\"https:\/\/modoviajeok.com.ar\/index.php\/2026\/01\/20\/cordoba-ya-tiene-su-registro-provincial-unico-de-guias-de-turismo\/#breadcrumb\",\"itemListElement\":[{\"@type\":\"ListItem\",\"position\":1,\"name\":\"Portada\",\"item\":\"https:\/\/modoviajeok.com.ar\/\"},{\"@type\":\"ListItem\",\"position\":2,\"name\":\"C\u00f3rdoba ya tiene su Registro Provincial \u00danico de Gu\u00edas de Turismo\"}]},{\"@type\":\"WebSite\",\"@id\":\"https:\/\/modoviajeok.com.ar\/#website\",\"url\":\"https:\/\/modoviajeok.com.ar\/\",\"name\":\"ModoViajeOK\",\"description\":\"\",\"publisher\":{\"@id\":\"https:\/\/modoviajeok.com.ar\/#organization\"},\"potentialAction\":[{\"@type\":\"SearchAction\",\"target\":{\"@type\":\"EntryPoint\",\"urlTemplate\":\"https:\/\/modoviajeok.com.ar\/?s={search_term_string}\"},\"query-input\":{\"@type\":\"PropertyValueSpecification\",\"valueRequired\":true,\"valueName\":\"search_term_string\"}}],\"inLanguage\":\"es\"},{\"@type\":\"Organization\",\"@id\":\"https:\/\/modoviajeok.com.ar\/#organization\",\"name\":\"ModoViajeOK\",\"url\":\"https:\/\/modoviajeok.com.ar\/\",\"logo\":{\"@type\":\"ImageObject\",\"inLanguage\":\"es\",\"@id\":\"https:\/\/modoviajeok.com.ar\/#\/schema\/logo\/image\/\",\"url\":\"https:\/\/modoviajeok.com.ar\/wp-content\/uploads\/2025\/01\/Logo-modoviajeok.png\",\"contentUrl\":\"https:\/\/modoviajeok.com.ar\/wp-content\/uploads\/2025\/01\/Logo-modoviajeok.png\",\"width\":2938,\"height\":2276,\"caption\":\"ModoViajeOK\"},\"image\":{\"@id\":\"https:\/\/modoviajeok.com.ar\/#\/schema\/logo\/image\/\"},\"sameAs\":[\"https:\/\/www.facebook.com\/mariana.otero1\/\",\"https:\/\/www.instagram.com\/modoviaje.ok\/\"]},{\"@type\":\"Person\",\"@id\":\"https:\/\/modoviajeok.com.ar\/#\/schema\/person\/2e299ed0d3d412a01d244fe28260d7f5\",\"name\":\"Pepe Segura\",\"image\":{\"@type\":\"ImageObject\",\"inLanguage\":\"es\",\"@id\":\"https:\/\/modoviajeok.com.ar\/#\/schema\/person\/image\/\",\"url\":\"https:\/\/secure.gravatar.com\/avatar\/65eb4b34deed761327f5b2c5535b987318ae807900ac46426de7258f5de6d345?s=96&d=mm&r=g\",\"contentUrl\":\"https:\/\/secure.gravatar.com\/avatar\/65eb4b34deed761327f5b2c5535b987318ae807900ac46426de7258f5de6d345?s=96&d=mm&r=g\",\"caption\":\"Pepe Segura\"},\"url\":\"https:\/\/modoviajeok.com.ar\/index.php\/author\/pepe2025\/\"}]}<\/script>\n<!-- \/ Yoast SEO plugin. -->","yoast_head_json":{"title":"C\u00f3rdoba ya tiene su Registro Provincial \u00danico de Gu\u00edas de Turismo -","robots":{"index":"index","follow":"follow","max-snippet":"max-snippet:-1","max-image-preview":"max-image-preview:large","max-video-preview":"max-video-preview:-1"},"canonical":"https:\/\/modoviajeok.com.ar\/index.php\/2026\/01\/20\/cordoba-ya-tiene-su-registro-provincial-unico-de-guias-de-turismo\/","og_locale":"es_ES","og_type":"article","og_title":"C\u00f3rdoba ya tiene su Registro Provincial \u00danico de Gu\u00edas de Turismo -","og_description":"La provincia de C\u00f3rdoba dio un paso clave en la jerarquizaci\u00f3n y profesionalizaci\u00f3n del sector tur\u00edstico con la creaci\u00f3n del Registro Provincial \u00danico de Gu\u00edas Profesionales de Turismo, una herramienta oficial que permite identificar y habilitar a los gu\u00edas que prestan servicios en todo el territorio provincial. La medida tiene como objetivo \u201cregular la actividad [&hellip;]","og_url":"https:\/\/modoviajeok.com.ar\/index.php\/2026\/01\/20\/cordoba-ya-tiene-su-registro-provincial-unico-de-guias-de-turismo\/","article_publisher":"https:\/\/www.facebook.com\/mariana.otero1\/","article_published_time":"2026-01-20T14:00:00+00:00","article_modified_time":"2026-01-20T15:21:52+00:00","og_image":[{"width":853,"height":1280,"url":"https:\/\/modoviajeok.com.ar\/wp-content\/uploads\/2026\/01\/WhatsApp-Image-2026-01-19-at-15.06.24.jpeg","type":"image\/jpeg"}],"author":"Pepe Segura","twitter_card":"summary_large_image","twitter_misc":{"Escrito por":"Pepe Segura","Tiempo de lectura":"2 minutos"},"schema":{"@context":"https:\/\/schema.org","@graph":[{"@type":"Article","@id":"https:\/\/modoviajeok.com.ar\/index.php\/2026\/01\/20\/cordoba-ya-tiene-su-registro-provincial-unico-de-guias-de-turismo\/#article","isPartOf":{"@id":"https:\/\/modoviajeok.com.ar\/index.php\/2026\/01\/20\/cordoba-ya-tiene-su-registro-provincial-unico-de-guias-de-turismo\/"},"author":{"name":"Pepe Segura","@id":"https:\/\/modoviajeok.com.ar\/#\/schema\/person\/2e299ed0d3d412a01d244fe28260d7f5"},"headline":"C\u00f3rdoba ya tiene su Registro Provincial \u00danico de Gu\u00edas de Turismo","datePublished":"2026-01-20T14:00:00+00:00","dateModified":"2026-01-20T15:21:52+00:00","mainEntityOfPage":{"@id":"https:\/\/modoviajeok.com.ar\/index.php\/2026\/01\/20\/cordoba-ya-tiene-su-registro-provincial-unico-de-guias-de-turismo\/"},"wordCount":388,"commentCount":0,"publisher":{"@id":"https:\/\/modoviajeok.com.ar\/#organization"},"image":{"@id":"https:\/\/modoviajeok.com.ar\/index.php\/2026\/01\/20\/cordoba-ya-tiene-su-registro-provincial-unico-de-guias-de-turismo\/#primaryimage"},"thumbnailUrl":"https:\/\/modoviajeok.com.ar\/wp-content\/uploads\/2026\/01\/WhatsApp-Image-2026-01-19-at-15.06.24.jpeg","keywords":["Agencia C\u00f3rdoba Turismo","registro provincial unico de guias de turismo"],"articleSection":["C\u00f3rdoba","Noticias","Novedades"],"inLanguage":"es","potentialAction":[{"@type":"CommentAction","name":"Comment","target":["https:\/\/modoviajeok.com.ar\/index.php\/2026\/01\/20\/cordoba-ya-tiene-su-registro-provincial-unico-de-guias-de-turismo\/#respond"]}]},{"@type":"WebPage","@id":"https:\/\/modoviajeok.com.ar\/index.php\/2026\/01\/20\/cordoba-ya-tiene-su-registro-provincial-unico-de-guias-de-turismo\/","url":"https:\/\/modoviajeok.com.ar\/index.php\/2026\/01\/20\/cordoba-ya-tiene-su-registro-provincial-unico-de-guias-de-turismo\/","name":"C\u00f3rdoba ya tiene su Registro Provincial \u00danico de Gu\u00edas de Turismo -","isPartOf":{"@id":"https:\/\/modoviajeok.com.ar\/#website"},"primaryImageOfPage":{"@id":"https:\/\/modoviajeok.com.ar\/index.php\/2026\/01\/20\/cordoba-ya-tiene-su-registro-provincial-unico-de-guias-de-turismo\/#primaryimage"},"image":{"@id":"https:\/\/modoviajeok.com.ar\/index.php\/2026\/01\/20\/cordoba-ya-tiene-su-registro-provincial-unico-de-guias-de-turismo\/#primaryimage"},"thumbnailUrl":"https:\/\/modoviajeok.com.ar\/wp-content\/uploads\/2026\/01\/WhatsApp-Image-2026-01-19-at-15.06.24.jpeg","datePublished":"2026-01-20T14:00:00+00:00","dateModified":"2026-01-20T15:21:52+00:00","breadcrumb":{"@id":"https:\/\/modoviajeok.com.ar\/index.php\/2026\/01\/20\/cordoba-ya-tiene-su-registro-provincial-unico-de-guias-de-turismo\/#breadcrumb"},"inLanguage":"es","potentialAction":[{"@type":"ReadAction","target":["https:\/\/modoviajeok.com.ar\/index.php\/2026\/01\/20\/cordoba-ya-tiene-su-registro-provincial-unico-de-guias-de-turismo\/"]}]},{"@type":"ImageObject","inLanguage":"es","@id":"https:\/\/modoviajeok.com.ar\/index.php\/2026\/01\/20\/cordoba-ya-tiene-su-registro-provincial-unico-de-guias-de-turismo\/#primaryimage","url":"https:\/\/modoviajeok.com.ar\/wp-content\/uploads\/2026\/01\/WhatsApp-Image-2026-01-19-at-15.06.24.jpeg","contentUrl":"https:\/\/modoviajeok.com.ar\/wp-content\/uploads\/2026\/01\/WhatsApp-Image-2026-01-19-at-15.06.24.jpeg","width":853,"height":1280},{"@type":"BreadcrumbList","@id":"https:\/\/modoviajeok.com.ar\/index.php\/2026\/01\/20\/cordoba-ya-tiene-su-registro-provincial-unico-de-guias-de-turismo\/#breadcrumb","itemListElement":[{"@type":"ListItem","position":1,"name":"Portada","item":"https:\/\/modoviajeok.com.ar\/"},{"@type":"ListItem","position":2,"name":"C\u00f3rdoba ya tiene su Registro Provincial \u00danico de Gu\u00edas de Turismo"}]},{"@type":"WebSite","@id":"https:\/\/modoviajeok.com.ar\/#website","url":"https:\/\/modoviajeok.com.ar\/","name":"ModoViajeOK","description":"","publisher":{"@id":"https:\/\/modoviajeok.com.ar\/#organization"},"potentialAction":[{"@type":"SearchAction","target":{"@type":"EntryPoint","urlTemplate":"https:\/\/modoviajeok.com.ar\/?s={search_term_string}"},"query-input":{"@type":"PropertyValueSpecification","valueRequired":true,"valueName":"search_term_string"}}],"inLanguage":"es"},{"@type":"Organization","@id":"https:\/\/modoviajeok.com.ar\/#organization","name":"ModoViajeOK","url":"https:\/\/modoviajeok.com.ar\/","logo":{"@type":"ImageObject","inLanguage":"es","@id":"https:\/\/modoviajeok.com.ar\/#\/schema\/logo\/image\/","url":"https:\/\/modoviajeok.com.ar\/wp-content\/uploads\/2025\/01\/Logo-modoviajeok.png","contentUrl":"https:\/\/modoviajeok.com.ar\/wp-content\/uploads\/2025\/01\/Logo-modoviajeok.png","width":2938,"height":2276,"caption":"ModoViajeOK"},"image":{"@id":"https:\/\/modoviajeok.com.ar\/#\/schema\/logo\/image\/"},"sameAs":["https:\/\/www.facebook.com\/mariana.otero1\/","https:\/\/www.instagram.com\/modoviaje.ok\/"]},{"@type":"Person","@id":"https:\/\/modoviajeok.com.ar\/#\/schema\/person\/2e299ed0d3d412a01d244fe28260d7f5","name":"Pepe Segura","image":{"@type":"ImageObject","inLanguage":"es","@id":"https:\/\/modoviajeok.com.ar\/#\/schema\/person\/image\/","url":"https:\/\/secure.gravatar.com\/avatar\/65eb4b34deed761327f5b2c5535b987318ae807900ac46426de7258f5de6d345?s=96&d=mm&r=g","contentUrl":"https:\/\/secure.gravatar.com\/avatar\/65eb4b34deed761327f5b2c5535b987318ae807900ac46426de7258f5de6d345?s=96&d=mm&r=g","caption":"Pepe Segura"},"url":"https:\/\/modoviajeok.com.ar\/index.php\/author\/pepe2025\/"}]}},"_links":{"self":[{"href":"https:\/\/modoviajeok.com.ar\/index.php\/wp-json\/wp\/v2\/posts\/7292","targetHints":{"allow":["GET"]}}],"collection":[{"href":"https:\/\/modoviajeok.com.ar\/index.php\/wp-json\/wp\/v2\/posts"}],"about":[{"href":"https:\/\/modoviajeok.com.ar\/index.php\/wp-json\/wp\/v2\/types\/post"}],"author":[{"embeddable":true,"href":"https:\/\/modoviajeok.com.ar\/index.php\/wp-json\/wp\/v2\/users\/3"}],"replies":[{"embeddable":true,"href":"https:\/\/modoviajeok.com.ar\/index.php\/wp-json\/wp\/v2\/comments?post=7292"}],"version-history":[{"count":1,"href":"https:\/\/modoviajeok.com.ar\/index.php\/wp-json\/wp\/v2\/posts\/7292\/revisions"}],"predecessor-version":[{"id":7296,"href":"https:\/\/modoviajeok.com.ar\/index.php\/wp-json\/wp\/v2\/posts\/7292\/revisions\/7296"}],"wp:featuredmedia":[{"embeddable":true,"href":"https:\/\/modoviajeok.com.ar\/index.php\/wp-json\/wp\/v2\/media\/7294"}],"wp:attachment":[{"href":"https:\/\/modoviajeok.com.ar\/index.php\/wp-json\/wp\/v2\/media?parent=7292"}],"wp:term":[{"taxonomy":"category","embeddable":true,"href":"https:\/\/modoviajeok.com.ar\/index.php\/wp-json\/wp\/v2\/categories?post=7292"},{"taxonomy":"post_tag","embeddable":true,"href":"https:\/\/modoviajeok.com.ar\/index.php\/wp-json\/wp\/v2\/tags?post=7292"}],"curies":[{"name":"wp","href":"https:\/\/api.w.org\/{rel}","templated":true}]}}