{"id":7319,"date":"2026-01-25T07:00:00","date_gmt":"2026-01-25T10:00:00","guid":{"rendered":"https:\/\/modoviajeok.com.ar\/?p=7319"},"modified":"2026-03-07T10:48:05","modified_gmt":"2026-03-07T13:48:05","slug":"capilla-achango-la-resistencia-de-una-joya-arquitectonica-colonial","status":"publish","type":"post","link":"https:\/\/modoviajeok.com.ar\/index.php\/2026\/01\/25\/capilla-achango-la-resistencia-de-una-joya-arquitectonica-colonial\/","title":{"rendered":"Capilla de Achango: La resistencia de una joya arquitect\u00f3nica colonial"},"content":{"rendered":"\n<h2 class=\"wp-block-heading\">La edificaci\u00f3n data de 1640 y es uno de los templos m\u00e1s antiguos de Argentina. Es Monumento Hist\u00f3rico Nacional pero su edificio se encuentra en estado cr\u00edtico. Est\u00e1 tapizado de alfombras de m\u00e1s de 350 a\u00f1os.<\/h2>\n\n\n\n<figure class=\"wp-block-image size-full\"><img loading=\"lazy\" decoding=\"async\" width=\"900\" height=\"1599\" src=\"https:\/\/modoviajeok.com.ar\/wp-content\/uploads\/2026\/01\/WhatsApp-Image-2026-01-20-at-15.03.16.jpeg\" alt=\"\" class=\"wp-image-7345\" srcset=\"https:\/\/modoviajeok.com.ar\/wp-content\/uploads\/2026\/01\/WhatsApp-Image-2026-01-20-at-15.03.16.jpeg 900w, https:\/\/modoviajeok.com.ar\/wp-content\/uploads\/2026\/01\/WhatsApp-Image-2026-01-20-at-15.03.16-768x1364.jpeg 768w, https:\/\/modoviajeok.com.ar\/wp-content\/uploads\/2026\/01\/WhatsApp-Image-2026-01-20-at-15.03.16-865x1536.jpeg 865w, https:\/\/modoviajeok.com.ar\/wp-content\/uploads\/2026\/01\/WhatsApp-Image-2026-01-20-at-15.03.16-236x420.jpeg 236w, https:\/\/modoviajeok.com.ar\/wp-content\/uploads\/2026\/01\/WhatsApp-Image-2026-01-20-at-15.03.16-150x267.jpeg 150w, https:\/\/modoviajeok.com.ar\/wp-content\/uploads\/2026\/01\/WhatsApp-Image-2026-01-20-at-15.03.16-300x533.jpeg 300w, https:\/\/modoviajeok.com.ar\/wp-content\/uploads\/2026\/01\/WhatsApp-Image-2026-01-20-at-15.03.16-696x1237.jpeg 696w\" sizes=\"auto, (max-width: 900px) 100vw, 900px\" \/><\/figure>\n\n\n\n<p>La Capilla de Achango se levanta en el coraz\u00f3n del Valle de Iglesia, en la provincia de San Juan, como un testimonio vivo de la historia colonial y de las tradiciones andinas. Fue fundada a mediados del siglo XVII y declarada Monumento Hist\u00f3rico Nacional en 1997.&nbsp;<\/p>\n\n\n\n<p>En nuestra visita al departamento de Iglesia, en nuestro roadtrip de amigas en motorhome, nos acercamos hasta la capilla, marcada como un punto imperdible en cualquier recorrido por la zona. All\u00ed conversamos con An\u00edbal, uno de los encargados del templo, descendiente de la pareja espa\u00f1ola fundadora -Ram\u00f3n Poblete y Dominga Godoy- y cuyos restos descansan en el interior de la capilla.\u00a0<\/p>\n\n\n\n<figure class=\"wp-block-image size-full\"><img loading=\"lazy\" decoding=\"async\" width=\"1600\" height=\"738\" src=\"https:\/\/modoviajeok.com.ar\/wp-content\/uploads\/2026\/01\/WhatsApp-Image-2026-01-20-at-14.57.38-2.jpeg\" alt=\"\" class=\"wp-image-7351\" srcset=\"https:\/\/modoviajeok.com.ar\/wp-content\/uploads\/2026\/01\/WhatsApp-Image-2026-01-20-at-14.57.38-2.jpeg 1600w, https:\/\/modoviajeok.com.ar\/wp-content\/uploads\/2026\/01\/WhatsApp-Image-2026-01-20-at-14.57.38-2-768x354.jpeg 768w, https:\/\/modoviajeok.com.ar\/wp-content\/uploads\/2026\/01\/WhatsApp-Image-2026-01-20-at-14.57.38-2-1536x708.jpeg 1536w, https:\/\/modoviajeok.com.ar\/wp-content\/uploads\/2026\/01\/WhatsApp-Image-2026-01-20-at-14.57.38-2-911x420.jpeg 911w, https:\/\/modoviajeok.com.ar\/wp-content\/uploads\/2026\/01\/WhatsApp-Image-2026-01-20-at-14.57.38-2-150x69.jpeg 150w, https:\/\/modoviajeok.com.ar\/wp-content\/uploads\/2026\/01\/WhatsApp-Image-2026-01-20-at-14.57.38-2-300x138.jpeg 300w, https:\/\/modoviajeok.com.ar\/wp-content\/uploads\/2026\/01\/WhatsApp-Image-2026-01-20-at-14.57.38-2-696x321.jpeg 696w, https:\/\/modoviajeok.com.ar\/wp-content\/uploads\/2026\/01\/WhatsApp-Image-2026-01-20-at-14.57.38-2-1068x493.jpeg 1068w\" sizes=\"auto, (max-width: 1600px) 100vw, 1600px\" \/><\/figure>\n\n\n\n<p>El valor de la iglesia es incalculable, pero la falta de apoyo sostenido por parte de las administraciones nacionales durante las \u00faltimas tres d\u00e9cadas est\u00e1 poniendo en riesgo a esta \u00abjoya arquitect\u00f3nica\u00bb del a\u00f1o 1640. Sus condiciones de mantenimiento son cr\u00edticas y necesita restauraci\u00f3n urgente.&nbsp;<\/p>\n\n\n\n<p>\u201cSe corre el riesgo de cierre definitivo de la capilla si no llegan los fondos para su reparaci\u00f3n\u201d, nos dijo An\u00edbal.<\/p>\n\n\n\n<figure class=\"wp-block-image size-full\"><img loading=\"lazy\" decoding=\"async\" width=\"900\" height=\"1600\" src=\"https:\/\/modoviajeok.com.ar\/wp-content\/uploads\/2026\/01\/WhatsApp-Image-2026-01-20-at-14.57.39.jpeg\" alt=\"\" class=\"wp-image-7338\" srcset=\"https:\/\/modoviajeok.com.ar\/wp-content\/uploads\/2026\/01\/WhatsApp-Image-2026-01-20-at-14.57.39.jpeg 900w, https:\/\/modoviajeok.com.ar\/wp-content\/uploads\/2026\/01\/WhatsApp-Image-2026-01-20-at-14.57.39-768x1365.jpeg 768w, https:\/\/modoviajeok.com.ar\/wp-content\/uploads\/2026\/01\/WhatsApp-Image-2026-01-20-at-14.57.39-864x1536.jpeg 864w, https:\/\/modoviajeok.com.ar\/wp-content\/uploads\/2026\/01\/WhatsApp-Image-2026-01-20-at-14.57.39-236x420.jpeg 236w, https:\/\/modoviajeok.com.ar\/wp-content\/uploads\/2026\/01\/WhatsApp-Image-2026-01-20-at-14.57.39-150x267.jpeg 150w, https:\/\/modoviajeok.com.ar\/wp-content\/uploads\/2026\/01\/WhatsApp-Image-2026-01-20-at-14.57.39-300x533.jpeg 300w, https:\/\/modoviajeok.com.ar\/wp-content\/uploads\/2026\/01\/WhatsApp-Image-2026-01-20-at-14.57.39-696x1237.jpeg 696w\" sizes=\"auto, (max-width: 900px) 100vw, 900px\" \/><\/figure>\n\n\n\n<p><strong>Legado hist\u00f3rico<\/strong><\/p>\n\n\n\n<p>La construcci\u00f3n de Achango es un notable ejemplo de la arquitectura de la \u00e9poca, en la que se empleaban las t\u00e9cnicas del <strong>tapial y el adobe<\/strong> con una solidez impresionante: sus muros traseros alcanzan 1,10 metros de espesor. Esta construcci\u00f3n era ideal para crear un microclima interno, esencial en las zonas de gran amplitud t\u00e9rmica como en la precordillera de los Andes.<\/p>\n\n\n\n<figure class=\"wp-block-image size-full\"><img loading=\"lazy\" decoding=\"async\" width=\"738\" height=\"1600\" src=\"https:\/\/modoviajeok.com.ar\/wp-content\/uploads\/2026\/01\/WhatsApp-Image-2026-01-20-at-14.59.03.jpeg\" alt=\"\" class=\"wp-image-7337\" srcset=\"https:\/\/modoviajeok.com.ar\/wp-content\/uploads\/2026\/01\/WhatsApp-Image-2026-01-20-at-14.59.03.jpeg 738w, https:\/\/modoviajeok.com.ar\/wp-content\/uploads\/2026\/01\/WhatsApp-Image-2026-01-20-at-14.59.03-708x1536.jpeg 708w, https:\/\/modoviajeok.com.ar\/wp-content\/uploads\/2026\/01\/WhatsApp-Image-2026-01-20-at-14.59.03-194x420.jpeg 194w, https:\/\/modoviajeok.com.ar\/wp-content\/uploads\/2026\/01\/WhatsApp-Image-2026-01-20-at-14.59.03-150x325.jpeg 150w, https:\/\/modoviajeok.com.ar\/wp-content\/uploads\/2026\/01\/WhatsApp-Image-2026-01-20-at-14.59.03-300x650.jpeg 300w, https:\/\/modoviajeok.com.ar\/wp-content\/uploads\/2026\/01\/WhatsApp-Image-2026-01-20-at-14.59.03-696x1509.jpeg 696w\" sizes=\"auto, (max-width: 738px) 100vw, 738px\" \/><\/figure>\n\n\n\n<p>Adem\u00e1s de su funci\u00f3n religiosa, Achango tuvo un papel log\u00edstico y civil clave. En sus caser\u00edos aleda\u00f1os -tambi\u00e9n Monumento Hist\u00f3rico Nacional- funcion\u00f3 la <strong>primera sede municipal y la primera comisar\u00eda<\/strong> de la regi\u00f3n. Fue un punto estrat\u00e9gico en las rutas que un\u00edan J\u00e1chal con Chile.<\/p>\n\n\n\n<p><strong>Las alfombras de nudo<\/strong><\/p>\n\n\n\n<p>La devoci\u00f3n central de la capilla es a la <strong>Virgen del Carmen<\/strong>, cuya imagen pintada al \u00f3leo es oriunda de Cusco y fue tra\u00edda desde Chile. Se trata de una imagen de vestir que lleva pelo natural, una ofrenda derivada de promesas de las ni\u00f1as locales.<\/p>\n\n\n\n<figure class=\"wp-block-image size-full\"><img loading=\"lazy\" decoding=\"async\" width=\"900\" height=\"1599\" src=\"https:\/\/modoviajeok.com.ar\/wp-content\/uploads\/2026\/01\/WhatsApp-Image-2026-01-20-at-15.03.17-1.jpeg\" alt=\"\" class=\"wp-image-7352\" srcset=\"https:\/\/modoviajeok.com.ar\/wp-content\/uploads\/2026\/01\/WhatsApp-Image-2026-01-20-at-15.03.17-1.jpeg 900w, https:\/\/modoviajeok.com.ar\/wp-content\/uploads\/2026\/01\/WhatsApp-Image-2026-01-20-at-15.03.17-1-768x1364.jpeg 768w, https:\/\/modoviajeok.com.ar\/wp-content\/uploads\/2026\/01\/WhatsApp-Image-2026-01-20-at-15.03.17-1-865x1536.jpeg 865w, https:\/\/modoviajeok.com.ar\/wp-content\/uploads\/2026\/01\/WhatsApp-Image-2026-01-20-at-15.03.17-1-236x420.jpeg 236w, https:\/\/modoviajeok.com.ar\/wp-content\/uploads\/2026\/01\/WhatsApp-Image-2026-01-20-at-15.03.17-1-150x267.jpeg 150w, https:\/\/modoviajeok.com.ar\/wp-content\/uploads\/2026\/01\/WhatsApp-Image-2026-01-20-at-15.03.17-1-300x533.jpeg 300w, https:\/\/modoviajeok.com.ar\/wp-content\/uploads\/2026\/01\/WhatsApp-Image-2026-01-20-at-15.03.17-1-696x1237.jpeg 696w\" sizes=\"auto, (max-width: 900px) 100vw, 900px\" \/><\/figure>\n\n\n\n<p>El templo es, adem\u00e1s, conocido por <strong>las alfombras de nudo de colores que tapizan el suelo<\/strong>. Algunas  superan los 350 a\u00f1os de antig\u00fcedad. Este legado textil es una tradici\u00f3n que fusiona la herencia t\u00e9cnica tra\u00edda por los jesuitas con el conocimiento ancestral y la cosmogon\u00eda del mundo andino.&nbsp;<\/p>\n\n\n\n<p>Las tejedoras del Valle de Iglesia han conservado el secreto del \u00abnudo de Achango\u00bb, utilizando el telar de suelo y tintes extra\u00eddos de la flora aut\u00f3ctona para su paleta crom\u00e1tica: el marr\u00f3n y el ocre del algarrobo o la jarilla, el amarillo del ruibarbo y el rojizo de la cochinilla o minerales de la precordillera. Estas piezas, que resurgen gracias a un programa municipal, funcionan como un aislante t\u00e9rmico natural sobre el piso de tierra apisonada y regada con sangre de animales.<\/p>\n\n\n\n<p>La supervivencia de estas piezas es el resultado de un legado que fue pasando de generaci\u00f3n en generaci\u00f3n; el tejido es casi un acto de fe y un testimonio de la conexi\u00f3n con la materia prima, la lana de oveja, cuyo proceso de elaboraci\u00f3n comienza con la esquila y el hilado a mano.<\/p>\n\n\n\n<figure class=\"wp-block-image size-full\"><img loading=\"lazy\" decoding=\"async\" width=\"900\" height=\"1600\" src=\"https:\/\/modoviajeok.com.ar\/wp-content\/uploads\/2026\/01\/WhatsApp-Image-2026-01-20-at-15.03.15-1.jpeg\" alt=\"\" class=\"wp-image-7346\" srcset=\"https:\/\/modoviajeok.com.ar\/wp-content\/uploads\/2026\/01\/WhatsApp-Image-2026-01-20-at-15.03.15-1.jpeg 900w, https:\/\/modoviajeok.com.ar\/wp-content\/uploads\/2026\/01\/WhatsApp-Image-2026-01-20-at-15.03.15-1-768x1365.jpeg 768w, https:\/\/modoviajeok.com.ar\/wp-content\/uploads\/2026\/01\/WhatsApp-Image-2026-01-20-at-15.03.15-1-864x1536.jpeg 864w, https:\/\/modoviajeok.com.ar\/wp-content\/uploads\/2026\/01\/WhatsApp-Image-2026-01-20-at-15.03.15-1-236x420.jpeg 236w, https:\/\/modoviajeok.com.ar\/wp-content\/uploads\/2026\/01\/WhatsApp-Image-2026-01-20-at-15.03.15-1-150x267.jpeg 150w, https:\/\/modoviajeok.com.ar\/wp-content\/uploads\/2026\/01\/WhatsApp-Image-2026-01-20-at-15.03.15-1-300x533.jpeg 300w, https:\/\/modoviajeok.com.ar\/wp-content\/uploads\/2026\/01\/WhatsApp-Image-2026-01-20-at-15.03.15-1-696x1237.jpeg 696w\" sizes=\"auto, (max-width: 900px) 100vw, 900px\" \/><\/figure>\n\n\n\n<p><strong>Restauraci\u00f3n o cierre<\/strong><\/p>\n\n\n\n<p>Pese a que la Capilla de Achango conserva cerca del 90% de su estructura original, su estado actual es cr\u00edtico. La falta de apoyo de las autoridades encargadas del Patrimonio nacional ha provocado un grave deterioro estructural: las cornisas est\u00e1n arruinadas, los techos y maderos ceden y el riesgo de colapso es latente. An\u00edbal cuenta que ha alertado a las autoridades sobre la inacci\u00f3n.<\/p>\n\n\n\n<p>Un grupo de expertos, dice el cuidador del lugar, ha estimado que la restauraci\u00f3n cuesta unos <strong>50 millones de pesos<\/strong>. Esto incluye no s\u00f3lo las cornisas, techo, paredes y pisos sino los ba\u00f1os, que no funcionan desde hace a\u00f1os.&nbsp;<\/p>\n\n\n\n<figure class=\"wp-block-image size-full\"><img loading=\"lazy\" decoding=\"async\" width=\"738\" height=\"1600\" src=\"https:\/\/modoviajeok.com.ar\/wp-content\/uploads\/2026\/01\/WhatsApp-Image-2026-01-20-at-15.01.25-2.jpeg\" alt=\"\" class=\"wp-image-7353\" srcset=\"https:\/\/modoviajeok.com.ar\/wp-content\/uploads\/2026\/01\/WhatsApp-Image-2026-01-20-at-15.01.25-2.jpeg 738w, https:\/\/modoviajeok.com.ar\/wp-content\/uploads\/2026\/01\/WhatsApp-Image-2026-01-20-at-15.01.25-2-708x1536.jpeg 708w, https:\/\/modoviajeok.com.ar\/wp-content\/uploads\/2026\/01\/WhatsApp-Image-2026-01-20-at-15.01.25-2-194x420.jpeg 194w, https:\/\/modoviajeok.com.ar\/wp-content\/uploads\/2026\/01\/WhatsApp-Image-2026-01-20-at-15.01.25-2-150x325.jpeg 150w, https:\/\/modoviajeok.com.ar\/wp-content\/uploads\/2026\/01\/WhatsApp-Image-2026-01-20-at-15.01.25-2-300x650.jpeg 300w, https:\/\/modoviajeok.com.ar\/wp-content\/uploads\/2026\/01\/WhatsApp-Image-2026-01-20-at-15.01.25-2-696x1509.jpeg 696w\" sizes=\"auto, (max-width: 738px) 100vw, 738px\" \/><\/figure>\n\n\n\n<p>El deterioro es tal que la familia que la custodia contempla el <strong>cierre definitivo<\/strong> del templo ante la imposibilidad de garantizar la seguridad.<\/p>\n\n\n\n<p><strong>Un polo tur\u00edstico&nbsp;<\/strong><\/p>\n\n\n\n<p>Achango, junto a su caser\u00edo y cementerio anexo, es un polo de turismo hist\u00f3rico de gran potencial. Vale la pena visitarla. Para el viajero que parte desde la ciudad de San Juan, la ruta es la siguiente:<\/p>\n\n\n\n<ul class=\"wp-block-list\">\n<li><strong>Ruta:<\/strong> Tomar la RN40 hacia el norte, empalmando con la RN150 (que atraviesa la ruta esc\u00e9nica de los t\u00faneles).<\/li>\n\n\n\n<li><strong>Acceso:<\/strong> Desde la localidad de Rodeo, se toma la RP405. Tiene un tramo final de ripio consolidado.<\/li>\n<\/ul>\n","protected":false},"excerpt":{"rendered":"<p>La edificaci\u00f3n data de 1640 y es uno de los templos m\u00e1s antiguos de Argentina. Es Monumento Hist\u00f3rico Nacional pero su edificio se encuentra en estado cr\u00edtico. Est\u00e1 tapizado de alfombras de m\u00e1s de 350 a\u00f1os. La Capilla de Achango se levanta en el coraz\u00f3n del Valle de Iglesia, en la provincia de San Juan, [&hellip;]<\/p>\n","protected":false},"author":2,"featured_media":7352,"comment_status":"open","ping_status":"open","sticky":false,"template":"","format":"standard","meta":{"_acf_changed":false,"footnotes":""},"categories":[13,2,1427],"tags":[1548,1544,623,1545,1546],"class_list":{"0":"post-7319","1":"post","2":"type-post","3":"status-publish","4":"format-standard","5":"has-post-thumbnail","7":"category-argentina","8":"category-destacadas","9":"category-motorhome","10":"tag-alfombras-de-nudo-de-colores","11":"tag-capilla-achango","12":"tag-san-juan","13":"tag-valle-de-iglesia","14":"tag-virgen-del-carmen"},"acf":[],"yoast_head":"<!-- This site is optimized with the Yoast SEO plugin v24.8.1 - https:\/\/yoast.com\/wordpress\/plugins\/seo\/ -->\n<title>Capilla de Achango: La resistencia de una joya arquitect\u00f3nica colonial -<\/title>\n<meta name=\"description\" content=\"La edificaci\u00f3n data de 1640 y es uno de los templos m\u00e1s antiguos de Argentina. Es un monumento hist\u00f3rico nacional pero su edificio se encuentra en estado cr\u00edtico. Est\u00e1 tapizado de alfombras de m\u00e1s de 350 a\u00f1os.\" \/>\n<meta name=\"robots\" content=\"index, follow, max-snippet:-1, max-image-preview:large, max-video-preview:-1\" \/>\n<link rel=\"canonical\" href=\"https:\/\/modoviajeok.com.ar\/index.php\/2026\/01\/25\/capilla-achango-la-resistencia-de-una-joya-arquitectonica-colonial\/\" \/>\n<meta property=\"og:locale\" content=\"es_ES\" \/>\n<meta property=\"og:type\" content=\"article\" \/>\n<meta property=\"og:title\" content=\"Capilla de Achango: La resistencia de una joya arquitect\u00f3nica colonial -\" \/>\n<meta property=\"og:description\" content=\"La edificaci\u00f3n data de 1640 y es uno de los templos m\u00e1s antiguos de Argentina. Es un monumento hist\u00f3rico nacional pero su edificio se encuentra en estado cr\u00edtico. Est\u00e1 tapizado de alfombras de m\u00e1s de 350 a\u00f1os.\" \/>\n<meta property=\"og:url\" content=\"https:\/\/modoviajeok.com.ar\/index.php\/2026\/01\/25\/capilla-achango-la-resistencia-de-una-joya-arquitectonica-colonial\/\" \/>\n<meta property=\"article:publisher\" content=\"https:\/\/www.facebook.com\/mariana.otero1\/\" \/>\n<meta property=\"article:published_time\" content=\"2026-01-25T10:00:00+00:00\" \/>\n<meta property=\"article:modified_time\" content=\"2026-03-07T13:48:05+00:00\" \/>\n<meta property=\"og:image\" content=\"https:\/\/modoviajeok.com.ar\/wp-content\/uploads\/2026\/01\/WhatsApp-Image-2026-01-20-at-15.03.17-1.jpeg\" \/>\n\t<meta property=\"og:image:width\" content=\"900\" \/>\n\t<meta property=\"og:image:height\" content=\"1599\" \/>\n\t<meta property=\"og:image:type\" content=\"image\/jpeg\" \/>\n<meta name=\"author\" content=\"Mariana Otero\" \/>\n<meta name=\"twitter:card\" content=\"summary_large_image\" \/>\n<meta name=\"twitter:label1\" content=\"Escrito por\" \/>\n\t<meta name=\"twitter:data1\" content=\"Mariana Otero\" \/>\n\t<meta name=\"twitter:label2\" content=\"Tiempo de lectura\" \/>\n\t<meta name=\"twitter:data2\" content=\"6 minutos\" \/>\n<script type=\"application\/ld+json\" class=\"yoast-schema-graph\">{\"@context\":\"https:\/\/schema.org\",\"@graph\":[{\"@type\":\"Article\",\"@id\":\"https:\/\/modoviajeok.com.ar\/index.php\/2026\/01\/25\/capilla-achango-la-resistencia-de-una-joya-arquitectonica-colonial\/#article\",\"isPartOf\":{\"@id\":\"https:\/\/modoviajeok.com.ar\/index.php\/2026\/01\/25\/capilla-achango-la-resistencia-de-una-joya-arquitectonica-colonial\/\"},\"author\":{\"name\":\"Mariana Otero\",\"@id\":\"https:\/\/modoviajeok.com.ar\/#\/schema\/person\/1187013488537969db5b1320484d24f4\"},\"headline\":\"Capilla de Achango: La resistencia de una joya arquitect\u00f3nica colonial\",\"datePublished\":\"2026-01-25T10:00:00+00:00\",\"dateModified\":\"2026-03-07T13:48:05+00:00\",\"mainEntityOfPage\":{\"@id\":\"https:\/\/modoviajeok.com.ar\/index.php\/2026\/01\/25\/capilla-achango-la-resistencia-de-una-joya-arquitectonica-colonial\/\"},\"wordCount\":832,\"commentCount\":0,\"publisher\":{\"@id\":\"https:\/\/modoviajeok.com.ar\/#organization\"},\"image\":{\"@id\":\"https:\/\/modoviajeok.com.ar\/index.php\/2026\/01\/25\/capilla-achango-la-resistencia-de-una-joya-arquitectonica-colonial\/#primaryimage\"},\"thumbnailUrl\":\"https:\/\/modoviajeok.com.ar\/wp-content\/uploads\/2026\/01\/WhatsApp-Image-2026-01-20-at-15.03.17-1.jpeg\",\"keywords\":[\"alfombras de nudo de colores\",\"capilla achango\",\"san juan\",\"valle de iglesia\",\"virgen del carmen\"],\"articleSection\":[\"Argentina\",\"Destacadas\",\"Motorhome\"],\"inLanguage\":\"es\",\"potentialAction\":[{\"@type\":\"CommentAction\",\"name\":\"Comment\",\"target\":[\"https:\/\/modoviajeok.com.ar\/index.php\/2026\/01\/25\/capilla-achango-la-resistencia-de-una-joya-arquitectonica-colonial\/#respond\"]}]},{\"@type\":\"WebPage\",\"@id\":\"https:\/\/modoviajeok.com.ar\/index.php\/2026\/01\/25\/capilla-achango-la-resistencia-de-una-joya-arquitectonica-colonial\/\",\"url\":\"https:\/\/modoviajeok.com.ar\/index.php\/2026\/01\/25\/capilla-achango-la-resistencia-de-una-joya-arquitectonica-colonial\/\",\"name\":\"Capilla de Achango: La resistencia de una joya arquitect\u00f3nica colonial -\",\"isPartOf\":{\"@id\":\"https:\/\/modoviajeok.com.ar\/#website\"},\"primaryImageOfPage\":{\"@id\":\"https:\/\/modoviajeok.com.ar\/index.php\/2026\/01\/25\/capilla-achango-la-resistencia-de-una-joya-arquitectonica-colonial\/#primaryimage\"},\"image\":{\"@id\":\"https:\/\/modoviajeok.com.ar\/index.php\/2026\/01\/25\/capilla-achango-la-resistencia-de-una-joya-arquitectonica-colonial\/#primaryimage\"},\"thumbnailUrl\":\"https:\/\/modoviajeok.com.ar\/wp-content\/uploads\/2026\/01\/WhatsApp-Image-2026-01-20-at-15.03.17-1.jpeg\",\"datePublished\":\"2026-01-25T10:00:00+00:00\",\"dateModified\":\"2026-03-07T13:48:05+00:00\",\"description\":\"La edificaci\u00f3n data de 1640 y es uno de los templos m\u00e1s antiguos de Argentina. Es un monumento hist\u00f3rico nacional pero su edificio se encuentra en estado cr\u00edtico. Est\u00e1 tapizado de alfombras de m\u00e1s de 350 a\u00f1os.\",\"breadcrumb\":{\"@id\":\"https:\/\/modoviajeok.com.ar\/index.php\/2026\/01\/25\/capilla-achango-la-resistencia-de-una-joya-arquitectonica-colonial\/#breadcrumb\"},\"inLanguage\":\"es\",\"potentialAction\":[{\"@type\":\"ReadAction\",\"target\":[\"https:\/\/modoviajeok.com.ar\/index.php\/2026\/01\/25\/capilla-achango-la-resistencia-de-una-joya-arquitectonica-colonial\/\"]}]},{\"@type\":\"ImageObject\",\"inLanguage\":\"es\",\"@id\":\"https:\/\/modoviajeok.com.ar\/index.php\/2026\/01\/25\/capilla-achango-la-resistencia-de-una-joya-arquitectonica-colonial\/#primaryimage\",\"url\":\"https:\/\/modoviajeok.com.ar\/wp-content\/uploads\/2026\/01\/WhatsApp-Image-2026-01-20-at-15.03.17-1.jpeg\",\"contentUrl\":\"https:\/\/modoviajeok.com.ar\/wp-content\/uploads\/2026\/01\/WhatsApp-Image-2026-01-20-at-15.03.17-1.jpeg\",\"width\":900,\"height\":1599},{\"@type\":\"BreadcrumbList\",\"@id\":\"https:\/\/modoviajeok.com.ar\/index.php\/2026\/01\/25\/capilla-achango-la-resistencia-de-una-joya-arquitectonica-colonial\/#breadcrumb\",\"itemListElement\":[{\"@type\":\"ListItem\",\"position\":1,\"name\":\"Portada\",\"item\":\"https:\/\/modoviajeok.com.ar\/\"},{\"@type\":\"ListItem\",\"position\":2,\"name\":\"Capilla de Achango: La resistencia de una joya arquitect\u00f3nica colonial\"}]},{\"@type\":\"WebSite\",\"@id\":\"https:\/\/modoviajeok.com.ar\/#website\",\"url\":\"https:\/\/modoviajeok.com.ar\/\",\"name\":\"ModoViajeOK\",\"description\":\"\",\"publisher\":{\"@id\":\"https:\/\/modoviajeok.com.ar\/#organization\"},\"potentialAction\":[{\"@type\":\"SearchAction\",\"target\":{\"@type\":\"EntryPoint\",\"urlTemplate\":\"https:\/\/modoviajeok.com.ar\/?s={search_term_string}\"},\"query-input\":{\"@type\":\"PropertyValueSpecification\",\"valueRequired\":true,\"valueName\":\"search_term_string\"}}],\"inLanguage\":\"es\"},{\"@type\":\"Organization\",\"@id\":\"https:\/\/modoviajeok.com.ar\/#organization\",\"name\":\"ModoViajeOK\",\"url\":\"https:\/\/modoviajeok.com.ar\/\",\"logo\":{\"@type\":\"ImageObject\",\"inLanguage\":\"es\",\"@id\":\"https:\/\/modoviajeok.com.ar\/#\/schema\/logo\/image\/\",\"url\":\"https:\/\/modoviajeok.com.ar\/wp-content\/uploads\/2025\/01\/Logo-modoviajeok.png\",\"contentUrl\":\"https:\/\/modoviajeok.com.ar\/wp-content\/uploads\/2025\/01\/Logo-modoviajeok.png\",\"width\":2938,\"height\":2276,\"caption\":\"ModoViajeOK\"},\"image\":{\"@id\":\"https:\/\/modoviajeok.com.ar\/#\/schema\/logo\/image\/\"},\"sameAs\":[\"https:\/\/www.facebook.com\/mariana.otero1\/\",\"https:\/\/www.instagram.com\/modoviaje.ok\/\"]},{\"@type\":\"Person\",\"@id\":\"https:\/\/modoviajeok.com.ar\/#\/schema\/person\/1187013488537969db5b1320484d24f4\",\"name\":\"Mariana Otero\",\"image\":{\"@type\":\"ImageObject\",\"inLanguage\":\"es\",\"@id\":\"https:\/\/modoviajeok.com.ar\/#\/schema\/person\/image\/\",\"url\":\"https:\/\/secure.gravatar.com\/avatar\/8a91a502a9336849a3500b9090c431bc1418f1d1263d893afeddba065f5add82?s=96&d=mm&r=g\",\"contentUrl\":\"https:\/\/secure.gravatar.com\/avatar\/8a91a502a9336849a3500b9090c431bc1418f1d1263d893afeddba065f5add82?s=96&d=mm&r=g\",\"caption\":\"Mariana Otero\"},\"url\":\"https:\/\/modoviajeok.com.ar\/index.php\/author\/mariana2025\/\"}]}<\/script>\n<!-- \/ Yoast SEO plugin. -->","yoast_head_json":{"title":"Capilla de Achango: La resistencia de una joya arquitect\u00f3nica colonial -","description":"La edificaci\u00f3n data de 1640 y es uno de los templos m\u00e1s antiguos de Argentina. Es un monumento hist\u00f3rico nacional pero su edificio se encuentra en estado cr\u00edtico. Est\u00e1 tapizado de alfombras de m\u00e1s de 350 a\u00f1os.","robots":{"index":"index","follow":"follow","max-snippet":"max-snippet:-1","max-image-preview":"max-image-preview:large","max-video-preview":"max-video-preview:-1"},"canonical":"https:\/\/modoviajeok.com.ar\/index.php\/2026\/01\/25\/capilla-achango-la-resistencia-de-una-joya-arquitectonica-colonial\/","og_locale":"es_ES","og_type":"article","og_title":"Capilla de Achango: La resistencia de una joya arquitect\u00f3nica colonial -","og_description":"La edificaci\u00f3n data de 1640 y es uno de los templos m\u00e1s antiguos de Argentina. Es un monumento hist\u00f3rico nacional pero su edificio se encuentra en estado cr\u00edtico. Est\u00e1 tapizado de alfombras de m\u00e1s de 350 a\u00f1os.","og_url":"https:\/\/modoviajeok.com.ar\/index.php\/2026\/01\/25\/capilla-achango-la-resistencia-de-una-joya-arquitectonica-colonial\/","article_publisher":"https:\/\/www.facebook.com\/mariana.otero1\/","article_published_time":"2026-01-25T10:00:00+00:00","article_modified_time":"2026-03-07T13:48:05+00:00","og_image":[{"width":900,"height":1599,"url":"https:\/\/modoviajeok.com.ar\/wp-content\/uploads\/2026\/01\/WhatsApp-Image-2026-01-20-at-15.03.17-1.jpeg","type":"image\/jpeg"}],"author":"Mariana Otero","twitter_card":"summary_large_image","twitter_misc":{"Escrito por":"Mariana Otero","Tiempo de lectura":"6 minutos"},"schema":{"@context":"https:\/\/schema.org","@graph":[{"@type":"Article","@id":"https:\/\/modoviajeok.com.ar\/index.php\/2026\/01\/25\/capilla-achango-la-resistencia-de-una-joya-arquitectonica-colonial\/#article","isPartOf":{"@id":"https:\/\/modoviajeok.com.ar\/index.php\/2026\/01\/25\/capilla-achango-la-resistencia-de-una-joya-arquitectonica-colonial\/"},"author":{"name":"Mariana Otero","@id":"https:\/\/modoviajeok.com.ar\/#\/schema\/person\/1187013488537969db5b1320484d24f4"},"headline":"Capilla de Achango: La resistencia de una joya arquitect\u00f3nica colonial","datePublished":"2026-01-25T10:00:00+00:00","dateModified":"2026-03-07T13:48:05+00:00","mainEntityOfPage":{"@id":"https:\/\/modoviajeok.com.ar\/index.php\/2026\/01\/25\/capilla-achango-la-resistencia-de-una-joya-arquitectonica-colonial\/"},"wordCount":832,"commentCount":0,"publisher":{"@id":"https:\/\/modoviajeok.com.ar\/#organization"},"image":{"@id":"https:\/\/modoviajeok.com.ar\/index.php\/2026\/01\/25\/capilla-achango-la-resistencia-de-una-joya-arquitectonica-colonial\/#primaryimage"},"thumbnailUrl":"https:\/\/modoviajeok.com.ar\/wp-content\/uploads\/2026\/01\/WhatsApp-Image-2026-01-20-at-15.03.17-1.jpeg","keywords":["alfombras de nudo de colores","capilla achango","san juan","valle de iglesia","virgen del carmen"],"articleSection":["Argentina","Destacadas","Motorhome"],"inLanguage":"es","potentialAction":[{"@type":"CommentAction","name":"Comment","target":["https:\/\/modoviajeok.com.ar\/index.php\/2026\/01\/25\/capilla-achango-la-resistencia-de-una-joya-arquitectonica-colonial\/#respond"]}]},{"@type":"WebPage","@id":"https:\/\/modoviajeok.com.ar\/index.php\/2026\/01\/25\/capilla-achango-la-resistencia-de-una-joya-arquitectonica-colonial\/","url":"https:\/\/modoviajeok.com.ar\/index.php\/2026\/01\/25\/capilla-achango-la-resistencia-de-una-joya-arquitectonica-colonial\/","name":"Capilla de Achango: La resistencia de una joya arquitect\u00f3nica colonial -","isPartOf":{"@id":"https:\/\/modoviajeok.com.ar\/#website"},"primaryImageOfPage":{"@id":"https:\/\/modoviajeok.com.ar\/index.php\/2026\/01\/25\/capilla-achango-la-resistencia-de-una-joya-arquitectonica-colonial\/#primaryimage"},"image":{"@id":"https:\/\/modoviajeok.com.ar\/index.php\/2026\/01\/25\/capilla-achango-la-resistencia-de-una-joya-arquitectonica-colonial\/#primaryimage"},"thumbnailUrl":"https:\/\/modoviajeok.com.ar\/wp-content\/uploads\/2026\/01\/WhatsApp-Image-2026-01-20-at-15.03.17-1.jpeg","datePublished":"2026-01-25T10:00:00+00:00","dateModified":"2026-03-07T13:48:05+00:00","description":"La edificaci\u00f3n data de 1640 y es uno de los templos m\u00e1s antiguos de Argentina. Es un monumento hist\u00f3rico nacional pero su edificio se encuentra en estado cr\u00edtico. Est\u00e1 tapizado de alfombras de m\u00e1s de 350 a\u00f1os.","breadcrumb":{"@id":"https:\/\/modoviajeok.com.ar\/index.php\/2026\/01\/25\/capilla-achango-la-resistencia-de-una-joya-arquitectonica-colonial\/#breadcrumb"},"inLanguage":"es","potentialAction":[{"@type":"ReadAction","target":["https:\/\/modoviajeok.com.ar\/index.php\/2026\/01\/25\/capilla-achango-la-resistencia-de-una-joya-arquitectonica-colonial\/"]}]},{"@type":"ImageObject","inLanguage":"es","@id":"https:\/\/modoviajeok.com.ar\/index.php\/2026\/01\/25\/capilla-achango-la-resistencia-de-una-joya-arquitectonica-colonial\/#primaryimage","url":"https:\/\/modoviajeok.com.ar\/wp-content\/uploads\/2026\/01\/WhatsApp-Image-2026-01-20-at-15.03.17-1.jpeg","contentUrl":"https:\/\/modoviajeok.com.ar\/wp-content\/uploads\/2026\/01\/WhatsApp-Image-2026-01-20-at-15.03.17-1.jpeg","width":900,"height":1599},{"@type":"BreadcrumbList","@id":"https:\/\/modoviajeok.com.ar\/index.php\/2026\/01\/25\/capilla-achango-la-resistencia-de-una-joya-arquitectonica-colonial\/#breadcrumb","itemListElement":[{"@type":"ListItem","position":1,"name":"Portada","item":"https:\/\/modoviajeok.com.ar\/"},{"@type":"ListItem","position":2,"name":"Capilla de Achango: La resistencia de una joya arquitect\u00f3nica colonial"}]},{"@type":"WebSite","@id":"https:\/\/modoviajeok.com.ar\/#website","url":"https:\/\/modoviajeok.com.ar\/","name":"ModoViajeOK","description":"","publisher":{"@id":"https:\/\/modoviajeok.com.ar\/#organization"},"potentialAction":[{"@type":"SearchAction","target":{"@type":"EntryPoint","urlTemplate":"https:\/\/modoviajeok.com.ar\/?s={search_term_string}"},"query-input":{"@type":"PropertyValueSpecification","valueRequired":true,"valueName":"search_term_string"}}],"inLanguage":"es"},{"@type":"Organization","@id":"https:\/\/modoviajeok.com.ar\/#organization","name":"ModoViajeOK","url":"https:\/\/modoviajeok.com.ar\/","logo":{"@type":"ImageObject","inLanguage":"es","@id":"https:\/\/modoviajeok.com.ar\/#\/schema\/logo\/image\/","url":"https:\/\/modoviajeok.com.ar\/wp-content\/uploads\/2025\/01\/Logo-modoviajeok.png","contentUrl":"https:\/\/modoviajeok.com.ar\/wp-content\/uploads\/2025\/01\/Logo-modoviajeok.png","width":2938,"height":2276,"caption":"ModoViajeOK"},"image":{"@id":"https:\/\/modoviajeok.com.ar\/#\/schema\/logo\/image\/"},"sameAs":["https:\/\/www.facebook.com\/mariana.otero1\/","https:\/\/www.instagram.com\/modoviaje.ok\/"]},{"@type":"Person","@id":"https:\/\/modoviajeok.com.ar\/#\/schema\/person\/1187013488537969db5b1320484d24f4","name":"Mariana Otero","image":{"@type":"ImageObject","inLanguage":"es","@id":"https:\/\/modoviajeok.com.ar\/#\/schema\/person\/image\/","url":"https:\/\/secure.gravatar.com\/avatar\/8a91a502a9336849a3500b9090c431bc1418f1d1263d893afeddba065f5add82?s=96&d=mm&r=g","contentUrl":"https:\/\/secure.gravatar.com\/avatar\/8a91a502a9336849a3500b9090c431bc1418f1d1263d893afeddba065f5add82?s=96&d=mm&r=g","caption":"Mariana Otero"},"url":"https:\/\/modoviajeok.com.ar\/index.php\/author\/mariana2025\/"}]}},"_links":{"self":[{"href":"https:\/\/modoviajeok.com.ar\/index.php\/wp-json\/wp\/v2\/posts\/7319","targetHints":{"allow":["GET"]}}],"collection":[{"href":"https:\/\/modoviajeok.com.ar\/index.php\/wp-json\/wp\/v2\/posts"}],"about":[{"href":"https:\/\/modoviajeok.com.ar\/index.php\/wp-json\/wp\/v2\/types\/post"}],"author":[{"embeddable":true,"href":"https:\/\/modoviajeok.com.ar\/index.php\/wp-json\/wp\/v2\/users\/2"}],"replies":[{"embeddable":true,"href":"https:\/\/modoviajeok.com.ar\/index.php\/wp-json\/wp\/v2\/comments?post=7319"}],"version-history":[{"count":6,"href":"https:\/\/modoviajeok.com.ar\/index.php\/wp-json\/wp\/v2\/posts\/7319\/revisions"}],"predecessor-version":[{"id":7430,"href":"https:\/\/modoviajeok.com.ar\/index.php\/wp-json\/wp\/v2\/posts\/7319\/revisions\/7430"}],"wp:featuredmedia":[{"embeddable":true,"href":"https:\/\/modoviajeok.com.ar\/index.php\/wp-json\/wp\/v2\/media\/7352"}],"wp:attachment":[{"href":"https:\/\/modoviajeok.com.ar\/index.php\/wp-json\/wp\/v2\/media?parent=7319"}],"wp:term":[{"taxonomy":"category","embeddable":true,"href":"https:\/\/modoviajeok.com.ar\/index.php\/wp-json\/wp\/v2\/categories?post=7319"},{"taxonomy":"post_tag","embeddable":true,"href":"https:\/\/modoviajeok.com.ar\/index.php\/wp-json\/wp\/v2\/tags?post=7319"}],"curies":[{"name":"wp","href":"https:\/\/api.w.org\/{rel}","templated":true}]}}