{"id":7402,"date":"2026-01-23T13:02:39","date_gmt":"2026-01-23T16:02:39","guid":{"rendered":"https:\/\/modoviajeok.com.ar\/?p=7402"},"modified":"2026-02-11T20:14:22","modified_gmt":"2026-02-11T23:14:22","slug":"el-camino-de-brochero-eje-de-la-presencia-cordobesa-en-la-fitur","status":"publish","type":"post","link":"https:\/\/modoviajeok.com.ar\/index.php\/2026\/01\/23\/el-camino-de-brochero-eje-de-la-presencia-cordobesa-en-la-fitur\/","title":{"rendered":"Hermanamiento del Camino de Brochero y del Camino de Santiago de Compostela"},"content":{"rendered":"\n<figure class=\"wp-block-pullquote\"><blockquote><p>En la Feria Internacional del Turismo que se realiza en Madrid, C\u00f3rdoba centra su presentaci\u00f3n en la dualidad del pasaporte entre el Camino del Cura Brochero y el Camino de Santiago. Con ese motivo present\u00f3 la medalla de peregrinaci\u00f3n dual que se entregar\u00e1 a quienes acreditan haber recorrido al menos 100 kil\u00f3metros en cada uno de ellos. <br><\/p><\/blockquote><\/figure>\n\n\n\n<figure class=\"wp-block-image size-full\"><img loading=\"lazy\" decoding=\"async\" width=\"1200\" height=\"1315\" src=\"https:\/\/modoviajeok.com.ar\/wp-content\/uploads\/2026\/01\/WhatsApp-Image-2026-01-23-at-09.13.28-e1769172727401.jpeg\" alt=\"\" class=\"wp-image-7404\" srcset=\"https:\/\/modoviajeok.com.ar\/wp-content\/uploads\/2026\/01\/WhatsApp-Image-2026-01-23-at-09.13.28-e1769172727401.jpeg 1200w, https:\/\/modoviajeok.com.ar\/wp-content\/uploads\/2026\/01\/WhatsApp-Image-2026-01-23-at-09.13.28-e1769172727401-768x842.jpeg 768w, https:\/\/modoviajeok.com.ar\/wp-content\/uploads\/2026\/01\/WhatsApp-Image-2026-01-23-at-09.13.28-e1769172727401-383x420.jpeg 383w, https:\/\/modoviajeok.com.ar\/wp-content\/uploads\/2026\/01\/WhatsApp-Image-2026-01-23-at-09.13.28-e1769172727401-150x164.jpeg 150w, https:\/\/modoviajeok.com.ar\/wp-content\/uploads\/2026\/01\/WhatsApp-Image-2026-01-23-at-09.13.28-e1769172727401-300x329.jpeg 300w, https:\/\/modoviajeok.com.ar\/wp-content\/uploads\/2026\/01\/WhatsApp-Image-2026-01-23-at-09.13.28-e1769172727401-696x763.jpeg 696w, https:\/\/modoviajeok.com.ar\/wp-content\/uploads\/2026\/01\/WhatsApp-Image-2026-01-23-at-09.13.28-e1769172727401-1068x1170.jpeg 1068w\" sizes=\"auto, (max-width: 1200px) 100vw, 1200px\" \/><\/figure>\n\n\n\n<p>La provincia de C\u00f3rdoba participa de la Feria Internacional del Turismo, FITUR 2026, una de las m\u00e1s importantes del mundo, que se desarrolla del 21 al 25 de enero en IFEMA, Madrid y que se consolida como un espacio clave para el posicionamiento internacional de destinos, la generaci\u00f3n de oportunidades comerciales y el fortalecimiento de v\u00ednculos institucionales.<\/p>\n\n\n\n<p>La delegaci\u00f3n cordobesa est\u00e1 integrada por el presidente de la Agencia C\u00f3rdoba Turismo, Dar\u00edo Capitani; el vocal de la ACT, Diego Barbieris; el responsable de Productos Tur\u00edsticos, Leonardo Rodr\u00edguez; y el presidente de la C\u00e1mara de Turismo de C\u00f3rdoba, Gustavo Peralta, quienes forman parte de la comitiva argentina compuesta por destinos, empresas y autoridades del sector p\u00fablico y privado.<\/p>\n\n\n\n<figure class=\"wp-block-image size-full\"><img loading=\"lazy\" decoding=\"async\" width=\"1928\" height=\"2560\" src=\"https:\/\/modoviajeok.com.ar\/wp-content\/uploads\/2026\/01\/IMG_20260114_115441-scaled.jpg\" alt=\"\" class=\"wp-image-7410\" srcset=\"https:\/\/modoviajeok.com.ar\/wp-content\/uploads\/2026\/01\/IMG_20260114_115441-scaled.jpg 1928w, https:\/\/modoviajeok.com.ar\/wp-content\/uploads\/2026\/01\/IMG_20260114_115441-768x1020.jpg 768w, https:\/\/modoviajeok.com.ar\/wp-content\/uploads\/2026\/01\/IMG_20260114_115441-1157x1536.jpg 1157w, https:\/\/modoviajeok.com.ar\/wp-content\/uploads\/2026\/01\/IMG_20260114_115441-1542x2048.jpg 1542w, https:\/\/modoviajeok.com.ar\/wp-content\/uploads\/2026\/01\/IMG_20260114_115441-316x420.jpg 316w, https:\/\/modoviajeok.com.ar\/wp-content\/uploads\/2026\/01\/IMG_20260114_115441-150x199.jpg 150w, https:\/\/modoviajeok.com.ar\/wp-content\/uploads\/2026\/01\/IMG_20260114_115441-300x398.jpg 300w, https:\/\/modoviajeok.com.ar\/wp-content\/uploads\/2026\/01\/IMG_20260114_115441-696x924.jpg 696w, https:\/\/modoviajeok.com.ar\/wp-content\/uploads\/2026\/01\/IMG_20260114_115441-1068x1418.jpg 1068w, https:\/\/modoviajeok.com.ar\/wp-content\/uploads\/2026\/01\/IMG_20260114_115441-1920x2550.jpg 1920w\" sizes=\"auto, (max-width: 1928px) 100vw, 1928px\" \/><\/figure>\n\n\n\n<p>En el marco de la feria, C\u00f3rdoba realiza una presentaci\u00f3n en el stand de Argentina, centrada en la dualidad del pasaporte entre el Camino del Cura Brochero y el Camino de Santiago, una propuesta que vincula el turismo religioso cordob\u00e9s con uno de los itinerarios espirituales m\u00e1s reconocidos a nivel mundial.<\/p>\n\n\n\n<p>En ese contexto, se present\u00f3 la medalla de peregrinaci\u00f3n dual, un reconocimiento que simboliza el hermanamiento de ambos caminos y que se entrega a quienes acreditan haber recorrido al menos 100 kil\u00f3metros en cada uno de ellos. La iniciativa cuenta con la participaci\u00f3n de autoridades nacionales, representantes de Galicia y referentes del sector tur\u00edstico de Espa\u00f1a, y se inscribe en el proceso de certificaci\u00f3n dual que permite a los peregrinos completar la experiencia tanto en Europa como en C\u00f3rdoba.<\/p>\n\n\n\n<figure class=\"wp-block-image size-full\"><img loading=\"lazy\" decoding=\"async\" width=\"576\" height=\"1280\" src=\"https:\/\/modoviajeok.com.ar\/wp-content\/uploads\/2026\/01\/WhatsApp-Image-2026-01-23-at-13.59.40.jpeg\" alt=\"\" class=\"wp-image-7415\" srcset=\"https:\/\/modoviajeok.com.ar\/wp-content\/uploads\/2026\/01\/WhatsApp-Image-2026-01-23-at-13.59.40.jpeg 576w, https:\/\/modoviajeok.com.ar\/wp-content\/uploads\/2026\/01\/WhatsApp-Image-2026-01-23-at-13.59.40-189x420.jpeg 189w, https:\/\/modoviajeok.com.ar\/wp-content\/uploads\/2026\/01\/WhatsApp-Image-2026-01-23-at-13.59.40-150x333.jpeg 150w, https:\/\/modoviajeok.com.ar\/wp-content\/uploads\/2026\/01\/WhatsApp-Image-2026-01-23-at-13.59.40-300x667.jpeg 300w\" sizes=\"auto, (max-width: 576px) 100vw, 576px\" \/><\/figure>\n\n\n\n<p>Durante su paso por FITUR, Capitani destaca la importancia de la presencia cordobesa en el escenario internacional y afirma:&nbsp;\u201cEste espacio nos permite atraer turismo internacional, mostrar a C\u00f3rdoba como destino tur\u00edstico y como oportunidad de inversi\u00f3n, y fortalecer una agenda vinculada a la conectividad a\u00e9rea, la hoteler\u00eda y los grandes eventos. En ese marco, el Camino del Cura Brochero es un producto de jerarqu\u00eda internacional, con el turismo religioso como epicentro, que combina fe, identidad y desarrollo, y nos permite proyectar a C\u00f3rdoba a escala global en una feria donde participan m\u00e1s de 160 pa\u00edses\u201d<\/p>\n\n\n\n<p>Asimismo, el presidente de la Agencia C\u00f3rdoba Turismo particip\u00f3 de un conversatorio sobre turismo religioso en el que &nbsp;se abordaron las oportunidades de crecimiento de este segmento y se puso en valor el trabajo que viene desarrollando la provincia para diversificar su oferta y consolidar productos con proyecci\u00f3n internacional.<\/p>\n\n\n\n<figure class=\"wp-block-image size-full\"><img loading=\"lazy\" decoding=\"async\" width=\"1928\" height=\"2560\" src=\"https:\/\/modoviajeok.com.ar\/wp-content\/uploads\/2026\/01\/IMG_20251017_102144-scaled.jpg\" alt=\"\" class=\"wp-image-7411\" srcset=\"https:\/\/modoviajeok.com.ar\/wp-content\/uploads\/2026\/01\/IMG_20251017_102144-scaled.jpg 1928w, https:\/\/modoviajeok.com.ar\/wp-content\/uploads\/2026\/01\/IMG_20251017_102144-768x1020.jpg 768w, https:\/\/modoviajeok.com.ar\/wp-content\/uploads\/2026\/01\/IMG_20251017_102144-1157x1536.jpg 1157w, https:\/\/modoviajeok.com.ar\/wp-content\/uploads\/2026\/01\/IMG_20251017_102144-1542x2048.jpg 1542w, https:\/\/modoviajeok.com.ar\/wp-content\/uploads\/2026\/01\/IMG_20251017_102144-316x420.jpg 316w, https:\/\/modoviajeok.com.ar\/wp-content\/uploads\/2026\/01\/IMG_20251017_102144-150x199.jpg 150w, https:\/\/modoviajeok.com.ar\/wp-content\/uploads\/2026\/01\/IMG_20251017_102144-300x398.jpg 300w, https:\/\/modoviajeok.com.ar\/wp-content\/uploads\/2026\/01\/IMG_20251017_102144-696x924.jpg 696w, https:\/\/modoviajeok.com.ar\/wp-content\/uploads\/2026\/01\/IMG_20251017_102144-1068x1418.jpg 1068w, https:\/\/modoviajeok.com.ar\/wp-content\/uploads\/2026\/01\/IMG_20251017_102144-1920x2550.jpg 1920w\" sizes=\"auto, (max-width: 1928px) 100vw, 1928px\" \/><\/figure>\n\n\n\n<p>La presencia de C\u00f3rdoba en FITUR 2026 forma parte de una estrategia sostenida de promoci\u00f3n internacional, que incluye adem\u00e1s la presentaci\u00f3n de la agenda de eventos y competencias previstas para los pr\u00f3ximos a\u00f1os, y el fortalecimiento de la conectividad a\u00e9rea, uno de los ejes centrales para posicionar a la provincia en mercados estrat\u00e9gicos de Europa y el mundo.<\/p>\n\n\n\n<p><strong>Qu\u00e9 es el Camino de Brochero<\/strong><\/p>\n\n\n\n<p>El\u00a0<em>Camino de Brochero<\/em>\u00a0es una traves\u00eda  que une distintas regiones de la provincia de C\u00f3rdoba, recorriendo la historia y el legado de uno de los personajes m\u00e1s destacados de Argentina: el santo cura Jos\u00e9 Gabriel del Rosario Brochero. Este camino, impregnado de su huella, invita a revivir su vida, su obra y su incansable labor en favor de los m\u00e1s necesitados, mientras se descubre una de las zonas m\u00e1s hermosas del pa\u00eds.<\/p>\n\n\n\n<p>El\u00a0<em>Camino de Brochero<\/em>\u00a0se divide en cinco rutas principales, que permiten conocer la vida y obra obra de Brochero. Desde su infancia en Villa Santa Rosa de R\u00edo Primero hasta su misi\u00f3n pastoral en Villa Cura Brochero, este recorrido ofrece una experiencia completa de turismo religioso, cultural, natural y activo.<\/p>\n\n\n\n<ol class=\"wp-block-list\">\n<li><strong>El Camino Mayor<\/strong><br>Este es el recorrido principal que sigui\u00f3 Brochero desde su lugar de nacimiento, Villa Santa Rosa de R\u00edo Primero, pasando por Paraje Carreta Quemada y hasta llegar a Villa del Tr\u00e1nsito (hoy Villa Cura Brochero), el coraz\u00f3n de su labor evangelizadora. En este tramo, se encuentra la esencia de su obra, que perdura hasta el d\u00eda de hoy, reflejada en la devoci\u00f3n de sus fieles y su canonizaci\u00f3n en 2016.<\/li>\n\n\n\n<li><strong>El Camino del Norte<\/strong><br>A trav\u00e9s de este camino se destaca la importancia que Brochero daba a la conexi\u00f3n ferroviaria. Su paso por localidades como Villa de Soto, donde se encontraba la estaci\u00f3n que recib\u00eda a las hermanas esclavas del Coraz\u00f3n de Jes\u00fas, y los poblados de Ambul y Panaholma, nos cuentan sobre sus esfuerzos por promover la educaci\u00f3n y el progreso en la regi\u00f3n. Aqu\u00ed, la historia religiosa y social se mezcla con las arquitecturas que dan cuenta de su incansable trabajo.<\/li>\n\n\n\n<li><strong>El Camino del Sur<\/strong><br>Este camino recorre diversas localidades de la regi\u00f3n sur de C\u00f3rdoba que fueron fundamentales en la labor del Santo. Desde San Vicente, San Pedro, Altautina, hasta Mina Clavero y Villa Dolores, el camino nos lleva por capillas, obras de riego y caminos que son testigos de bautismos, confesiones y matrimonios celebrados por Brochero.<\/li>\n\n\n\n<li><strong>El Camino de los Gigantes<\/strong><br>Uno de los lugares m\u00e1s emblem\u00e1ticos que recorr\u00eda Brochero en sus viajes hacia el oeste provincial, atravesando Tanti, Los Gigantes y Tala Ca\u00f1ada. Este recorrido nos conecta con la belleza natural de las sierras y nos permite seguir los pasos de un hombre que hizo de su vida un viaje constante por las monta\u00f1as de C\u00f3rdoba.<\/li>\n\n\n\n<li><strong>El Camino del Este<\/strong><br>En esta ruta, podemos descubrir localidades que Brochero visit\u00f3 en sus interminables viajes por el interior de la provincia. A trav\u00e9s de documentos hist\u00f3ricos y edificios de \u00e9poca, este camino nos acerca a\u00fan m\u00e1s a la figura del santo, mostrando c\u00f3mo sus ense\u00f1anzas y su trabajo se extendieron por todo el territorio cordob\u00e9s.<\/li>\n<\/ol>\n\n\n\n<p><strong>Villa Carlos Paz: puerta de entrada al Camino Mayor<\/strong><\/p>\n\n\n\n<p>Uno de los puntos de inicio m\u00e1s importantes del&nbsp;<em>Camino Mayor<\/em>&nbsp;es Villa Carlos Paz. Esta localidad, ubicada a orillas del Lago San Roque, marca el ingreso a las sierras cordobesas. El recorrido comienza en la sede del Autom\u00f3vil Club Argentino, transita por la costanera del lago, cruza el Puente del Centenario y llega hasta el Parque Estancia La Quinta, lugar ideal para el sellado de pasaportes, simbolizando el inicio de una peregrinaci\u00f3n que conecta a los turistas y peregrinos con el alma de Brochero.<\/p>\n\n\n\n<figure class=\"wp-block-image size-full\"><img loading=\"lazy\" decoding=\"async\" width=\"576\" height=\"1280\" src=\"https:\/\/modoviajeok.com.ar\/wp-content\/uploads\/2026\/01\/WhatsApp-Image-2026-01-23-at-13.59.40-1.jpeg\" alt=\"\" class=\"wp-image-7420\" srcset=\"https:\/\/modoviajeok.com.ar\/wp-content\/uploads\/2026\/01\/WhatsApp-Image-2026-01-23-at-13.59.40-1.jpeg 576w, https:\/\/modoviajeok.com.ar\/wp-content\/uploads\/2026\/01\/WhatsApp-Image-2026-01-23-at-13.59.40-1-189x420.jpeg 189w, https:\/\/modoviajeok.com.ar\/wp-content\/uploads\/2026\/01\/WhatsApp-Image-2026-01-23-at-13.59.40-1-150x333.jpeg 150w, https:\/\/modoviajeok.com.ar\/wp-content\/uploads\/2026\/01\/WhatsApp-Image-2026-01-23-at-13.59.40-1-300x667.jpeg 300w\" sizes=\"auto, (max-width: 576px) 100vw, 576px\" \/><\/figure>\n\n\n\n<p>Aunque el dise\u00f1o de esta traza no es exactamente el que sigui\u00f3 el Cura Brochero, fue pensada para ofrecer un recorrido seguro y c\u00f3modo para los caminantes y peregrinos, respetando la conectividad, la seguridad y los valores paisaj\u00edsticos que hacen de este camino una experiencia \u00fanica.<\/p>\n\n\n\n<p><a href=\"https:\/\/linktr.ee\/caminodebrochero\" target=\"_blank\" rel=\"noreferrer noopener\"><strong>MIR\u00c1 EL RECORRIDO HACIENDO CLICK AQU\u00cd<\/strong><\/a><\/p>\n\n\n\n<p><\/p>\n\n\n\n<p><\/p>\n","protected":false},"excerpt":{"rendered":"<p>En la Feria Internacional del Turismo que se realiza en Madrid, C\u00f3rdoba centra su presentaci\u00f3n en la dualidad del pasaporte entre el Camino del Cura Brochero y el Camino de Santiago. Con ese motivo present\u00f3 la medalla de peregrinaci\u00f3n dual que se entregar\u00e1 a quienes acreditan haber recorrido al menos 100 kil\u00f3metros en cada uno [&hellip;]<\/p>\n","protected":false},"author":3,"featured_media":7403,"comment_status":"open","ping_status":"open","sticky":false,"template":"","format":"standard","meta":{"_acf_changed":false,"footnotes":""},"categories":[11,10,12],"tags":[345,666,1563,1564],"class_list":{"0":"post-7402","1":"post","2":"type-post","3":"status-publish","4":"format-standard","5":"has-post-thumbnail","7":"category-cordoba","8":"category-noticias","9":"category-novedades","10":"tag-agencia-cordoba-turismo-2","11":"tag-camino-de-brochero","12":"tag-fitur","13":"tag-medalla-de-peregrinacion-dual"},"acf":[],"yoast_head":"<!-- This site is optimized with the Yoast SEO plugin v24.8.1 - https:\/\/yoast.com\/wordpress\/plugins\/seo\/ -->\n<title>Hermanamiento del Camino de Brochero y del Camino de Santiago de Compostela -<\/title>\n<meta name=\"description\" content=\"En Madrid, C\u00f3rdoba present\u00f3 la medalla de peregrinaci\u00f3n dual que hermana al Camino de Santiago con el Camino de Brochero.\" \/>\n<meta name=\"robots\" content=\"index, follow, max-snippet:-1, max-image-preview:large, max-video-preview:-1\" \/>\n<link rel=\"canonical\" href=\"https:\/\/modoviajeok.com.ar\/index.php\/2026\/01\/23\/el-camino-de-brochero-eje-de-la-presencia-cordobesa-en-la-fitur\/\" \/>\n<meta property=\"og:locale\" content=\"es_ES\" \/>\n<meta property=\"og:type\" content=\"article\" \/>\n<meta property=\"og:title\" content=\"Hermanamiento del Camino de Brochero y del Camino de Santiago de Compostela -\" \/>\n<meta property=\"og:description\" content=\"En Madrid, C\u00f3rdoba present\u00f3 la medalla de peregrinaci\u00f3n dual que hermana al Camino de Santiago con el Camino de Brochero.\" \/>\n<meta property=\"og:url\" content=\"https:\/\/modoviajeok.com.ar\/index.php\/2026\/01\/23\/el-camino-de-brochero-eje-de-la-presencia-cordobesa-en-la-fitur\/\" \/>\n<meta property=\"article:publisher\" content=\"https:\/\/www.facebook.com\/mariana.otero1\/\" \/>\n<meta property=\"article:published_time\" content=\"2026-01-23T16:02:39+00:00\" \/>\n<meta property=\"article:modified_time\" content=\"2026-02-11T23:14:22+00:00\" \/>\n<meta property=\"og:image\" content=\"https:\/\/modoviajeok.com.ar\/wp-content\/uploads\/2026\/01\/WhatsApp-Image-2026-01-23-at-09.41.03.jpeg\" \/>\n\t<meta property=\"og:image:width\" content=\"960\" \/>\n\t<meta property=\"og:image:height\" content=\"1280\" \/>\n\t<meta property=\"og:image:type\" content=\"image\/jpeg\" \/>\n<meta name=\"author\" content=\"Pepe Segura\" \/>\n<meta name=\"twitter:card\" content=\"summary_large_image\" \/>\n<meta name=\"twitter:label1\" content=\"Escrito por\" \/>\n\t<meta name=\"twitter:data1\" content=\"Pepe Segura\" \/>\n\t<meta name=\"twitter:label2\" content=\"Tiempo de lectura\" \/>\n\t<meta name=\"twitter:data2\" content=\"7 minutos\" \/>\n<script type=\"application\/ld+json\" class=\"yoast-schema-graph\">{\"@context\":\"https:\/\/schema.org\",\"@graph\":[{\"@type\":\"Article\",\"@id\":\"https:\/\/modoviajeok.com.ar\/index.php\/2026\/01\/23\/el-camino-de-brochero-eje-de-la-presencia-cordobesa-en-la-fitur\/#article\",\"isPartOf\":{\"@id\":\"https:\/\/modoviajeok.com.ar\/index.php\/2026\/01\/23\/el-camino-de-brochero-eje-de-la-presencia-cordobesa-en-la-fitur\/\"},\"author\":{\"name\":\"Pepe Segura\",\"@id\":\"https:\/\/modoviajeok.com.ar\/#\/schema\/person\/2e299ed0d3d412a01d244fe28260d7f5\"},\"headline\":\"Hermanamiento del Camino de Brochero y del Camino de Santiago de Compostela\",\"datePublished\":\"2026-01-23T16:02:39+00:00\",\"dateModified\":\"2026-02-11T23:14:22+00:00\",\"mainEntityOfPage\":{\"@id\":\"https:\/\/modoviajeok.com.ar\/index.php\/2026\/01\/23\/el-camino-de-brochero-eje-de-la-presencia-cordobesa-en-la-fitur\/\"},\"wordCount\":1210,\"commentCount\":0,\"publisher\":{\"@id\":\"https:\/\/modoviajeok.com.ar\/#organization\"},\"image\":{\"@id\":\"https:\/\/modoviajeok.com.ar\/index.php\/2026\/01\/23\/el-camino-de-brochero-eje-de-la-presencia-cordobesa-en-la-fitur\/#primaryimage\"},\"thumbnailUrl\":\"https:\/\/modoviajeok.com.ar\/wp-content\/uploads\/2026\/01\/WhatsApp-Image-2026-01-23-at-09.41.03.jpeg\",\"keywords\":[\"agencia cordoba turismo\",\"camino de brochero\",\"FITUR\",\"medalla de peregrinacion dual\"],\"articleSection\":[\"C\u00f3rdoba\",\"Noticias\",\"Novedades\"],\"inLanguage\":\"es\",\"potentialAction\":[{\"@type\":\"CommentAction\",\"name\":\"Comment\",\"target\":[\"https:\/\/modoviajeok.com.ar\/index.php\/2026\/01\/23\/el-camino-de-brochero-eje-de-la-presencia-cordobesa-en-la-fitur\/#respond\"]}]},{\"@type\":\"WebPage\",\"@id\":\"https:\/\/modoviajeok.com.ar\/index.php\/2026\/01\/23\/el-camino-de-brochero-eje-de-la-presencia-cordobesa-en-la-fitur\/\",\"url\":\"https:\/\/modoviajeok.com.ar\/index.php\/2026\/01\/23\/el-camino-de-brochero-eje-de-la-presencia-cordobesa-en-la-fitur\/\",\"name\":\"Hermanamiento del Camino de Brochero y del Camino de Santiago de Compostela -\",\"isPartOf\":{\"@id\":\"https:\/\/modoviajeok.com.ar\/#website\"},\"primaryImageOfPage\":{\"@id\":\"https:\/\/modoviajeok.com.ar\/index.php\/2026\/01\/23\/el-camino-de-brochero-eje-de-la-presencia-cordobesa-en-la-fitur\/#primaryimage\"},\"image\":{\"@id\":\"https:\/\/modoviajeok.com.ar\/index.php\/2026\/01\/23\/el-camino-de-brochero-eje-de-la-presencia-cordobesa-en-la-fitur\/#primaryimage\"},\"thumbnailUrl\":\"https:\/\/modoviajeok.com.ar\/wp-content\/uploads\/2026\/01\/WhatsApp-Image-2026-01-23-at-09.41.03.jpeg\",\"datePublished\":\"2026-01-23T16:02:39+00:00\",\"dateModified\":\"2026-02-11T23:14:22+00:00\",\"description\":\"En Madrid, C\u00f3rdoba present\u00f3 la medalla de peregrinaci\u00f3n dual que hermana al Camino de Santiago con el Camino de Brochero.\",\"breadcrumb\":{\"@id\":\"https:\/\/modoviajeok.com.ar\/index.php\/2026\/01\/23\/el-camino-de-brochero-eje-de-la-presencia-cordobesa-en-la-fitur\/#breadcrumb\"},\"inLanguage\":\"es\",\"potentialAction\":[{\"@type\":\"ReadAction\",\"target\":[\"https:\/\/modoviajeok.com.ar\/index.php\/2026\/01\/23\/el-camino-de-brochero-eje-de-la-presencia-cordobesa-en-la-fitur\/\"]}]},{\"@type\":\"ImageObject\",\"inLanguage\":\"es\",\"@id\":\"https:\/\/modoviajeok.com.ar\/index.php\/2026\/01\/23\/el-camino-de-brochero-eje-de-la-presencia-cordobesa-en-la-fitur\/#primaryimage\",\"url\":\"https:\/\/modoviajeok.com.ar\/wp-content\/uploads\/2026\/01\/WhatsApp-Image-2026-01-23-at-09.41.03.jpeg\",\"contentUrl\":\"https:\/\/modoviajeok.com.ar\/wp-content\/uploads\/2026\/01\/WhatsApp-Image-2026-01-23-at-09.41.03.jpeg\",\"width\":960,\"height\":1280},{\"@type\":\"BreadcrumbList\",\"@id\":\"https:\/\/modoviajeok.com.ar\/index.php\/2026\/01\/23\/el-camino-de-brochero-eje-de-la-presencia-cordobesa-en-la-fitur\/#breadcrumb\",\"itemListElement\":[{\"@type\":\"ListItem\",\"position\":1,\"name\":\"Portada\",\"item\":\"https:\/\/modoviajeok.com.ar\/\"},{\"@type\":\"ListItem\",\"position\":2,\"name\":\"Hermanamiento del Camino de Brochero y del Camino de Santiago de Compostela\"}]},{\"@type\":\"WebSite\",\"@id\":\"https:\/\/modoviajeok.com.ar\/#website\",\"url\":\"https:\/\/modoviajeok.com.ar\/\",\"name\":\"ModoViajeOK\",\"description\":\"\",\"publisher\":{\"@id\":\"https:\/\/modoviajeok.com.ar\/#organization\"},\"potentialAction\":[{\"@type\":\"SearchAction\",\"target\":{\"@type\":\"EntryPoint\",\"urlTemplate\":\"https:\/\/modoviajeok.com.ar\/?s={search_term_string}\"},\"query-input\":{\"@type\":\"PropertyValueSpecification\",\"valueRequired\":true,\"valueName\":\"search_term_string\"}}],\"inLanguage\":\"es\"},{\"@type\":\"Organization\",\"@id\":\"https:\/\/modoviajeok.com.ar\/#organization\",\"name\":\"ModoViajeOK\",\"url\":\"https:\/\/modoviajeok.com.ar\/\",\"logo\":{\"@type\":\"ImageObject\",\"inLanguage\":\"es\",\"@id\":\"https:\/\/modoviajeok.com.ar\/#\/schema\/logo\/image\/\",\"url\":\"https:\/\/modoviajeok.com.ar\/wp-content\/uploads\/2025\/01\/Logo-modoviajeok.png\",\"contentUrl\":\"https:\/\/modoviajeok.com.ar\/wp-content\/uploads\/2025\/01\/Logo-modoviajeok.png\",\"width\":2938,\"height\":2276,\"caption\":\"ModoViajeOK\"},\"image\":{\"@id\":\"https:\/\/modoviajeok.com.ar\/#\/schema\/logo\/image\/\"},\"sameAs\":[\"https:\/\/www.facebook.com\/mariana.otero1\/\",\"https:\/\/www.instagram.com\/modoviaje.ok\/\"]},{\"@type\":\"Person\",\"@id\":\"https:\/\/modoviajeok.com.ar\/#\/schema\/person\/2e299ed0d3d412a01d244fe28260d7f5\",\"name\":\"Pepe Segura\",\"image\":{\"@type\":\"ImageObject\",\"inLanguage\":\"es\",\"@id\":\"https:\/\/modoviajeok.com.ar\/#\/schema\/person\/image\/\",\"url\":\"https:\/\/secure.gravatar.com\/avatar\/65eb4b34deed761327f5b2c5535b987318ae807900ac46426de7258f5de6d345?s=96&d=mm&r=g\",\"contentUrl\":\"https:\/\/secure.gravatar.com\/avatar\/65eb4b34deed761327f5b2c5535b987318ae807900ac46426de7258f5de6d345?s=96&d=mm&r=g\",\"caption\":\"Pepe Segura\"},\"url\":\"https:\/\/modoviajeok.com.ar\/index.php\/author\/pepe2025\/\"}]}<\/script>\n<!-- \/ Yoast SEO plugin. -->","yoast_head_json":{"title":"Hermanamiento del Camino de Brochero y del Camino de Santiago de Compostela -","description":"En Madrid, C\u00f3rdoba present\u00f3 la medalla de peregrinaci\u00f3n dual que hermana al Camino de Santiago con el Camino de Brochero.","robots":{"index":"index","follow":"follow","max-snippet":"max-snippet:-1","max-image-preview":"max-image-preview:large","max-video-preview":"max-video-preview:-1"},"canonical":"https:\/\/modoviajeok.com.ar\/index.php\/2026\/01\/23\/el-camino-de-brochero-eje-de-la-presencia-cordobesa-en-la-fitur\/","og_locale":"es_ES","og_type":"article","og_title":"Hermanamiento del Camino de Brochero y del Camino de Santiago de Compostela -","og_description":"En Madrid, C\u00f3rdoba present\u00f3 la medalla de peregrinaci\u00f3n dual que hermana al Camino de Santiago con el Camino de Brochero.","og_url":"https:\/\/modoviajeok.com.ar\/index.php\/2026\/01\/23\/el-camino-de-brochero-eje-de-la-presencia-cordobesa-en-la-fitur\/","article_publisher":"https:\/\/www.facebook.com\/mariana.otero1\/","article_published_time":"2026-01-23T16:02:39+00:00","article_modified_time":"2026-02-11T23:14:22+00:00","og_image":[{"width":960,"height":1280,"url":"https:\/\/modoviajeok.com.ar\/wp-content\/uploads\/2026\/01\/WhatsApp-Image-2026-01-23-at-09.41.03.jpeg","type":"image\/jpeg"}],"author":"Pepe Segura","twitter_card":"summary_large_image","twitter_misc":{"Escrito por":"Pepe Segura","Tiempo de lectura":"7 minutos"},"schema":{"@context":"https:\/\/schema.org","@graph":[{"@type":"Article","@id":"https:\/\/modoviajeok.com.ar\/index.php\/2026\/01\/23\/el-camino-de-brochero-eje-de-la-presencia-cordobesa-en-la-fitur\/#article","isPartOf":{"@id":"https:\/\/modoviajeok.com.ar\/index.php\/2026\/01\/23\/el-camino-de-brochero-eje-de-la-presencia-cordobesa-en-la-fitur\/"},"author":{"name":"Pepe Segura","@id":"https:\/\/modoviajeok.com.ar\/#\/schema\/person\/2e299ed0d3d412a01d244fe28260d7f5"},"headline":"Hermanamiento del Camino de Brochero y del Camino de Santiago de Compostela","datePublished":"2026-01-23T16:02:39+00:00","dateModified":"2026-02-11T23:14:22+00:00","mainEntityOfPage":{"@id":"https:\/\/modoviajeok.com.ar\/index.php\/2026\/01\/23\/el-camino-de-brochero-eje-de-la-presencia-cordobesa-en-la-fitur\/"},"wordCount":1210,"commentCount":0,"publisher":{"@id":"https:\/\/modoviajeok.com.ar\/#organization"},"image":{"@id":"https:\/\/modoviajeok.com.ar\/index.php\/2026\/01\/23\/el-camino-de-brochero-eje-de-la-presencia-cordobesa-en-la-fitur\/#primaryimage"},"thumbnailUrl":"https:\/\/modoviajeok.com.ar\/wp-content\/uploads\/2026\/01\/WhatsApp-Image-2026-01-23-at-09.41.03.jpeg","keywords":["agencia cordoba turismo","camino de brochero","FITUR","medalla de peregrinacion dual"],"articleSection":["C\u00f3rdoba","Noticias","Novedades"],"inLanguage":"es","potentialAction":[{"@type":"CommentAction","name":"Comment","target":["https:\/\/modoviajeok.com.ar\/index.php\/2026\/01\/23\/el-camino-de-brochero-eje-de-la-presencia-cordobesa-en-la-fitur\/#respond"]}]},{"@type":"WebPage","@id":"https:\/\/modoviajeok.com.ar\/index.php\/2026\/01\/23\/el-camino-de-brochero-eje-de-la-presencia-cordobesa-en-la-fitur\/","url":"https:\/\/modoviajeok.com.ar\/index.php\/2026\/01\/23\/el-camino-de-brochero-eje-de-la-presencia-cordobesa-en-la-fitur\/","name":"Hermanamiento del Camino de Brochero y del Camino de Santiago de Compostela -","isPartOf":{"@id":"https:\/\/modoviajeok.com.ar\/#website"},"primaryImageOfPage":{"@id":"https:\/\/modoviajeok.com.ar\/index.php\/2026\/01\/23\/el-camino-de-brochero-eje-de-la-presencia-cordobesa-en-la-fitur\/#primaryimage"},"image":{"@id":"https:\/\/modoviajeok.com.ar\/index.php\/2026\/01\/23\/el-camino-de-brochero-eje-de-la-presencia-cordobesa-en-la-fitur\/#primaryimage"},"thumbnailUrl":"https:\/\/modoviajeok.com.ar\/wp-content\/uploads\/2026\/01\/WhatsApp-Image-2026-01-23-at-09.41.03.jpeg","datePublished":"2026-01-23T16:02:39+00:00","dateModified":"2026-02-11T23:14:22+00:00","description":"En Madrid, C\u00f3rdoba present\u00f3 la medalla de peregrinaci\u00f3n dual que hermana al Camino de Santiago con el Camino de Brochero.","breadcrumb":{"@id":"https:\/\/modoviajeok.com.ar\/index.php\/2026\/01\/23\/el-camino-de-brochero-eje-de-la-presencia-cordobesa-en-la-fitur\/#breadcrumb"},"inLanguage":"es","potentialAction":[{"@type":"ReadAction","target":["https:\/\/modoviajeok.com.ar\/index.php\/2026\/01\/23\/el-camino-de-brochero-eje-de-la-presencia-cordobesa-en-la-fitur\/"]}]},{"@type":"ImageObject","inLanguage":"es","@id":"https:\/\/modoviajeok.com.ar\/index.php\/2026\/01\/23\/el-camino-de-brochero-eje-de-la-presencia-cordobesa-en-la-fitur\/#primaryimage","url":"https:\/\/modoviajeok.com.ar\/wp-content\/uploads\/2026\/01\/WhatsApp-Image-2026-01-23-at-09.41.03.jpeg","contentUrl":"https:\/\/modoviajeok.com.ar\/wp-content\/uploads\/2026\/01\/WhatsApp-Image-2026-01-23-at-09.41.03.jpeg","width":960,"height":1280},{"@type":"BreadcrumbList","@id":"https:\/\/modoviajeok.com.ar\/index.php\/2026\/01\/23\/el-camino-de-brochero-eje-de-la-presencia-cordobesa-en-la-fitur\/#breadcrumb","itemListElement":[{"@type":"ListItem","position":1,"name":"Portada","item":"https:\/\/modoviajeok.com.ar\/"},{"@type":"ListItem","position":2,"name":"Hermanamiento del Camino de Brochero y del Camino de Santiago de Compostela"}]},{"@type":"WebSite","@id":"https:\/\/modoviajeok.com.ar\/#website","url":"https:\/\/modoviajeok.com.ar\/","name":"ModoViajeOK","description":"","publisher":{"@id":"https:\/\/modoviajeok.com.ar\/#organization"},"potentialAction":[{"@type":"SearchAction","target":{"@type":"EntryPoint","urlTemplate":"https:\/\/modoviajeok.com.ar\/?s={search_term_string}"},"query-input":{"@type":"PropertyValueSpecification","valueRequired":true,"valueName":"search_term_string"}}],"inLanguage":"es"},{"@type":"Organization","@id":"https:\/\/modoviajeok.com.ar\/#organization","name":"ModoViajeOK","url":"https:\/\/modoviajeok.com.ar\/","logo":{"@type":"ImageObject","inLanguage":"es","@id":"https:\/\/modoviajeok.com.ar\/#\/schema\/logo\/image\/","url":"https:\/\/modoviajeok.com.ar\/wp-content\/uploads\/2025\/01\/Logo-modoviajeok.png","contentUrl":"https:\/\/modoviajeok.com.ar\/wp-content\/uploads\/2025\/01\/Logo-modoviajeok.png","width":2938,"height":2276,"caption":"ModoViajeOK"},"image":{"@id":"https:\/\/modoviajeok.com.ar\/#\/schema\/logo\/image\/"},"sameAs":["https:\/\/www.facebook.com\/mariana.otero1\/","https:\/\/www.instagram.com\/modoviaje.ok\/"]},{"@type":"Person","@id":"https:\/\/modoviajeok.com.ar\/#\/schema\/person\/2e299ed0d3d412a01d244fe28260d7f5","name":"Pepe Segura","image":{"@type":"ImageObject","inLanguage":"es","@id":"https:\/\/modoviajeok.com.ar\/#\/schema\/person\/image\/","url":"https:\/\/secure.gravatar.com\/avatar\/65eb4b34deed761327f5b2c5535b987318ae807900ac46426de7258f5de6d345?s=96&d=mm&r=g","contentUrl":"https:\/\/secure.gravatar.com\/avatar\/65eb4b34deed761327f5b2c5535b987318ae807900ac46426de7258f5de6d345?s=96&d=mm&r=g","caption":"Pepe Segura"},"url":"https:\/\/modoviajeok.com.ar\/index.php\/author\/pepe2025\/"}]}},"_links":{"self":[{"href":"https:\/\/modoviajeok.com.ar\/index.php\/wp-json\/wp\/v2\/posts\/7402","targetHints":{"allow":["GET"]}}],"collection":[{"href":"https:\/\/modoviajeok.com.ar\/index.php\/wp-json\/wp\/v2\/posts"}],"about":[{"href":"https:\/\/modoviajeok.com.ar\/index.php\/wp-json\/wp\/v2\/types\/post"}],"author":[{"embeddable":true,"href":"https:\/\/modoviajeok.com.ar\/index.php\/wp-json\/wp\/v2\/users\/3"}],"replies":[{"embeddable":true,"href":"https:\/\/modoviajeok.com.ar\/index.php\/wp-json\/wp\/v2\/comments?post=7402"}],"version-history":[{"count":7,"href":"https:\/\/modoviajeok.com.ar\/index.php\/wp-json\/wp\/v2\/posts\/7402\/revisions"}],"predecessor-version":[{"id":7422,"href":"https:\/\/modoviajeok.com.ar\/index.php\/wp-json\/wp\/v2\/posts\/7402\/revisions\/7422"}],"wp:featuredmedia":[{"embeddable":true,"href":"https:\/\/modoviajeok.com.ar\/index.php\/wp-json\/wp\/v2\/media\/7403"}],"wp:attachment":[{"href":"https:\/\/modoviajeok.com.ar\/index.php\/wp-json\/wp\/v2\/media?parent=7402"}],"wp:term":[{"taxonomy":"category","embeddable":true,"href":"https:\/\/modoviajeok.com.ar\/index.php\/wp-json\/wp\/v2\/categories?post=7402"},{"taxonomy":"post_tag","embeddable":true,"href":"https:\/\/modoviajeok.com.ar\/index.php\/wp-json\/wp\/v2\/tags?post=7402"}],"curies":[{"name":"wp","href":"https:\/\/api.w.org\/{rel}","templated":true}]}}