{"id":745,"date":"2025-01-23T20:38:42","date_gmt":"2025-01-23T23:38:42","guid":{"rendered":"https:\/\/modoviajeok.com.ar\/?p=745"},"modified":"2025-01-24T19:09:10","modified_gmt":"2025-01-24T22:09:10","slug":"campos-do-jordao-la-suiza-brasilena","status":"publish","type":"post","link":"https:\/\/modoviajeok.com.ar\/index.php\/2025\/01\/23\/campos-do-jordao-la-suiza-brasilena\/","title":{"rendered":"Campos do Jordao, la Suiza brasile\u00f1a"},"content":{"rendered":"\n<p><\/p>\n\n\n\n<p>Brasil siempre sorprende, pero esta vez se pas\u00f3. Llegamos a Campos do Jordao en marzo del a\u00f1o pasado a participar en un Congreso Internacional de Turismo y de un presstrip organizado por la Organizaci\u00f3n Mundial de Periodismo Tur\u00edstico (OMPT) en la \u201cSuiza brasile\u00f1a\u201d.&nbsp;<\/p>\n\n\n\n<figure class=\"wp-block-image size-full\"><img loading=\"lazy\" decoding=\"async\" width=\"1928\" height=\"2560\" src=\"https:\/\/modoviajeok.com.ar\/wp-content\/uploads\/2025\/01\/IMG_20240308_181140-scaled.jpg\" alt=\"\" class=\"wp-image-819\" srcset=\"https:\/\/modoviajeok.com.ar\/wp-content\/uploads\/2025\/01\/IMG_20240308_181140-scaled.jpg 1928w, https:\/\/modoviajeok.com.ar\/wp-content\/uploads\/2025\/01\/IMG_20240308_181140-768x1020.jpg 768w, https:\/\/modoviajeok.com.ar\/wp-content\/uploads\/2025\/01\/IMG_20240308_181140-1157x1536.jpg 1157w, https:\/\/modoviajeok.com.ar\/wp-content\/uploads\/2025\/01\/IMG_20240308_181140-1542x2048.jpg 1542w, https:\/\/modoviajeok.com.ar\/wp-content\/uploads\/2025\/01\/IMG_20240308_181140-316x420.jpg 316w, https:\/\/modoviajeok.com.ar\/wp-content\/uploads\/2025\/01\/IMG_20240308_181140-150x199.jpg 150w, https:\/\/modoviajeok.com.ar\/wp-content\/uploads\/2025\/01\/IMG_20240308_181140-300x398.jpg 300w, https:\/\/modoviajeok.com.ar\/wp-content\/uploads\/2025\/01\/IMG_20240308_181140-696x924.jpg 696w, https:\/\/modoviajeok.com.ar\/wp-content\/uploads\/2025\/01\/IMG_20240308_181140-1068x1418.jpg 1068w, https:\/\/modoviajeok.com.ar\/wp-content\/uploads\/2025\/01\/IMG_20240308_181140-1920x2550.jpg 1920w\" sizes=\"auto, (max-width: 1928px) 100vw, 1928px\" \/><\/figure>\n\n\n\n<p>Campos do Jordao es la ciudad m\u00e1s alta de Brasil, d\u00f3nde viven unos 51 mil habitantes.&nbsp;<\/p>\n\n\n\n<p>Se encuentra a poco m\u00e1s de dos horas de San Pablo, y est\u00e1 recostada sobre la sierra de Mantiqueira, a 1.680 metros sobre el nivel del mar. Subimos al techo de Brasil.<\/p>\n\n\n\n<p>La primera sorpresa es su arquitectura de estilo alpino en el coraz\u00f3n de Sudam\u00e9rica y a pasos del tr\u00f3pico de Capricornio. Las construcciones de madera tienen el sello centroeuropeo&nbsp; y los jardines de petunias marcan la identidad del lugar elegido por los brasile\u00f1os para experimentar temperaturas bajo cero en los inviernos. En verano el clima es templado: piscina de d\u00eda y fogones de noche. No hay dudas: Campos do Jordao es \u201cel otro Brasil\u201d.<\/p>\n\n\n\n<figure class=\"wp-block-image size-full\"><img loading=\"lazy\" decoding=\"async\" width=\"2335\" height=\"2560\" src=\"https:\/\/modoviajeok.com.ar\/wp-content\/uploads\/2025\/01\/IMG_20240309_175721-scaled.jpg\" alt=\"\" class=\"wp-image-758\" srcset=\"https:\/\/modoviajeok.com.ar\/wp-content\/uploads\/2025\/01\/IMG_20240309_175721-scaled.jpg 2335w, https:\/\/modoviajeok.com.ar\/wp-content\/uploads\/2025\/01\/IMG_20240309_175721-768x842.jpg 768w, https:\/\/modoviajeok.com.ar\/wp-content\/uploads\/2025\/01\/IMG_20240309_175721-1401x1536.jpg 1401w, https:\/\/modoviajeok.com.ar\/wp-content\/uploads\/2025\/01\/IMG_20240309_175721-1868x2048.jpg 1868w, https:\/\/modoviajeok.com.ar\/wp-content\/uploads\/2025\/01\/IMG_20240309_175721-383x420.jpg 383w, https:\/\/modoviajeok.com.ar\/wp-content\/uploads\/2025\/01\/IMG_20240309_175721-150x164.jpg 150w, https:\/\/modoviajeok.com.ar\/wp-content\/uploads\/2025\/01\/IMG_20240309_175721-300x329.jpg 300w, https:\/\/modoviajeok.com.ar\/wp-content\/uploads\/2025\/01\/IMG_20240309_175721-696x763.jpg 696w, https:\/\/modoviajeok.com.ar\/wp-content\/uploads\/2025\/01\/IMG_20240309_175721-1068x1171.jpg 1068w, https:\/\/modoviajeok.com.ar\/wp-content\/uploads\/2025\/01\/IMG_20240309_175721-1920x2105.jpg 1920w\" sizes=\"auto, (max-width: 2335px) 100vw, 2335px\" \/><\/figure>\n\n\n\n<p>Sorprenden los bosques de araucarias (\u00a1s\u00ed!), los mismos y fant\u00e1sticos \u00e1rboles de copas en forma de c\u00e1liz y pompones en sus ramas que encontramos en Neuqu\u00e9n y en la Patagonia chilena.&nbsp;<\/p>\n\n\n\n<figure class=\"wp-block-image size-full\"><img loading=\"lazy\" decoding=\"async\" width=\"2150\" height=\"1672\" src=\"https:\/\/modoviajeok.com.ar\/wp-content\/uploads\/2025\/01\/20240310_110804.jpg\" alt=\"\" class=\"wp-image-752\" srcset=\"https:\/\/modoviajeok.com.ar\/wp-content\/uploads\/2025\/01\/20240310_110804.jpg 2150w, https:\/\/modoviajeok.com.ar\/wp-content\/uploads\/2025\/01\/20240310_110804-768x597.jpg 768w, https:\/\/modoviajeok.com.ar\/wp-content\/uploads\/2025\/01\/20240310_110804-1536x1195.jpg 1536w, https:\/\/modoviajeok.com.ar\/wp-content\/uploads\/2025\/01\/20240310_110804-2048x1593.jpg 2048w, https:\/\/modoviajeok.com.ar\/wp-content\/uploads\/2025\/01\/20240310_110804-540x420.jpg 540w, https:\/\/modoviajeok.com.ar\/wp-content\/uploads\/2025\/01\/20240310_110804-150x117.jpg 150w, https:\/\/modoviajeok.com.ar\/wp-content\/uploads\/2025\/01\/20240310_110804-300x233.jpg 300w, https:\/\/modoviajeok.com.ar\/wp-content\/uploads\/2025\/01\/20240310_110804-696x541.jpg 696w, https:\/\/modoviajeok.com.ar\/wp-content\/uploads\/2025\/01\/20240310_110804-1068x831.jpg 1068w, https:\/\/modoviajeok.com.ar\/wp-content\/uploads\/2025\/01\/20240310_110804-1920x1493.jpg 1920w\" sizes=\"auto, (max-width: 2150px) 100vw, 2150px\" \/><\/figure>\n\n\n\n<p>All\u00ed se come fondue y chocolate, se bebe cerveza artesanal (hay siete f\u00e1bricas, muchas con producciones premiadas a nivel mundial), se celebra un tradicional festival internacional de m\u00fasica cl\u00e1sica, se respira el aire m\u00e1s puro del mundo (seg\u00fan una certificaci\u00f3n internacional), hay cinco parques naturales y una reserva. Maravilloso.<\/p>\n\n\n\n<figure class=\"wp-block-image size-full\"><img loading=\"lazy\" decoding=\"async\" width=\"1836\" height=\"2341\" src=\"https:\/\/modoviajeok.com.ar\/wp-content\/uploads\/2025\/01\/20240312_100844.jpg\" alt=\"\" class=\"wp-image-756\" srcset=\"https:\/\/modoviajeok.com.ar\/wp-content\/uploads\/2025\/01\/20240312_100844.jpg 1836w, https:\/\/modoviajeok.com.ar\/wp-content\/uploads\/2025\/01\/20240312_100844-768x979.jpg 768w, https:\/\/modoviajeok.com.ar\/wp-content\/uploads\/2025\/01\/20240312_100844-1205x1536.jpg 1205w, https:\/\/modoviajeok.com.ar\/wp-content\/uploads\/2025\/01\/20240312_100844-1606x2048.jpg 1606w, https:\/\/modoviajeok.com.ar\/wp-content\/uploads\/2025\/01\/20240312_100844-329x420.jpg 329w, https:\/\/modoviajeok.com.ar\/wp-content\/uploads\/2025\/01\/20240312_100844-150x191.jpg 150w, https:\/\/modoviajeok.com.ar\/wp-content\/uploads\/2025\/01\/20240312_100844-300x383.jpg 300w, https:\/\/modoviajeok.com.ar\/wp-content\/uploads\/2025\/01\/20240312_100844-696x887.jpg 696w, https:\/\/modoviajeok.com.ar\/wp-content\/uploads\/2025\/01\/20240312_100844-1068x1362.jpg 1068w\" sizes=\"auto, (max-width: 1836px) 100vw, 1836px\" \/><\/figure>\n\n\n\n<p><\/p>\n\n\n\n<p><em>Esta nota fue publicada originariamente en el suplemento Voy de Viaje de La Voz del Interior. LINK: <a href=\"https:\/\/voydeviaje.lavoz.com.ar\/mundo\/campos-do-jordao-la-suiza-brasilena\/\" data-type=\"link\" data-id=\"https:\/\/voydeviaje.lavoz.com.ar\/mundo\/campos-do-jordao-la-suiza-brasilena\/\">Campos do Jordao: la Suiza Brasile\u00f1a<\/a><\/em><\/p>\n\n\n\n<p><\/p>\n\n\n\n<p><\/p>\n\n\n\n\n\n<p><\/p>\n","protected":false},"excerpt":{"rendered":"<p>Brasil siempre sorprende, pero esta vez se pas\u00f3. Llegamos a Campos do Jordao en marzo del a\u00f1o pasado a participar en un Congreso Internacional de Turismo y de un presstrip organizado por la Organizaci\u00f3n Mundial de Periodismo Tur\u00edstico (OMPT) en la \u201cSuiza brasile\u00f1a\u201d.&nbsp; Campos do Jordao es la ciudad m\u00e1s alta de Brasil, d\u00f3nde viven [&hellip;]<\/p>\n","protected":false},"author":3,"featured_media":819,"comment_status":"open","ping_status":"open","sticky":false,"template":"","format":"standard","meta":{"_acf_changed":false,"footnotes":""},"categories":[9,10],"tags":[101,100,73,94,95],"class_list":{"0":"post-745","1":"post","2":"type-post","3":"status-publish","4":"format-standard","5":"has-post-thumbnail","7":"category-mundo","8":"category-noticias","9":"tag-america-del-sur-2","10":"tag-america-latina","11":"tag-brasil","12":"tag-campos-do-jordao","13":"tag-san-pablo"},"acf":[],"yoast_head":"<!-- This site is optimized with the Yoast SEO plugin v24.8.1 - https:\/\/yoast.com\/wordpress\/plugins\/seo\/ -->\n<title>Campos do Jordao, la Suiza brasile\u00f1a -<\/title>\n<meta name=\"robots\" content=\"index, follow, max-snippet:-1, max-image-preview:large, max-video-preview:-1\" \/>\n<link rel=\"canonical\" href=\"https:\/\/modoviajeok.com.ar\/index.php\/2025\/01\/23\/campos-do-jordao-la-suiza-brasilena\/\" \/>\n<meta property=\"og:locale\" content=\"es_ES\" \/>\n<meta property=\"og:type\" content=\"article\" \/>\n<meta property=\"og:title\" content=\"Campos do Jordao, la Suiza brasile\u00f1a -\" \/>\n<meta property=\"og:description\" content=\"Brasil siempre sorprende, pero esta vez se pas\u00f3. Llegamos a Campos do Jordao en marzo del a\u00f1o pasado a participar en un Congreso Internacional de Turismo y de un presstrip organizado por la Organizaci\u00f3n Mundial de Periodismo Tur\u00edstico (OMPT) en la \u201cSuiza brasile\u00f1a\u201d.&nbsp; Campos do Jordao es la ciudad m\u00e1s alta de Brasil, d\u00f3nde viven [&hellip;]\" \/>\n<meta property=\"og:url\" content=\"https:\/\/modoviajeok.com.ar\/index.php\/2025\/01\/23\/campos-do-jordao-la-suiza-brasilena\/\" \/>\n<meta property=\"article:publisher\" content=\"https:\/\/www.facebook.com\/mariana.otero1\/\" \/>\n<meta property=\"article:published_time\" content=\"2025-01-23T23:38:42+00:00\" \/>\n<meta property=\"article:modified_time\" content=\"2025-01-24T22:09:10+00:00\" \/>\n<meta property=\"og:image\" content=\"https:\/\/modoviajeok.com.ar\/wp-content\/uploads\/2025\/01\/IMG_20240308_181140-scaled.jpg\" \/>\n\t<meta property=\"og:image:width\" content=\"1928\" \/>\n\t<meta property=\"og:image:height\" content=\"2560\" \/>\n\t<meta property=\"og:image:type\" content=\"image\/jpeg\" \/>\n<meta name=\"author\" content=\"Pepe Segura\" \/>\n<meta name=\"twitter:card\" content=\"summary_large_image\" \/>\n<meta name=\"twitter:label1\" content=\"Escrito por\" \/>\n\t<meta name=\"twitter:data1\" content=\"Pepe Segura\" \/>\n\t<meta name=\"twitter:label2\" content=\"Tiempo de lectura\" \/>\n\t<meta name=\"twitter:data2\" content=\"1 minuto\" \/>\n<script type=\"application\/ld+json\" class=\"yoast-schema-graph\">{\"@context\":\"https:\/\/schema.org\",\"@graph\":[{\"@type\":\"Article\",\"@id\":\"https:\/\/modoviajeok.com.ar\/index.php\/2025\/01\/23\/campos-do-jordao-la-suiza-brasilena\/#article\",\"isPartOf\":{\"@id\":\"https:\/\/modoviajeok.com.ar\/index.php\/2025\/01\/23\/campos-do-jordao-la-suiza-brasilena\/\"},\"author\":{\"name\":\"Pepe Segura\",\"@id\":\"https:\/\/modoviajeok.com.ar\/#\/schema\/person\/2e299ed0d3d412a01d244fe28260d7f5\"},\"headline\":\"Campos do Jordao, la Suiza brasile\u00f1a\",\"datePublished\":\"2025-01-23T23:38:42+00:00\",\"dateModified\":\"2025-01-24T22:09:10+00:00\",\"mainEntityOfPage\":{\"@id\":\"https:\/\/modoviajeok.com.ar\/index.php\/2025\/01\/23\/campos-do-jordao-la-suiza-brasilena\/\"},\"wordCount\":299,\"commentCount\":0,\"publisher\":{\"@id\":\"https:\/\/modoviajeok.com.ar\/#organization\"},\"image\":{\"@id\":\"https:\/\/modoviajeok.com.ar\/index.php\/2025\/01\/23\/campos-do-jordao-la-suiza-brasilena\/#primaryimage\"},\"thumbnailUrl\":\"https:\/\/modoviajeok.com.ar\/wp-content\/uploads\/2025\/01\/IMG_20240308_181140-scaled.jpg\",\"keywords\":[\"am\u00e9rica del sur\",\"am\u00e9rica latina\",\"brasil\",\"campos do jordao\",\"san pablo\"],\"articleSection\":[\"Mundo\",\"Noticias\"],\"inLanguage\":\"es\",\"potentialAction\":[{\"@type\":\"CommentAction\",\"name\":\"Comment\",\"target\":[\"https:\/\/modoviajeok.com.ar\/index.php\/2025\/01\/23\/campos-do-jordao-la-suiza-brasilena\/#respond\"]}]},{\"@type\":\"WebPage\",\"@id\":\"https:\/\/modoviajeok.com.ar\/index.php\/2025\/01\/23\/campos-do-jordao-la-suiza-brasilena\/\",\"url\":\"https:\/\/modoviajeok.com.ar\/index.php\/2025\/01\/23\/campos-do-jordao-la-suiza-brasilena\/\",\"name\":\"Campos do Jordao, la Suiza brasile\u00f1a -\",\"isPartOf\":{\"@id\":\"https:\/\/modoviajeok.com.ar\/#website\"},\"primaryImageOfPage\":{\"@id\":\"https:\/\/modoviajeok.com.ar\/index.php\/2025\/01\/23\/campos-do-jordao-la-suiza-brasilena\/#primaryimage\"},\"image\":{\"@id\":\"https:\/\/modoviajeok.com.ar\/index.php\/2025\/01\/23\/campos-do-jordao-la-suiza-brasilena\/#primaryimage\"},\"thumbnailUrl\":\"https:\/\/modoviajeok.com.ar\/wp-content\/uploads\/2025\/01\/IMG_20240308_181140-scaled.jpg\",\"datePublished\":\"2025-01-23T23:38:42+00:00\",\"dateModified\":\"2025-01-24T22:09:10+00:00\",\"breadcrumb\":{\"@id\":\"https:\/\/modoviajeok.com.ar\/index.php\/2025\/01\/23\/campos-do-jordao-la-suiza-brasilena\/#breadcrumb\"},\"inLanguage\":\"es\",\"potentialAction\":[{\"@type\":\"ReadAction\",\"target\":[\"https:\/\/modoviajeok.com.ar\/index.php\/2025\/01\/23\/campos-do-jordao-la-suiza-brasilena\/\"]}]},{\"@type\":\"ImageObject\",\"inLanguage\":\"es\",\"@id\":\"https:\/\/modoviajeok.com.ar\/index.php\/2025\/01\/23\/campos-do-jordao-la-suiza-brasilena\/#primaryimage\",\"url\":\"https:\/\/modoviajeok.com.ar\/wp-content\/uploads\/2025\/01\/IMG_20240308_181140-scaled.jpg\",\"contentUrl\":\"https:\/\/modoviajeok.com.ar\/wp-content\/uploads\/2025\/01\/IMG_20240308_181140-scaled.jpg\",\"width\":1928,\"height\":2560},{\"@type\":\"BreadcrumbList\",\"@id\":\"https:\/\/modoviajeok.com.ar\/index.php\/2025\/01\/23\/campos-do-jordao-la-suiza-brasilena\/#breadcrumb\",\"itemListElement\":[{\"@type\":\"ListItem\",\"position\":1,\"name\":\"Portada\",\"item\":\"https:\/\/modoviajeok.com.ar\/\"},{\"@type\":\"ListItem\",\"position\":2,\"name\":\"Campos do Jordao, la Suiza brasile\u00f1a\"}]},{\"@type\":\"WebSite\",\"@id\":\"https:\/\/modoviajeok.com.ar\/#website\",\"url\":\"https:\/\/modoviajeok.com.ar\/\",\"name\":\"ModoViajeOK\",\"description\":\"\",\"publisher\":{\"@id\":\"https:\/\/modoviajeok.com.ar\/#organization\"},\"potentialAction\":[{\"@type\":\"SearchAction\",\"target\":{\"@type\":\"EntryPoint\",\"urlTemplate\":\"https:\/\/modoviajeok.com.ar\/?s={search_term_string}\"},\"query-input\":{\"@type\":\"PropertyValueSpecification\",\"valueRequired\":true,\"valueName\":\"search_term_string\"}}],\"inLanguage\":\"es\"},{\"@type\":\"Organization\",\"@id\":\"https:\/\/modoviajeok.com.ar\/#organization\",\"name\":\"ModoViajeOK\",\"url\":\"https:\/\/modoviajeok.com.ar\/\",\"logo\":{\"@type\":\"ImageObject\",\"inLanguage\":\"es\",\"@id\":\"https:\/\/modoviajeok.com.ar\/#\/schema\/logo\/image\/\",\"url\":\"https:\/\/modoviajeok.com.ar\/wp-content\/uploads\/2025\/01\/Logo-modoviajeok.png\",\"contentUrl\":\"https:\/\/modoviajeok.com.ar\/wp-content\/uploads\/2025\/01\/Logo-modoviajeok.png\",\"width\":2938,\"height\":2276,\"caption\":\"ModoViajeOK\"},\"image\":{\"@id\":\"https:\/\/modoviajeok.com.ar\/#\/schema\/logo\/image\/\"},\"sameAs\":[\"https:\/\/www.facebook.com\/mariana.otero1\/\",\"https:\/\/www.instagram.com\/modoviaje.ok\/\"]},{\"@type\":\"Person\",\"@id\":\"https:\/\/modoviajeok.com.ar\/#\/schema\/person\/2e299ed0d3d412a01d244fe28260d7f5\",\"name\":\"Pepe Segura\",\"image\":{\"@type\":\"ImageObject\",\"inLanguage\":\"es\",\"@id\":\"https:\/\/modoviajeok.com.ar\/#\/schema\/person\/image\/\",\"url\":\"https:\/\/secure.gravatar.com\/avatar\/65eb4b34deed761327f5b2c5535b987318ae807900ac46426de7258f5de6d345?s=96&d=mm&r=g\",\"contentUrl\":\"https:\/\/secure.gravatar.com\/avatar\/65eb4b34deed761327f5b2c5535b987318ae807900ac46426de7258f5de6d345?s=96&d=mm&r=g\",\"caption\":\"Pepe Segura\"},\"url\":\"https:\/\/modoviajeok.com.ar\/index.php\/author\/pepe2025\/\"}]}<\/script>\n<!-- \/ Yoast SEO plugin. -->","yoast_head_json":{"title":"Campos do Jordao, la Suiza brasile\u00f1a -","robots":{"index":"index","follow":"follow","max-snippet":"max-snippet:-1","max-image-preview":"max-image-preview:large","max-video-preview":"max-video-preview:-1"},"canonical":"https:\/\/modoviajeok.com.ar\/index.php\/2025\/01\/23\/campos-do-jordao-la-suiza-brasilena\/","og_locale":"es_ES","og_type":"article","og_title":"Campos do Jordao, la Suiza brasile\u00f1a -","og_description":"Brasil siempre sorprende, pero esta vez se pas\u00f3. Llegamos a Campos do Jordao en marzo del a\u00f1o pasado a participar en un Congreso Internacional de Turismo y de un presstrip organizado por la Organizaci\u00f3n Mundial de Periodismo Tur\u00edstico (OMPT) en la \u201cSuiza brasile\u00f1a\u201d.&nbsp; Campos do Jordao es la ciudad m\u00e1s alta de Brasil, d\u00f3nde viven [&hellip;]","og_url":"https:\/\/modoviajeok.com.ar\/index.php\/2025\/01\/23\/campos-do-jordao-la-suiza-brasilena\/","article_publisher":"https:\/\/www.facebook.com\/mariana.otero1\/","article_published_time":"2025-01-23T23:38:42+00:00","article_modified_time":"2025-01-24T22:09:10+00:00","og_image":[{"width":1928,"height":2560,"url":"https:\/\/modoviajeok.com.ar\/wp-content\/uploads\/2025\/01\/IMG_20240308_181140-scaled.jpg","type":"image\/jpeg"}],"author":"Pepe Segura","twitter_card":"summary_large_image","twitter_misc":{"Escrito por":"Pepe Segura","Tiempo de lectura":"1 minuto"},"schema":{"@context":"https:\/\/schema.org","@graph":[{"@type":"Article","@id":"https:\/\/modoviajeok.com.ar\/index.php\/2025\/01\/23\/campos-do-jordao-la-suiza-brasilena\/#article","isPartOf":{"@id":"https:\/\/modoviajeok.com.ar\/index.php\/2025\/01\/23\/campos-do-jordao-la-suiza-brasilena\/"},"author":{"name":"Pepe Segura","@id":"https:\/\/modoviajeok.com.ar\/#\/schema\/person\/2e299ed0d3d412a01d244fe28260d7f5"},"headline":"Campos do Jordao, la Suiza brasile\u00f1a","datePublished":"2025-01-23T23:38:42+00:00","dateModified":"2025-01-24T22:09:10+00:00","mainEntityOfPage":{"@id":"https:\/\/modoviajeok.com.ar\/index.php\/2025\/01\/23\/campos-do-jordao-la-suiza-brasilena\/"},"wordCount":299,"commentCount":0,"publisher":{"@id":"https:\/\/modoviajeok.com.ar\/#organization"},"image":{"@id":"https:\/\/modoviajeok.com.ar\/index.php\/2025\/01\/23\/campos-do-jordao-la-suiza-brasilena\/#primaryimage"},"thumbnailUrl":"https:\/\/modoviajeok.com.ar\/wp-content\/uploads\/2025\/01\/IMG_20240308_181140-scaled.jpg","keywords":["am\u00e9rica del sur","am\u00e9rica latina","brasil","campos do jordao","san pablo"],"articleSection":["Mundo","Noticias"],"inLanguage":"es","potentialAction":[{"@type":"CommentAction","name":"Comment","target":["https:\/\/modoviajeok.com.ar\/index.php\/2025\/01\/23\/campos-do-jordao-la-suiza-brasilena\/#respond"]}]},{"@type":"WebPage","@id":"https:\/\/modoviajeok.com.ar\/index.php\/2025\/01\/23\/campos-do-jordao-la-suiza-brasilena\/","url":"https:\/\/modoviajeok.com.ar\/index.php\/2025\/01\/23\/campos-do-jordao-la-suiza-brasilena\/","name":"Campos do Jordao, la Suiza brasile\u00f1a -","isPartOf":{"@id":"https:\/\/modoviajeok.com.ar\/#website"},"primaryImageOfPage":{"@id":"https:\/\/modoviajeok.com.ar\/index.php\/2025\/01\/23\/campos-do-jordao-la-suiza-brasilena\/#primaryimage"},"image":{"@id":"https:\/\/modoviajeok.com.ar\/index.php\/2025\/01\/23\/campos-do-jordao-la-suiza-brasilena\/#primaryimage"},"thumbnailUrl":"https:\/\/modoviajeok.com.ar\/wp-content\/uploads\/2025\/01\/IMG_20240308_181140-scaled.jpg","datePublished":"2025-01-23T23:38:42+00:00","dateModified":"2025-01-24T22:09:10+00:00","breadcrumb":{"@id":"https:\/\/modoviajeok.com.ar\/index.php\/2025\/01\/23\/campos-do-jordao-la-suiza-brasilena\/#breadcrumb"},"inLanguage":"es","potentialAction":[{"@type":"ReadAction","target":["https:\/\/modoviajeok.com.ar\/index.php\/2025\/01\/23\/campos-do-jordao-la-suiza-brasilena\/"]}]},{"@type":"ImageObject","inLanguage":"es","@id":"https:\/\/modoviajeok.com.ar\/index.php\/2025\/01\/23\/campos-do-jordao-la-suiza-brasilena\/#primaryimage","url":"https:\/\/modoviajeok.com.ar\/wp-content\/uploads\/2025\/01\/IMG_20240308_181140-scaled.jpg","contentUrl":"https:\/\/modoviajeok.com.ar\/wp-content\/uploads\/2025\/01\/IMG_20240308_181140-scaled.jpg","width":1928,"height":2560},{"@type":"BreadcrumbList","@id":"https:\/\/modoviajeok.com.ar\/index.php\/2025\/01\/23\/campos-do-jordao-la-suiza-brasilena\/#breadcrumb","itemListElement":[{"@type":"ListItem","position":1,"name":"Portada","item":"https:\/\/modoviajeok.com.ar\/"},{"@type":"ListItem","position":2,"name":"Campos do Jordao, la Suiza brasile\u00f1a"}]},{"@type":"WebSite","@id":"https:\/\/modoviajeok.com.ar\/#website","url":"https:\/\/modoviajeok.com.ar\/","name":"ModoViajeOK","description":"","publisher":{"@id":"https:\/\/modoviajeok.com.ar\/#organization"},"potentialAction":[{"@type":"SearchAction","target":{"@type":"EntryPoint","urlTemplate":"https:\/\/modoviajeok.com.ar\/?s={search_term_string}"},"query-input":{"@type":"PropertyValueSpecification","valueRequired":true,"valueName":"search_term_string"}}],"inLanguage":"es"},{"@type":"Organization","@id":"https:\/\/modoviajeok.com.ar\/#organization","name":"ModoViajeOK","url":"https:\/\/modoviajeok.com.ar\/","logo":{"@type":"ImageObject","inLanguage":"es","@id":"https:\/\/modoviajeok.com.ar\/#\/schema\/logo\/image\/","url":"https:\/\/modoviajeok.com.ar\/wp-content\/uploads\/2025\/01\/Logo-modoviajeok.png","contentUrl":"https:\/\/modoviajeok.com.ar\/wp-content\/uploads\/2025\/01\/Logo-modoviajeok.png","width":2938,"height":2276,"caption":"ModoViajeOK"},"image":{"@id":"https:\/\/modoviajeok.com.ar\/#\/schema\/logo\/image\/"},"sameAs":["https:\/\/www.facebook.com\/mariana.otero1\/","https:\/\/www.instagram.com\/modoviaje.ok\/"]},{"@type":"Person","@id":"https:\/\/modoviajeok.com.ar\/#\/schema\/person\/2e299ed0d3d412a01d244fe28260d7f5","name":"Pepe Segura","image":{"@type":"ImageObject","inLanguage":"es","@id":"https:\/\/modoviajeok.com.ar\/#\/schema\/person\/image\/","url":"https:\/\/secure.gravatar.com\/avatar\/65eb4b34deed761327f5b2c5535b987318ae807900ac46426de7258f5de6d345?s=96&d=mm&r=g","contentUrl":"https:\/\/secure.gravatar.com\/avatar\/65eb4b34deed761327f5b2c5535b987318ae807900ac46426de7258f5de6d345?s=96&d=mm&r=g","caption":"Pepe Segura"},"url":"https:\/\/modoviajeok.com.ar\/index.php\/author\/pepe2025\/"}]}},"_links":{"self":[{"href":"https:\/\/modoviajeok.com.ar\/index.php\/wp-json\/wp\/v2\/posts\/745","targetHints":{"allow":["GET"]}}],"collection":[{"href":"https:\/\/modoviajeok.com.ar\/index.php\/wp-json\/wp\/v2\/posts"}],"about":[{"href":"https:\/\/modoviajeok.com.ar\/index.php\/wp-json\/wp\/v2\/types\/post"}],"author":[{"embeddable":true,"href":"https:\/\/modoviajeok.com.ar\/index.php\/wp-json\/wp\/v2\/users\/3"}],"replies":[{"embeddable":true,"href":"https:\/\/modoviajeok.com.ar\/index.php\/wp-json\/wp\/v2\/comments?post=745"}],"version-history":[{"count":5,"href":"https:\/\/modoviajeok.com.ar\/index.php\/wp-json\/wp\/v2\/posts\/745\/revisions"}],"predecessor-version":[{"id":957,"href":"https:\/\/modoviajeok.com.ar\/index.php\/wp-json\/wp\/v2\/posts\/745\/revisions\/957"}],"wp:featuredmedia":[{"embeddable":true,"href":"https:\/\/modoviajeok.com.ar\/index.php\/wp-json\/wp\/v2\/media\/819"}],"wp:attachment":[{"href":"https:\/\/modoviajeok.com.ar\/index.php\/wp-json\/wp\/v2\/media?parent=745"}],"wp:term":[{"taxonomy":"category","embeddable":true,"href":"https:\/\/modoviajeok.com.ar\/index.php\/wp-json\/wp\/v2\/categories?post=745"},{"taxonomy":"post_tag","embeddable":true,"href":"https:\/\/modoviajeok.com.ar\/index.php\/wp-json\/wp\/v2\/tags?post=745"}],"curies":[{"name":"wp","href":"https:\/\/api.w.org\/{rel}","templated":true}]}}