{"id":7601,"date":"2026-03-06T08:00:00","date_gmt":"2026-03-06T11:00:00","guid":{"rendered":"https:\/\/modoviajeok.com.ar\/?p=7601"},"modified":"2026-03-20T09:44:21","modified_gmt":"2026-03-20T12:44:21","slug":"visita-a-la-unica-cafeteria-del-mundo-con-el-nombre-de-coca-cola","status":"publish","type":"post","link":"https:\/\/modoviajeok.com.ar\/index.php\/2026\/03\/06\/visita-a-la-unica-cafeteria-del-mundo-con-el-nombre-de-coca-cola\/","title":{"rendered":"Visita a la \u00fanica cafeter\u00eda del mundo con el nombre de Coca Cola"},"content":{"rendered":"\n<h2 class=\"wp-block-heading\">Fundado en 1875, el antiguo caf\u00e9 de las nueve puertas sobrevive a la gentrificaci\u00f3n de Ciudad de Panam\u00e1. Por ah\u00ed pasaron figuras clave de la pol\u00edtica y del arte.<\/h2>\n\n\n\n<figure class=\"wp-block-image size-full\"><img loading=\"lazy\" decoding=\"async\" width=\"2412\" height=\"2050\" src=\"https:\/\/modoviajeok.com.ar\/wp-content\/uploads\/2026\/02\/IMG_20260129_111425.jpg\" alt=\"\" class=\"wp-image-7622\" srcset=\"https:\/\/modoviajeok.com.ar\/wp-content\/uploads\/2026\/02\/IMG_20260129_111425.jpg 2412w, https:\/\/modoviajeok.com.ar\/wp-content\/uploads\/2026\/02\/IMG_20260129_111425-768x653.jpg 768w, https:\/\/modoviajeok.com.ar\/wp-content\/uploads\/2026\/02\/IMG_20260129_111425-1536x1305.jpg 1536w, https:\/\/modoviajeok.com.ar\/wp-content\/uploads\/2026\/02\/IMG_20260129_111425-2048x1741.jpg 2048w, https:\/\/modoviajeok.com.ar\/wp-content\/uploads\/2026\/02\/IMG_20260129_111425-494x420.jpg 494w, https:\/\/modoviajeok.com.ar\/wp-content\/uploads\/2026\/02\/IMG_20260129_111425-150x127.jpg 150w, https:\/\/modoviajeok.com.ar\/wp-content\/uploads\/2026\/02\/IMG_20260129_111425-300x255.jpg 300w, https:\/\/modoviajeok.com.ar\/wp-content\/uploads\/2026\/02\/IMG_20260129_111425-696x592.jpg 696w, https:\/\/modoviajeok.com.ar\/wp-content\/uploads\/2026\/02\/IMG_20260129_111425-1068x908.jpg 1068w, https:\/\/modoviajeok.com.ar\/wp-content\/uploads\/2026\/02\/IMG_20260129_111425-1920x1632.jpg 1920w\" sizes=\"auto, (max-width: 2412px) 100vw, 2412px\" \/><\/figure>\n\n\n\n<p>Nada m\u00e1s atractivo que una larga e interesante historia para hacer de un lugar un templo. En la ciudad de Panam\u00e1, el Caf\u00e9 Coca-Cola es uno de esos sitios. Se levanta justo en la frontera entre el casco antiguo y la plaza de Santa Ana. Hasta all\u00ed llegamos con colegas periodistas de la Organizaci\u00f3n Mundial de Periodismo Tur\u00edstico y por gentileza de PromTur Panam\u00e1.<\/p>\n\n\n\n<p>El edificio es en s\u00ed mismo un resumen del siglo XX. Es el caf\u00e9 m\u00e1s antiguo de la ciudad y el \u00fanico en el planeta que ostenta legalmente el nombre de la marca de Atlanta sin pertenecer a ella.<\/p>\n\n\n\n<figure class=\"wp-block-image size-full\"><img loading=\"lazy\" decoding=\"async\" width=\"2560\" height=\"2097\" src=\"https:\/\/modoviajeok.com.ar\/wp-content\/uploads\/2026\/02\/DSCN0645-scaled.jpg\" alt=\"\" class=\"wp-image-7629\" srcset=\"https:\/\/modoviajeok.com.ar\/wp-content\/uploads\/2026\/02\/DSCN0645-scaled.jpg 2560w, https:\/\/modoviajeok.com.ar\/wp-content\/uploads\/2026\/02\/DSCN0645-768x629.jpg 768w, https:\/\/modoviajeok.com.ar\/wp-content\/uploads\/2026\/02\/DSCN0645-1536x1258.jpg 1536w, https:\/\/modoviajeok.com.ar\/wp-content\/uploads\/2026\/02\/DSCN0645-2048x1677.jpg 2048w, https:\/\/modoviajeok.com.ar\/wp-content\/uploads\/2026\/02\/DSCN0645-513x420.jpg 513w, https:\/\/modoviajeok.com.ar\/wp-content\/uploads\/2026\/02\/DSCN0645-150x123.jpg 150w, https:\/\/modoviajeok.com.ar\/wp-content\/uploads\/2026\/02\/DSCN0645-300x246.jpg 300w, https:\/\/modoviajeok.com.ar\/wp-content\/uploads\/2026\/02\/DSCN0645-696x570.jpg 696w, https:\/\/modoviajeok.com.ar\/wp-content\/uploads\/2026\/02\/DSCN0645-1068x875.jpg 1068w, https:\/\/modoviajeok.com.ar\/wp-content\/uploads\/2026\/02\/DSCN0645-1920x1573.jpg 1920w\" sizes=\"auto, (max-width: 2560px) 100vw, 2560px\" \/><\/figure>\n\n\n\n<p>Fue inaugurado en 1875 \u2014cuando Panam\u00e1 era todav\u00eda un departamento de Colombia\u2014 con el nombre \u00abEl caf\u00e9 de las nueve puertas\u00bb, por los amplios accesos que permit\u00edan que la brisa del Pac\u00edfico circulara libremente. Hoy, s\u00f3lo dos de esas puertas permanecen abiertas, pero su esp\u00edritu sigue intacto. Es atendido por las nuevas generaciones de la familia que lo compr\u00f3 varias d\u00e9cadas atr\u00e1s.<\/p>\n\n\n\n<figure class=\"wp-block-image size-full\"><img loading=\"lazy\" decoding=\"async\" width=\"1465\" height=\"1847\" src=\"https:\/\/modoviajeok.com.ar\/wp-content\/uploads\/2026\/02\/20260129_095620.jpg\" alt=\"\" class=\"wp-image-7630\" srcset=\"https:\/\/modoviajeok.com.ar\/wp-content\/uploads\/2026\/02\/20260129_095620.jpg 1465w, https:\/\/modoviajeok.com.ar\/wp-content\/uploads\/2026\/02\/20260129_095620-768x968.jpg 768w, https:\/\/modoviajeok.com.ar\/wp-content\/uploads\/2026\/02\/20260129_095620-1218x1536.jpg 1218w, https:\/\/modoviajeok.com.ar\/wp-content\/uploads\/2026\/02\/20260129_095620-333x420.jpg 333w, https:\/\/modoviajeok.com.ar\/wp-content\/uploads\/2026\/02\/20260129_095620-150x189.jpg 150w, https:\/\/modoviajeok.com.ar\/wp-content\/uploads\/2026\/02\/20260129_095620-300x378.jpg 300w, https:\/\/modoviajeok.com.ar\/wp-content\/uploads\/2026\/02\/20260129_095620-696x877.jpg 696w, https:\/\/modoviajeok.com.ar\/wp-content\/uploads\/2026\/02\/20260129_095620-1068x1346.jpg 1068w\" sizes=\"auto, (max-width: 1465px) 100vw, 1465px\" \/><\/figure>\n\n\n\n<p><strong>Visitantes ilustres<\/strong><\/p>\n\n\n\n<p>Uno de los secretos mejor guardados del local cuelga de sus paredes. Entre las reliquias visuales del caf\u00e9, destacan varios cuadros firmados por Jorge Selar\u00f3n, el artista chileno que salt\u00f3 a la fama por los ic\u00f3nicos escalones de azulejos en el barrio de Santa Teresa, en R\u00edo de Janeiro.&nbsp;<\/p>\n\n\n\n<p>Seg\u00fan nos cont\u00f3 nuestro d\u00eda Efra\u00edn Guerrero, antes de consagrarse en Brasil, Selar\u00f3n fue un trotamundos que vivi\u00f3 en Panam\u00e1. Sus pinturas en el caf\u00e9 son reconocibles por sus figuras de mujeres embarazadas y colores primarios que utilizaba el artista sudamericano.<\/p>\n\n\n\n<p>Este entorno atrajo a lo largo de las d\u00e9cadas a figuras de renombre, como el Che Guevara, Fidel Castro y Pablo Neruda. Tambi\u00e9n se dice que estuvo Eva Per\u00f3n. Adem\u00e1s fue el lugar de concurrencia (casi una oficina) de Juan Pujol \u00abGarbo\u00bb, el doble agente espa\u00f1ol que trabaj\u00f3 para el Reino Unido y que enga\u00f1\u00f3 a los nazis sobre el lugar y la fecha del desembarco aliado en Normand\u00eda. Otros ilustres que tomaron un buen caf\u00e9 all\u00ed fueron Marilyn Monroe y el presidente Roosevelt.<\/p>\n\n\n\n<figure class=\"wp-block-image size-full\"><img loading=\"lazy\" decoding=\"async\" width=\"1341\" height=\"2560\" src=\"https:\/\/modoviajeok.com.ar\/wp-content\/uploads\/2026\/02\/20260129_092147-scaled.jpg\" alt=\"\" class=\"wp-image-7621\" srcset=\"https:\/\/modoviajeok.com.ar\/wp-content\/uploads\/2026\/02\/20260129_092147-scaled.jpg 1341w, https:\/\/modoviajeok.com.ar\/wp-content\/uploads\/2026\/02\/20260129_092147-768x1466.jpg 768w, https:\/\/modoviajeok.com.ar\/wp-content\/uploads\/2026\/02\/20260129_092147-805x1536.jpg 805w, https:\/\/modoviajeok.com.ar\/wp-content\/uploads\/2026\/02\/20260129_092147-1073x2048.jpg 1073w, https:\/\/modoviajeok.com.ar\/wp-content\/uploads\/2026\/02\/20260129_092147-220x420.jpg 220w, https:\/\/modoviajeok.com.ar\/wp-content\/uploads\/2026\/02\/20260129_092147-150x286.jpg 150w, https:\/\/modoviajeok.com.ar\/wp-content\/uploads\/2026\/02\/20260129_092147-300x573.jpg 300w, https:\/\/modoviajeok.com.ar\/wp-content\/uploads\/2026\/02\/20260129_092147-696x1328.jpg 696w, https:\/\/modoviajeok.com.ar\/wp-content\/uploads\/2026\/02\/20260129_092147-1068x2038.jpg 1068w\" sizes=\"auto, (max-width: 1341px) 100vw, 1341px\" \/><\/figure>\n\n\n\n<p><strong>El sabor de lo aut\u00e9ntico<\/strong><\/p>\n\n\n\n<p>El nombre actual lleg\u00f3 en 1906, apenas tres a\u00f1os despu\u00e9s de la independencia del pa\u00eds. Con el inicio de la construcci\u00f3n del Canal por parte de Estados Unidos, un acuerdo comercial \u00fanico permiti\u00f3 al caf\u00e9 adoptar la marca, convirti\u00e9ndose en el refugio de los trabajadores que buscaban un sabor familiar.<\/p>\n\n\n\n<p>Hoy, el Coca-Cola mantiene su carta&nbsp; casi sin modificaciones. Aqu\u00ed&nbsp; la gente va a buscar el bistec a caballo, las hojaldres (una masa frita deliciosa y esponjosa) o la tortilla de ma\u00edz paname\u00f1a. Todo por precios muy convenientes. Nos dimos el gusto de desayunar all\u00ed. Bueno, bonito y barato.<\/p>\n\n\n\n<p><strong>DATOS \u00daTILES&nbsp;<\/strong><\/p>\n\n\n\n<p>Ubicaci\u00f3n: Avenida Central, frente al Parque de Santa Ana, Ciudad de Panam\u00e1.<\/p>\n\n\n\n<p>Un detalle: Los lienzos de Selar\u00f3n. Son piezas de colecci\u00f3n.<\/p>\n\n\n\n<p>Recomendaci\u00f3n: El desayuno de la casa con caf\u00e9 negro.<\/p>\n\n\n\n<figure class=\"wp-block-gallery has-nested-images columns-default is-cropped wp-block-gallery-1 is-layout-flex wp-block-gallery-is-layout-flex\">\n<figure class=\"wp-block-image size-large\"><img loading=\"lazy\" decoding=\"async\" width=\"2560\" height=\"2195\" data-id=\"7623\" src=\"https:\/\/modoviajeok.com.ar\/wp-content\/uploads\/2026\/02\/IMG_20260129_111303-scaled.jpg\" alt=\"\" class=\"wp-image-7623\" srcset=\"https:\/\/modoviajeok.com.ar\/wp-content\/uploads\/2026\/02\/IMG_20260129_111303-scaled.jpg 2560w, https:\/\/modoviajeok.com.ar\/wp-content\/uploads\/2026\/02\/IMG_20260129_111303-768x658.jpg 768w, https:\/\/modoviajeok.com.ar\/wp-content\/uploads\/2026\/02\/IMG_20260129_111303-1536x1317.jpg 1536w, https:\/\/modoviajeok.com.ar\/wp-content\/uploads\/2026\/02\/IMG_20260129_111303-2048x1756.jpg 2048w, https:\/\/modoviajeok.com.ar\/wp-content\/uploads\/2026\/02\/IMG_20260129_111303-490x420.jpg 490w, https:\/\/modoviajeok.com.ar\/wp-content\/uploads\/2026\/02\/IMG_20260129_111303-150x129.jpg 150w, https:\/\/modoviajeok.com.ar\/wp-content\/uploads\/2026\/02\/IMG_20260129_111303-300x257.jpg 300w, https:\/\/modoviajeok.com.ar\/wp-content\/uploads\/2026\/02\/IMG_20260129_111303-696x597.jpg 696w, https:\/\/modoviajeok.com.ar\/wp-content\/uploads\/2026\/02\/IMG_20260129_111303-1068x916.jpg 1068w, https:\/\/modoviajeok.com.ar\/wp-content\/uploads\/2026\/02\/IMG_20260129_111303-1920x1646.jpg 1920w\" sizes=\"auto, (max-width: 2560px) 100vw, 2560px\" \/><\/figure>\n\n\n\n<figure class=\"wp-block-image size-large\"><img loading=\"lazy\" decoding=\"async\" width=\"2433\" height=\"2560\" data-id=\"7628\" src=\"https:\/\/modoviajeok.com.ar\/wp-content\/uploads\/2026\/02\/DSCN0651-1-scaled.jpg\" alt=\"\" class=\"wp-image-7628\" srcset=\"https:\/\/modoviajeok.com.ar\/wp-content\/uploads\/2026\/02\/DSCN0651-1-scaled.jpg 2433w, https:\/\/modoviajeok.com.ar\/wp-content\/uploads\/2026\/02\/DSCN0651-1-768x808.jpg 768w, https:\/\/modoviajeok.com.ar\/wp-content\/uploads\/2026\/02\/DSCN0651-1-1460x1536.jpg 1460w, https:\/\/modoviajeok.com.ar\/wp-content\/uploads\/2026\/02\/DSCN0651-1-1947x2048.jpg 1947w, https:\/\/modoviajeok.com.ar\/wp-content\/uploads\/2026\/02\/DSCN0651-1-399x420.jpg 399w, https:\/\/modoviajeok.com.ar\/wp-content\/uploads\/2026\/02\/DSCN0651-1-150x158.jpg 150w, https:\/\/modoviajeok.com.ar\/wp-content\/uploads\/2026\/02\/DSCN0651-1-300x316.jpg 300w, https:\/\/modoviajeok.com.ar\/wp-content\/uploads\/2026\/02\/DSCN0651-1-696x732.jpg 696w, https:\/\/modoviajeok.com.ar\/wp-content\/uploads\/2026\/02\/DSCN0651-1-1068x1124.jpg 1068w, https:\/\/modoviajeok.com.ar\/wp-content\/uploads\/2026\/02\/DSCN0651-1-1920x2020.jpg 1920w\" sizes=\"auto, (max-width: 2433px) 100vw, 2433px\" \/><\/figure>\n\n\n\n<figure class=\"wp-block-image size-large\"><img loading=\"lazy\" decoding=\"async\" width=\"1741\" height=\"2457\" data-id=\"7619\" src=\"https:\/\/modoviajeok.com.ar\/wp-content\/uploads\/2026\/02\/20260129_0954492.jpg\" alt=\"\" class=\"wp-image-7619\" srcset=\"https:\/\/modoviajeok.com.ar\/wp-content\/uploads\/2026\/02\/20260129_0954492.jpg 1741w, https:\/\/modoviajeok.com.ar\/wp-content\/uploads\/2026\/02\/20260129_0954492-768x1084.jpg 768w, https:\/\/modoviajeok.com.ar\/wp-content\/uploads\/2026\/02\/20260129_0954492-1088x1536.jpg 1088w, https:\/\/modoviajeok.com.ar\/wp-content\/uploads\/2026\/02\/20260129_0954492-1451x2048.jpg 1451w, https:\/\/modoviajeok.com.ar\/wp-content\/uploads\/2026\/02\/20260129_0954492-298x420.jpg 298w, https:\/\/modoviajeok.com.ar\/wp-content\/uploads\/2026\/02\/20260129_0954492-150x212.jpg 150w, https:\/\/modoviajeok.com.ar\/wp-content\/uploads\/2026\/02\/20260129_0954492-300x423.jpg 300w, https:\/\/modoviajeok.com.ar\/wp-content\/uploads\/2026\/02\/20260129_0954492-696x982.jpg 696w, https:\/\/modoviajeok.com.ar\/wp-content\/uploads\/2026\/02\/20260129_0954492-1068x1507.jpg 1068w\" sizes=\"auto, (max-width: 1741px) 100vw, 1741px\" \/><\/figure>\n<\/figure>\n","protected":false},"excerpt":{"rendered":"<p>Fundado en 1875, el antiguo caf\u00e9 de las nueve puertas sobrevive a la gentrificaci\u00f3n de Ciudad de Panam\u00e1. Por ah\u00ed pasaron figuras clave de la pol\u00edtica y del arte. Nada m\u00e1s atractivo que una larga e interesante historia para hacer de un lugar un templo. En la ciudad de Panam\u00e1, el Caf\u00e9 Coca-Cola es uno [&hellip;]<\/p>\n","protected":false},"author":2,"featured_media":7620,"comment_status":"open","ping_status":"open","sticky":false,"template":"","format":"standard","meta":{"_acf_changed":false,"footnotes":""},"categories":[2,9],"tags":[1658,1580,1581,1657],"class_list":{"0":"post-7601","1":"post","2":"type-post","3":"status-publish","4":"format-standard","5":"has-post-thumbnail","7":"category-destacadas","8":"category-mundo","9":"tag-visitpanama","10":"tag-cafe-coca-cola","11":"tag-casco-antiguo","12":"tag-promtur-panama"},"acf":[],"yoast_head":"<!-- This site is optimized with the Yoast SEO plugin v24.8.1 - https:\/\/yoast.com\/wordpress\/plugins\/seo\/ -->\n<title>Visita a la \u00fanica cafeter\u00eda del mundo con el nombre de Coca Cola -<\/title>\n<meta name=\"description\" content=\"Fundado en 1875, el antiguo caf\u00e9 de las nueve puertas ha sido visitado por personalidades ilustres de todos los tiempos..\" \/>\n<meta name=\"robots\" content=\"index, follow, max-snippet:-1, max-image-preview:large, max-video-preview:-1\" \/>\n<link rel=\"canonical\" href=\"https:\/\/modoviajeok.com.ar\/index.php\/2026\/03\/06\/visita-a-la-unica-cafeteria-del-mundo-con-el-nombre-de-coca-cola\/\" \/>\n<meta property=\"og:locale\" content=\"es_ES\" \/>\n<meta property=\"og:type\" content=\"article\" \/>\n<meta property=\"og:title\" content=\"Visita a la \u00fanica cafeter\u00eda del mundo con el nombre de Coca Cola -\" \/>\n<meta property=\"og:description\" content=\"Fundado en 1875, el antiguo caf\u00e9 de las nueve puertas ha sido visitado por personalidades ilustres de todos los tiempos..\" \/>\n<meta property=\"og:url\" content=\"https:\/\/modoviajeok.com.ar\/index.php\/2026\/03\/06\/visita-a-la-unica-cafeteria-del-mundo-con-el-nombre-de-coca-cola\/\" \/>\n<meta property=\"article:publisher\" content=\"https:\/\/www.facebook.com\/mariana.otero1\/\" \/>\n<meta property=\"article:published_time\" content=\"2026-03-06T11:00:00+00:00\" \/>\n<meta property=\"article:modified_time\" content=\"2026-03-20T12:44:21+00:00\" \/>\n<meta property=\"og:image\" content=\"https:\/\/modoviajeok.com.ar\/wp-content\/uploads\/2026\/02\/IMG_20260129_113356-scaled.jpg\" \/>\n\t<meta property=\"og:image:width\" content=\"2255\" \/>\n\t<meta property=\"og:image:height\" content=\"2560\" \/>\n\t<meta property=\"og:image:type\" content=\"image\/jpeg\" \/>\n<meta name=\"author\" content=\"Mariana Otero\" \/>\n<meta name=\"twitter:card\" content=\"summary_large_image\" \/>\n<meta name=\"twitter:label1\" content=\"Escrito por\" \/>\n\t<meta name=\"twitter:data1\" content=\"Mariana Otero\" \/>\n\t<meta name=\"twitter:label2\" content=\"Tiempo de lectura\" \/>\n\t<meta name=\"twitter:data2\" content=\"4 minutos\" \/>\n<script type=\"application\/ld+json\" class=\"yoast-schema-graph\">{\"@context\":\"https:\/\/schema.org\",\"@graph\":[{\"@type\":\"Article\",\"@id\":\"https:\/\/modoviajeok.com.ar\/index.php\/2026\/03\/06\/visita-a-la-unica-cafeteria-del-mundo-con-el-nombre-de-coca-cola\/#article\",\"isPartOf\":{\"@id\":\"https:\/\/modoviajeok.com.ar\/index.php\/2026\/03\/06\/visita-a-la-unica-cafeteria-del-mundo-con-el-nombre-de-coca-cola\/\"},\"author\":{\"name\":\"Mariana Otero\",\"@id\":\"https:\/\/modoviajeok.com.ar\/#\/schema\/person\/1187013488537969db5b1320484d24f4\"},\"headline\":\"Visita a la \u00fanica cafeter\u00eda del mundo con el nombre de Coca Cola\",\"datePublished\":\"2026-03-06T11:00:00+00:00\",\"dateModified\":\"2026-03-20T12:44:21+00:00\",\"mainEntityOfPage\":{\"@id\":\"https:\/\/modoviajeok.com.ar\/index.php\/2026\/03\/06\/visita-a-la-unica-cafeteria-del-mundo-con-el-nombre-de-coca-cola\/\"},\"wordCount\":560,\"commentCount\":0,\"publisher\":{\"@id\":\"https:\/\/modoviajeok.com.ar\/#organization\"},\"image\":{\"@id\":\"https:\/\/modoviajeok.com.ar\/index.php\/2026\/03\/06\/visita-a-la-unica-cafeteria-del-mundo-con-el-nombre-de-coca-cola\/#primaryimage\"},\"thumbnailUrl\":\"https:\/\/modoviajeok.com.ar\/wp-content\/uploads\/2026\/02\/IMG_20260129_113356-scaled.jpg\",\"keywords\":[\"#visitpanama\",\"cafe coca cola\",\"casco antiguo\",\"promtur panama\"],\"articleSection\":[\"Destacadas\",\"Mundo\"],\"inLanguage\":\"es\",\"potentialAction\":[{\"@type\":\"CommentAction\",\"name\":\"Comment\",\"target\":[\"https:\/\/modoviajeok.com.ar\/index.php\/2026\/03\/06\/visita-a-la-unica-cafeteria-del-mundo-con-el-nombre-de-coca-cola\/#respond\"]}]},{\"@type\":\"WebPage\",\"@id\":\"https:\/\/modoviajeok.com.ar\/index.php\/2026\/03\/06\/visita-a-la-unica-cafeteria-del-mundo-con-el-nombre-de-coca-cola\/\",\"url\":\"https:\/\/modoviajeok.com.ar\/index.php\/2026\/03\/06\/visita-a-la-unica-cafeteria-del-mundo-con-el-nombre-de-coca-cola\/\",\"name\":\"Visita a la \u00fanica cafeter\u00eda del mundo con el nombre de Coca Cola -\",\"isPartOf\":{\"@id\":\"https:\/\/modoviajeok.com.ar\/#website\"},\"primaryImageOfPage\":{\"@id\":\"https:\/\/modoviajeok.com.ar\/index.php\/2026\/03\/06\/visita-a-la-unica-cafeteria-del-mundo-con-el-nombre-de-coca-cola\/#primaryimage\"},\"image\":{\"@id\":\"https:\/\/modoviajeok.com.ar\/index.php\/2026\/03\/06\/visita-a-la-unica-cafeteria-del-mundo-con-el-nombre-de-coca-cola\/#primaryimage\"},\"thumbnailUrl\":\"https:\/\/modoviajeok.com.ar\/wp-content\/uploads\/2026\/02\/IMG_20260129_113356-scaled.jpg\",\"datePublished\":\"2026-03-06T11:00:00+00:00\",\"dateModified\":\"2026-03-20T12:44:21+00:00\",\"description\":\"Fundado en 1875, el antiguo caf\u00e9 de las nueve puertas ha sido visitado por personalidades ilustres de todos los tiempos..\",\"breadcrumb\":{\"@id\":\"https:\/\/modoviajeok.com.ar\/index.php\/2026\/03\/06\/visita-a-la-unica-cafeteria-del-mundo-con-el-nombre-de-coca-cola\/#breadcrumb\"},\"inLanguage\":\"es\",\"potentialAction\":[{\"@type\":\"ReadAction\",\"target\":[\"https:\/\/modoviajeok.com.ar\/index.php\/2026\/03\/06\/visita-a-la-unica-cafeteria-del-mundo-con-el-nombre-de-coca-cola\/\"]}]},{\"@type\":\"ImageObject\",\"inLanguage\":\"es\",\"@id\":\"https:\/\/modoviajeok.com.ar\/index.php\/2026\/03\/06\/visita-a-la-unica-cafeteria-del-mundo-con-el-nombre-de-coca-cola\/#primaryimage\",\"url\":\"https:\/\/modoviajeok.com.ar\/wp-content\/uploads\/2026\/02\/IMG_20260129_113356-scaled.jpg\",\"contentUrl\":\"https:\/\/modoviajeok.com.ar\/wp-content\/uploads\/2026\/02\/IMG_20260129_113356-scaled.jpg\",\"width\":2255,\"height\":2560},{\"@type\":\"BreadcrumbList\",\"@id\":\"https:\/\/modoviajeok.com.ar\/index.php\/2026\/03\/06\/visita-a-la-unica-cafeteria-del-mundo-con-el-nombre-de-coca-cola\/#breadcrumb\",\"itemListElement\":[{\"@type\":\"ListItem\",\"position\":1,\"name\":\"Portada\",\"item\":\"https:\/\/modoviajeok.com.ar\/\"},{\"@type\":\"ListItem\",\"position\":2,\"name\":\"Visita a la \u00fanica cafeter\u00eda del mundo con el nombre de Coca Cola\"}]},{\"@type\":\"WebSite\",\"@id\":\"https:\/\/modoviajeok.com.ar\/#website\",\"url\":\"https:\/\/modoviajeok.com.ar\/\",\"name\":\"ModoViajeOK\",\"description\":\"\",\"publisher\":{\"@id\":\"https:\/\/modoviajeok.com.ar\/#organization\"},\"potentialAction\":[{\"@type\":\"SearchAction\",\"target\":{\"@type\":\"EntryPoint\",\"urlTemplate\":\"https:\/\/modoviajeok.com.ar\/?s={search_term_string}\"},\"query-input\":{\"@type\":\"PropertyValueSpecification\",\"valueRequired\":true,\"valueName\":\"search_term_string\"}}],\"inLanguage\":\"es\"},{\"@type\":\"Organization\",\"@id\":\"https:\/\/modoviajeok.com.ar\/#organization\",\"name\":\"ModoViajeOK\",\"url\":\"https:\/\/modoviajeok.com.ar\/\",\"logo\":{\"@type\":\"ImageObject\",\"inLanguage\":\"es\",\"@id\":\"https:\/\/modoviajeok.com.ar\/#\/schema\/logo\/image\/\",\"url\":\"https:\/\/modoviajeok.com.ar\/wp-content\/uploads\/2025\/01\/Logo-modoviajeok.png\",\"contentUrl\":\"https:\/\/modoviajeok.com.ar\/wp-content\/uploads\/2025\/01\/Logo-modoviajeok.png\",\"width\":2938,\"height\":2276,\"caption\":\"ModoViajeOK\"},\"image\":{\"@id\":\"https:\/\/modoviajeok.com.ar\/#\/schema\/logo\/image\/\"},\"sameAs\":[\"https:\/\/www.facebook.com\/mariana.otero1\/\",\"https:\/\/www.instagram.com\/modoviaje.ok\/\"]},{\"@type\":\"Person\",\"@id\":\"https:\/\/modoviajeok.com.ar\/#\/schema\/person\/1187013488537969db5b1320484d24f4\",\"name\":\"Mariana Otero\",\"image\":{\"@type\":\"ImageObject\",\"inLanguage\":\"es\",\"@id\":\"https:\/\/modoviajeok.com.ar\/#\/schema\/person\/image\/\",\"url\":\"https:\/\/secure.gravatar.com\/avatar\/8a91a502a9336849a3500b9090c431bc1418f1d1263d893afeddba065f5add82?s=96&d=mm&r=g\",\"contentUrl\":\"https:\/\/secure.gravatar.com\/avatar\/8a91a502a9336849a3500b9090c431bc1418f1d1263d893afeddba065f5add82?s=96&d=mm&r=g\",\"caption\":\"Mariana Otero\"},\"url\":\"https:\/\/modoviajeok.com.ar\/index.php\/author\/mariana2025\/\"}]}<\/script>\n<!-- \/ Yoast SEO plugin. -->","yoast_head_json":{"title":"Visita a la \u00fanica cafeter\u00eda del mundo con el nombre de Coca Cola -","description":"Fundado en 1875, el antiguo caf\u00e9 de las nueve puertas ha sido visitado por personalidades ilustres de todos los tiempos..","robots":{"index":"index","follow":"follow","max-snippet":"max-snippet:-1","max-image-preview":"max-image-preview:large","max-video-preview":"max-video-preview:-1"},"canonical":"https:\/\/modoviajeok.com.ar\/index.php\/2026\/03\/06\/visita-a-la-unica-cafeteria-del-mundo-con-el-nombre-de-coca-cola\/","og_locale":"es_ES","og_type":"article","og_title":"Visita a la \u00fanica cafeter\u00eda del mundo con el nombre de Coca Cola -","og_description":"Fundado en 1875, el antiguo caf\u00e9 de las nueve puertas ha sido visitado por personalidades ilustres de todos los tiempos..","og_url":"https:\/\/modoviajeok.com.ar\/index.php\/2026\/03\/06\/visita-a-la-unica-cafeteria-del-mundo-con-el-nombre-de-coca-cola\/","article_publisher":"https:\/\/www.facebook.com\/mariana.otero1\/","article_published_time":"2026-03-06T11:00:00+00:00","article_modified_time":"2026-03-20T12:44:21+00:00","og_image":[{"width":2255,"height":2560,"url":"https:\/\/modoviajeok.com.ar\/wp-content\/uploads\/2026\/02\/IMG_20260129_113356-scaled.jpg","type":"image\/jpeg"}],"author":"Mariana Otero","twitter_card":"summary_large_image","twitter_misc":{"Escrito por":"Mariana Otero","Tiempo de lectura":"4 minutos"},"schema":{"@context":"https:\/\/schema.org","@graph":[{"@type":"Article","@id":"https:\/\/modoviajeok.com.ar\/index.php\/2026\/03\/06\/visita-a-la-unica-cafeteria-del-mundo-con-el-nombre-de-coca-cola\/#article","isPartOf":{"@id":"https:\/\/modoviajeok.com.ar\/index.php\/2026\/03\/06\/visita-a-la-unica-cafeteria-del-mundo-con-el-nombre-de-coca-cola\/"},"author":{"name":"Mariana Otero","@id":"https:\/\/modoviajeok.com.ar\/#\/schema\/person\/1187013488537969db5b1320484d24f4"},"headline":"Visita a la \u00fanica cafeter\u00eda del mundo con el nombre de Coca Cola","datePublished":"2026-03-06T11:00:00+00:00","dateModified":"2026-03-20T12:44:21+00:00","mainEntityOfPage":{"@id":"https:\/\/modoviajeok.com.ar\/index.php\/2026\/03\/06\/visita-a-la-unica-cafeteria-del-mundo-con-el-nombre-de-coca-cola\/"},"wordCount":560,"commentCount":0,"publisher":{"@id":"https:\/\/modoviajeok.com.ar\/#organization"},"image":{"@id":"https:\/\/modoviajeok.com.ar\/index.php\/2026\/03\/06\/visita-a-la-unica-cafeteria-del-mundo-con-el-nombre-de-coca-cola\/#primaryimage"},"thumbnailUrl":"https:\/\/modoviajeok.com.ar\/wp-content\/uploads\/2026\/02\/IMG_20260129_113356-scaled.jpg","keywords":["#visitpanama","cafe coca cola","casco antiguo","promtur panama"],"articleSection":["Destacadas","Mundo"],"inLanguage":"es","potentialAction":[{"@type":"CommentAction","name":"Comment","target":["https:\/\/modoviajeok.com.ar\/index.php\/2026\/03\/06\/visita-a-la-unica-cafeteria-del-mundo-con-el-nombre-de-coca-cola\/#respond"]}]},{"@type":"WebPage","@id":"https:\/\/modoviajeok.com.ar\/index.php\/2026\/03\/06\/visita-a-la-unica-cafeteria-del-mundo-con-el-nombre-de-coca-cola\/","url":"https:\/\/modoviajeok.com.ar\/index.php\/2026\/03\/06\/visita-a-la-unica-cafeteria-del-mundo-con-el-nombre-de-coca-cola\/","name":"Visita a la \u00fanica cafeter\u00eda del mundo con el nombre de Coca Cola -","isPartOf":{"@id":"https:\/\/modoviajeok.com.ar\/#website"},"primaryImageOfPage":{"@id":"https:\/\/modoviajeok.com.ar\/index.php\/2026\/03\/06\/visita-a-la-unica-cafeteria-del-mundo-con-el-nombre-de-coca-cola\/#primaryimage"},"image":{"@id":"https:\/\/modoviajeok.com.ar\/index.php\/2026\/03\/06\/visita-a-la-unica-cafeteria-del-mundo-con-el-nombre-de-coca-cola\/#primaryimage"},"thumbnailUrl":"https:\/\/modoviajeok.com.ar\/wp-content\/uploads\/2026\/02\/IMG_20260129_113356-scaled.jpg","datePublished":"2026-03-06T11:00:00+00:00","dateModified":"2026-03-20T12:44:21+00:00","description":"Fundado en 1875, el antiguo caf\u00e9 de las nueve puertas ha sido visitado por personalidades ilustres de todos los tiempos..","breadcrumb":{"@id":"https:\/\/modoviajeok.com.ar\/index.php\/2026\/03\/06\/visita-a-la-unica-cafeteria-del-mundo-con-el-nombre-de-coca-cola\/#breadcrumb"},"inLanguage":"es","potentialAction":[{"@type":"ReadAction","target":["https:\/\/modoviajeok.com.ar\/index.php\/2026\/03\/06\/visita-a-la-unica-cafeteria-del-mundo-con-el-nombre-de-coca-cola\/"]}]},{"@type":"ImageObject","inLanguage":"es","@id":"https:\/\/modoviajeok.com.ar\/index.php\/2026\/03\/06\/visita-a-la-unica-cafeteria-del-mundo-con-el-nombre-de-coca-cola\/#primaryimage","url":"https:\/\/modoviajeok.com.ar\/wp-content\/uploads\/2026\/02\/IMG_20260129_113356-scaled.jpg","contentUrl":"https:\/\/modoviajeok.com.ar\/wp-content\/uploads\/2026\/02\/IMG_20260129_113356-scaled.jpg","width":2255,"height":2560},{"@type":"BreadcrumbList","@id":"https:\/\/modoviajeok.com.ar\/index.php\/2026\/03\/06\/visita-a-la-unica-cafeteria-del-mundo-con-el-nombre-de-coca-cola\/#breadcrumb","itemListElement":[{"@type":"ListItem","position":1,"name":"Portada","item":"https:\/\/modoviajeok.com.ar\/"},{"@type":"ListItem","position":2,"name":"Visita a la \u00fanica cafeter\u00eda del mundo con el nombre de Coca Cola"}]},{"@type":"WebSite","@id":"https:\/\/modoviajeok.com.ar\/#website","url":"https:\/\/modoviajeok.com.ar\/","name":"ModoViajeOK","description":"","publisher":{"@id":"https:\/\/modoviajeok.com.ar\/#organization"},"potentialAction":[{"@type":"SearchAction","target":{"@type":"EntryPoint","urlTemplate":"https:\/\/modoviajeok.com.ar\/?s={search_term_string}"},"query-input":{"@type":"PropertyValueSpecification","valueRequired":true,"valueName":"search_term_string"}}],"inLanguage":"es"},{"@type":"Organization","@id":"https:\/\/modoviajeok.com.ar\/#organization","name":"ModoViajeOK","url":"https:\/\/modoviajeok.com.ar\/","logo":{"@type":"ImageObject","inLanguage":"es","@id":"https:\/\/modoviajeok.com.ar\/#\/schema\/logo\/image\/","url":"https:\/\/modoviajeok.com.ar\/wp-content\/uploads\/2025\/01\/Logo-modoviajeok.png","contentUrl":"https:\/\/modoviajeok.com.ar\/wp-content\/uploads\/2025\/01\/Logo-modoviajeok.png","width":2938,"height":2276,"caption":"ModoViajeOK"},"image":{"@id":"https:\/\/modoviajeok.com.ar\/#\/schema\/logo\/image\/"},"sameAs":["https:\/\/www.facebook.com\/mariana.otero1\/","https:\/\/www.instagram.com\/modoviaje.ok\/"]},{"@type":"Person","@id":"https:\/\/modoviajeok.com.ar\/#\/schema\/person\/1187013488537969db5b1320484d24f4","name":"Mariana Otero","image":{"@type":"ImageObject","inLanguage":"es","@id":"https:\/\/modoviajeok.com.ar\/#\/schema\/person\/image\/","url":"https:\/\/secure.gravatar.com\/avatar\/8a91a502a9336849a3500b9090c431bc1418f1d1263d893afeddba065f5add82?s=96&d=mm&r=g","contentUrl":"https:\/\/secure.gravatar.com\/avatar\/8a91a502a9336849a3500b9090c431bc1418f1d1263d893afeddba065f5add82?s=96&d=mm&r=g","caption":"Mariana Otero"},"url":"https:\/\/modoviajeok.com.ar\/index.php\/author\/mariana2025\/"}]}},"_links":{"self":[{"href":"https:\/\/modoviajeok.com.ar\/index.php\/wp-json\/wp\/v2\/posts\/7601","targetHints":{"allow":["GET"]}}],"collection":[{"href":"https:\/\/modoviajeok.com.ar\/index.php\/wp-json\/wp\/v2\/posts"}],"about":[{"href":"https:\/\/modoviajeok.com.ar\/index.php\/wp-json\/wp\/v2\/types\/post"}],"author":[{"embeddable":true,"href":"https:\/\/modoviajeok.com.ar\/index.php\/wp-json\/wp\/v2\/users\/2"}],"replies":[{"embeddable":true,"href":"https:\/\/modoviajeok.com.ar\/index.php\/wp-json\/wp\/v2\/comments?post=7601"}],"version-history":[{"count":5,"href":"https:\/\/modoviajeok.com.ar\/index.php\/wp-json\/wp\/v2\/posts\/7601\/revisions"}],"predecessor-version":[{"id":8224,"href":"https:\/\/modoviajeok.com.ar\/index.php\/wp-json\/wp\/v2\/posts\/7601\/revisions\/8224"}],"wp:featuredmedia":[{"embeddable":true,"href":"https:\/\/modoviajeok.com.ar\/index.php\/wp-json\/wp\/v2\/media\/7620"}],"wp:attachment":[{"href":"https:\/\/modoviajeok.com.ar\/index.php\/wp-json\/wp\/v2\/media?parent=7601"}],"wp:term":[{"taxonomy":"category","embeddable":true,"href":"https:\/\/modoviajeok.com.ar\/index.php\/wp-json\/wp\/v2\/categories?post=7601"},{"taxonomy":"post_tag","embeddable":true,"href":"https:\/\/modoviajeok.com.ar\/index.php\/wp-json\/wp\/v2\/tags?post=7601"}],"curies":[{"name":"wp","href":"https:\/\/api.w.org\/{rel}","templated":true}]}}