{"id":7729,"date":"2026-03-10T08:55:53","date_gmt":"2026-03-10T11:55:53","guid":{"rendered":"https:\/\/modoviajeok.com.ar\/?p=7729"},"modified":"2026-04-26T23:49:41","modified_gmt":"2026-04-27T02:49:41","slug":"prepara-la-maleta-que-ruben-libros-te-reserva-el-libro-para-tu-proximo-viaje","status":"publish","type":"post","link":"https:\/\/modoviajeok.com.ar\/index.php\/2026\/03\/10\/prepara-la-maleta-que-ruben-libros-te-reserva-el-libro-para-tu-proximo-viaje\/","title":{"rendered":"Vos prepar\u00e1 la valija que Rub\u00e9n Libros te reserva el libro para tu pr\u00f3ximo viaje"},"content":{"rendered":"\n<figure class=\"wp-block-pullquote\"><blockquote><p>Qu\u00e9 mejor que un libro para hacer m\u00e1s placentero tu viaje. Aqu\u00ed te acercamos cinco t\u00edtulos para que tengas en cuenta. <\/p><\/blockquote><\/figure>\n\n\n\n<p><strong>M\u00e1scaras femeninas<\/strong> Fumiko Enchi, Chai Editora<\/p>\n\n\n\n<p>Tras perder a su hijo en un accidente, Mieko T\u014dgano, una mujer culta y misteriosa, comienza a entrometerse en los asuntos de la joven y bella viuda, Yasuko. Ambas viven juntas, llevan adelante una revista de poes\u00eda y contin\u00faan una investigaci\u00f3n sobre posesiones espirituales que dej\u00f3 inconclusa el hijo de Mieko.&nbsp;Esta novela atrapante y con giros sorprendentes situada en el Jap\u00f3n de posguerra explora las emociones humanas m\u00e1s profundas y las consecuencias devastadoras que pueden tener en la vida de las personas. &nbsp;<\/p>\n\n\n\n<figure class=\"wp-block-image size-full\"><img loading=\"lazy\" decoding=\"async\" width=\"1204\" height=\"1600\" src=\"https:\/\/modoviajeok.com.ar\/wp-content\/uploads\/2026\/03\/WhatsApp-Image-2026-03-06-at-14.41.49-1.jpeg\" alt=\"\" class=\"wp-image-7966\" srcset=\"https:\/\/modoviajeok.com.ar\/wp-content\/uploads\/2026\/03\/WhatsApp-Image-2026-03-06-at-14.41.49-1.jpeg 1204w, https:\/\/modoviajeok.com.ar\/wp-content\/uploads\/2026\/03\/WhatsApp-Image-2026-03-06-at-14.41.49-1-768x1021.jpeg 768w, https:\/\/modoviajeok.com.ar\/wp-content\/uploads\/2026\/03\/WhatsApp-Image-2026-03-06-at-14.41.49-1-1156x1536.jpeg 1156w, https:\/\/modoviajeok.com.ar\/wp-content\/uploads\/2026\/03\/WhatsApp-Image-2026-03-06-at-14.41.49-1-316x420.jpeg 316w, https:\/\/modoviajeok.com.ar\/wp-content\/uploads\/2026\/03\/WhatsApp-Image-2026-03-06-at-14.41.49-1-150x199.jpeg 150w, https:\/\/modoviajeok.com.ar\/wp-content\/uploads\/2026\/03\/WhatsApp-Image-2026-03-06-at-14.41.49-1-300x399.jpeg 300w, https:\/\/modoviajeok.com.ar\/wp-content\/uploads\/2026\/03\/WhatsApp-Image-2026-03-06-at-14.41.49-1-696x925.jpeg 696w, https:\/\/modoviajeok.com.ar\/wp-content\/uploads\/2026\/03\/WhatsApp-Image-2026-03-06-at-14.41.49-1-1068x1419.jpeg 1068w\" sizes=\"auto, (max-width: 1204px) 100vw, 1204px\" \/><\/figure>\n\n\n\n<p><strong>Por favor, cuida de mam\u00e1 <\/strong><a href=\"https:\/\/www.planetadelibros.com.ar\/autor\/kyung-sook-shin\/000063676\"><strong>Kyung-sook Shin<\/strong><\/a><strong>, Destino<\/strong><\/p>\n\n\n\n<p>Un sentido homenaje a las madres, tan crudo como emocionante. So-nyo, una mujer de 69 a\u00f1os con algunos achaques, desaparece en medio de la multitud al separarse de su marido cuando se cierran las puertas de un tren abarrotado. Su familia emprende una b\u00fasqueda desesperada, consumida por la culpa,<br>el dolor y las recriminaciones del pasado. Mientras discuten sobre los carteles de \u00abSe busca\u00bb que repartir\u00e1n por toda la ciudad, sus hijos se dan cuenta de que ninguno tiene una fotograf\u00eda reciente de su madre. Enseguida se ver\u00e1n forzados a cuestionarse si realmente conoc\u00edan a la mujer a la que llaman \u00abmam\u00e1\u00bb.<\/p>\n\n\n\n<figure class=\"wp-block-image size-full\"><img loading=\"lazy\" decoding=\"async\" width=\"1204\" height=\"1600\" src=\"https:\/\/modoviajeok.com.ar\/wp-content\/uploads\/2026\/03\/WhatsApp-Image-2026-03-06-at-14.41.49.jpeg\" alt=\"\" class=\"wp-image-7967\" srcset=\"https:\/\/modoviajeok.com.ar\/wp-content\/uploads\/2026\/03\/WhatsApp-Image-2026-03-06-at-14.41.49.jpeg 1204w, https:\/\/modoviajeok.com.ar\/wp-content\/uploads\/2026\/03\/WhatsApp-Image-2026-03-06-at-14.41.49-768x1021.jpeg 768w, https:\/\/modoviajeok.com.ar\/wp-content\/uploads\/2026\/03\/WhatsApp-Image-2026-03-06-at-14.41.49-1156x1536.jpeg 1156w, https:\/\/modoviajeok.com.ar\/wp-content\/uploads\/2026\/03\/WhatsApp-Image-2026-03-06-at-14.41.49-316x420.jpeg 316w, https:\/\/modoviajeok.com.ar\/wp-content\/uploads\/2026\/03\/WhatsApp-Image-2026-03-06-at-14.41.49-150x199.jpeg 150w, https:\/\/modoviajeok.com.ar\/wp-content\/uploads\/2026\/03\/WhatsApp-Image-2026-03-06-at-14.41.49-300x399.jpeg 300w, https:\/\/modoviajeok.com.ar\/wp-content\/uploads\/2026\/03\/WhatsApp-Image-2026-03-06-at-14.41.49-696x925.jpeg 696w, https:\/\/modoviajeok.com.ar\/wp-content\/uploads\/2026\/03\/WhatsApp-Image-2026-03-06-at-14.41.49-1068x1419.jpeg 1068w\" sizes=\"auto, (max-width: 1204px) 100vw, 1204px\" \/><\/figure>\n\n\n\n<p><strong>Cumbres borrascosas <\/strong><a href=\"https:\/\/www.penguinlibros.com\/ar\/53787-emily-bronte\" target=\"_blank\" rel=\"noreferrer noopener\"><strong>Emily Bront\u00eb<\/strong><\/a><strong>,<\/strong> <strong>Penguin<\/strong><\/p>\n\n\n\n<p>Una de las historias de amor m\u00e1s estremecedoras de todos los tiempos.<br>Un cl\u00e1sico de la literatura inagotable. En contra del mito popular,&nbsp;<strong><em>Cumbres Borrascosas<\/em><\/strong>&nbsp;es una de las historias de amor m\u00e1s subversivas y estremecedoras de todos los tiempos, un cl\u00e1sico de lectura inagotable cuya traducci\u00f3n ha sido revisada para esta nueva edici\u00f3n.<\/p>\n\n\n\n<figure class=\"wp-block-image size-full\"><img loading=\"lazy\" decoding=\"async\" width=\"1204\" height=\"1600\" src=\"https:\/\/modoviajeok.com.ar\/wp-content\/uploads\/2026\/03\/WhatsApp-Image-2026-03-06-at-14.41.50-2.jpeg\" alt=\"\" class=\"wp-image-7963\" srcset=\"https:\/\/modoviajeok.com.ar\/wp-content\/uploads\/2026\/03\/WhatsApp-Image-2026-03-06-at-14.41.50-2.jpeg 1204w, https:\/\/modoviajeok.com.ar\/wp-content\/uploads\/2026\/03\/WhatsApp-Image-2026-03-06-at-14.41.50-2-768x1021.jpeg 768w, https:\/\/modoviajeok.com.ar\/wp-content\/uploads\/2026\/03\/WhatsApp-Image-2026-03-06-at-14.41.50-2-1156x1536.jpeg 1156w, https:\/\/modoviajeok.com.ar\/wp-content\/uploads\/2026\/03\/WhatsApp-Image-2026-03-06-at-14.41.50-2-316x420.jpeg 316w, https:\/\/modoviajeok.com.ar\/wp-content\/uploads\/2026\/03\/WhatsApp-Image-2026-03-06-at-14.41.50-2-150x199.jpeg 150w, https:\/\/modoviajeok.com.ar\/wp-content\/uploads\/2026\/03\/WhatsApp-Image-2026-03-06-at-14.41.50-2-300x399.jpeg 300w, https:\/\/modoviajeok.com.ar\/wp-content\/uploads\/2026\/03\/WhatsApp-Image-2026-03-06-at-14.41.50-2-696x925.jpeg 696w, https:\/\/modoviajeok.com.ar\/wp-content\/uploads\/2026\/03\/WhatsApp-Image-2026-03-06-at-14.41.50-2-1068x1419.jpeg 1068w\" sizes=\"auto, (max-width: 1204px) 100vw, 1204px\" \/><\/figure>\n\n\n\n<p><strong>La ni\u00f1a que no vio los besos Gigliola (Canela) Zecchin Edhasa<\/strong><\/p>\n\n\n\n<p><em>La ni\u00f1a que no vio los besos<\/em>&nbsp;es una historia conmovedora. Relatos de infancia que hilvanan sombras y anhelos, contentos y congojas, en un lenguaje cercano a la poes\u00eda. Gigliola Zecchin demuestra, con inusitada sensibilidad, el poder sanador de las palabras.<\/p>\n\n\n\n<figure class=\"wp-block-image size-full\"><img loading=\"lazy\" decoding=\"async\" width=\"1204\" height=\"1600\" src=\"https:\/\/modoviajeok.com.ar\/wp-content\/uploads\/2026\/03\/WhatsApp-Image-2026-03-06-at-14.41.50-1.jpeg\" alt=\"\" class=\"wp-image-7964\" srcset=\"https:\/\/modoviajeok.com.ar\/wp-content\/uploads\/2026\/03\/WhatsApp-Image-2026-03-06-at-14.41.50-1.jpeg 1204w, https:\/\/modoviajeok.com.ar\/wp-content\/uploads\/2026\/03\/WhatsApp-Image-2026-03-06-at-14.41.50-1-768x1021.jpeg 768w, https:\/\/modoviajeok.com.ar\/wp-content\/uploads\/2026\/03\/WhatsApp-Image-2026-03-06-at-14.41.50-1-1156x1536.jpeg 1156w, https:\/\/modoviajeok.com.ar\/wp-content\/uploads\/2026\/03\/WhatsApp-Image-2026-03-06-at-14.41.50-1-316x420.jpeg 316w, https:\/\/modoviajeok.com.ar\/wp-content\/uploads\/2026\/03\/WhatsApp-Image-2026-03-06-at-14.41.50-1-150x199.jpeg 150w, https:\/\/modoviajeok.com.ar\/wp-content\/uploads\/2026\/03\/WhatsApp-Image-2026-03-06-at-14.41.50-1-300x399.jpeg 300w, https:\/\/modoviajeok.com.ar\/wp-content\/uploads\/2026\/03\/WhatsApp-Image-2026-03-06-at-14.41.50-1-696x925.jpeg 696w, https:\/\/modoviajeok.com.ar\/wp-content\/uploads\/2026\/03\/WhatsApp-Image-2026-03-06-at-14.41.50-1-1068x1419.jpeg 1068w\" sizes=\"auto, (max-width: 1204px) 100vw, 1204px\" \/><\/figure>\n\n\n\n<p><strong>Las primas <a href=\"https:\/\/www.planetadelibros.com.ar\/autor\/aurora-venturini\/000053641\">Aurora Venturini<\/a>,<\/strong> <strong>Tusquets<\/strong><\/p>\n\n\n\n<p>A mitad de camino entre la autobiograf\u00eda delirante y el ejercicio imp\u00fadico de la etnograf\u00eda \u00edn-tima. Historia de iniciaci\u00f3n ambientada en unos equ\u00edvocos a\u00f1os 40 que despliega el mundo tortuoso de una familia disfuncional de clase media baja de la ciudad de La Plata: una casa sin hombres y llena de mujeres, todas minusv\u00e1lidas, con alguna deformidad f\u00edsica, mental o imaginaria.&nbsp;<\/p>\n\n\n\n<figure class=\"wp-block-image size-full\"><img loading=\"lazy\" decoding=\"async\" width=\"1204\" height=\"1600\" src=\"https:\/\/modoviajeok.com.ar\/wp-content\/uploads\/2026\/03\/WhatsApp-Image-2026-03-06-at-14.41.50.jpeg\" alt=\"\" class=\"wp-image-7965\" srcset=\"https:\/\/modoviajeok.com.ar\/wp-content\/uploads\/2026\/03\/WhatsApp-Image-2026-03-06-at-14.41.50.jpeg 1204w, https:\/\/modoviajeok.com.ar\/wp-content\/uploads\/2026\/03\/WhatsApp-Image-2026-03-06-at-14.41.50-768x1021.jpeg 768w, https:\/\/modoviajeok.com.ar\/wp-content\/uploads\/2026\/03\/WhatsApp-Image-2026-03-06-at-14.41.50-1156x1536.jpeg 1156w, https:\/\/modoviajeok.com.ar\/wp-content\/uploads\/2026\/03\/WhatsApp-Image-2026-03-06-at-14.41.50-316x420.jpeg 316w, https:\/\/modoviajeok.com.ar\/wp-content\/uploads\/2026\/03\/WhatsApp-Image-2026-03-06-at-14.41.50-150x199.jpeg 150w, https:\/\/modoviajeok.com.ar\/wp-content\/uploads\/2026\/03\/WhatsApp-Image-2026-03-06-at-14.41.50-300x399.jpeg 300w, https:\/\/modoviajeok.com.ar\/wp-content\/uploads\/2026\/03\/WhatsApp-Image-2026-03-06-at-14.41.50-696x925.jpeg 696w, https:\/\/modoviajeok.com.ar\/wp-content\/uploads\/2026\/03\/WhatsApp-Image-2026-03-06-at-14.41.50-1068x1419.jpeg 1068w\" sizes=\"auto, (max-width: 1204px) 100vw, 1204px\" \/><\/figure>\n\n\n\n<p><\/p>\n\n\n      <div class=\"wp_bannerize_container wp_bannerize_layout_vertical\">\n\n        <div class=\"wp_bannerize_banner_box wp_bannerize_category_intertexto-1\" data-title=\"Modo viaje\" data-mime_type=\"image-gif\" data-banner_id=\"1783\" id=\"wpbanner-1783\" data-impressions_enabled=\"true\" data-clicks_enabled=\"true\"><a href=\"https:\/\/www.instagram.com\/modoviaje.ok?igsh=Z3c5emxsZWFtdXN3\"><img decoding=\"async\" border=\"0\" src=\"https:\/\/modoviajeok.com.ar\/wp-content\/uploads\/2025\/02\/modoviaje.ok-300-x-250-px.gif\" alt=\"Modo viaje\" title=\"Modo viaje\" \/><\/a><\/div>      <\/div>\n\n\n","protected":false},"excerpt":{"rendered":"<p>Qu\u00e9 mejor que un libro para hacer m\u00e1s placentero tu viaje. Aqu\u00ed te acercamos cinco t\u00edtulos para que tengas en cuenta. M\u00e1scaras femeninas Fumiko Enchi, Chai Editora Tras perder a su hijo en un accidente, Mieko T\u014dgano, una mujer culta y misteriosa, comienza a entrometerse en los asuntos de la joven y bella viuda, Yasuko. [&hellip;]<\/p>\n","protected":false},"author":3,"featured_media":7962,"comment_status":"open","ping_status":"open","sticky":false,"template":"","format":"standard","meta":{"_acf_changed":false,"footnotes":""},"categories":[12,15],"tags":[],"class_list":{"0":"post-7729","1":"post","2":"type-post","3":"status-publish","4":"format-standard","5":"has-post-thumbnail","7":"category-novedades","8":"category-recomendaciones"},"acf":[],"yoast_head":"<!-- This site is optimized with the Yoast SEO plugin v24.8.1 - https:\/\/yoast.com\/wordpress\/plugins\/seo\/ -->\n<title>Vos prepar\u00e1 la valija que Rub\u00e9n Libros te reserva el libro para tu pr\u00f3ximo viaje -<\/title>\n<meta name=\"robots\" content=\"index, follow, max-snippet:-1, max-image-preview:large, max-video-preview:-1\" \/>\n<link rel=\"canonical\" href=\"https:\/\/modoviajeok.com.ar\/index.php\/2026\/03\/10\/prepara-la-maleta-que-ruben-libros-te-reserva-el-libro-para-tu-proximo-viaje\/\" \/>\n<meta property=\"og:locale\" content=\"es_ES\" \/>\n<meta property=\"og:type\" content=\"article\" \/>\n<meta property=\"og:title\" content=\"Vos prepar\u00e1 la valija que Rub\u00e9n Libros te reserva el libro para tu pr\u00f3ximo viaje -\" \/>\n<meta property=\"og:description\" content=\"Qu\u00e9 mejor que un libro para hacer m\u00e1s placentero tu viaje. Aqu\u00ed te acercamos cinco t\u00edtulos para que tengas en cuenta. M\u00e1scaras femeninas Fumiko Enchi, Chai Editora Tras perder a su hijo en un accidente, Mieko T\u014dgano, una mujer culta y misteriosa, comienza a entrometerse en los asuntos de la joven y bella viuda, Yasuko. [&hellip;]\" \/>\n<meta property=\"og:url\" content=\"https:\/\/modoviajeok.com.ar\/index.php\/2026\/03\/10\/prepara-la-maleta-que-ruben-libros-te-reserva-el-libro-para-tu-proximo-viaje\/\" \/>\n<meta property=\"article:publisher\" content=\"https:\/\/www.facebook.com\/mariana.otero1\/\" \/>\n<meta property=\"article:published_time\" content=\"2026-03-10T11:55:53+00:00\" \/>\n<meta property=\"article:modified_time\" content=\"2026-04-27T02:49:41+00:00\" \/>\n<meta property=\"og:image\" content=\"https:\/\/modoviajeok.com.ar\/wp-content\/uploads\/2026\/03\/WhatsApp-Image-2026-02-24-at-10.44.50.jpeg\" \/>\n\t<meta property=\"og:image:width\" content=\"1600\" \/>\n\t<meta property=\"og:image:height\" content=\"1600\" \/>\n\t<meta property=\"og:image:type\" content=\"image\/jpeg\" \/>\n<meta name=\"author\" content=\"Pepe Segura\" \/>\n<meta name=\"twitter:card\" content=\"summary_large_image\" \/>\n<meta name=\"twitter:label1\" content=\"Escrito por\" \/>\n\t<meta name=\"twitter:data1\" content=\"Pepe Segura\" \/>\n\t<meta name=\"twitter:label2\" content=\"Tiempo de lectura\" \/>\n\t<meta name=\"twitter:data2\" content=\"3 minutos\" \/>\n<script type=\"application\/ld+json\" class=\"yoast-schema-graph\">{\"@context\":\"https:\/\/schema.org\",\"@graph\":[{\"@type\":\"Article\",\"@id\":\"https:\/\/modoviajeok.com.ar\/index.php\/2026\/03\/10\/prepara-la-maleta-que-ruben-libros-te-reserva-el-libro-para-tu-proximo-viaje\/#article\",\"isPartOf\":{\"@id\":\"https:\/\/modoviajeok.com.ar\/index.php\/2026\/03\/10\/prepara-la-maleta-que-ruben-libros-te-reserva-el-libro-para-tu-proximo-viaje\/\"},\"author\":{\"name\":\"Pepe Segura\",\"@id\":\"https:\/\/modoviajeok.com.ar\/#\/schema\/person\/2e299ed0d3d412a01d244fe28260d7f5\"},\"headline\":\"Vos prepar\u00e1 la valija que Rub\u00e9n Libros te reserva el libro para tu pr\u00f3ximo viaje\",\"datePublished\":\"2026-03-10T11:55:53+00:00\",\"dateModified\":\"2026-04-27T02:49:41+00:00\",\"mainEntityOfPage\":{\"@id\":\"https:\/\/modoviajeok.com.ar\/index.php\/2026\/03\/10\/prepara-la-maleta-que-ruben-libros-te-reserva-el-libro-para-tu-proximo-viaje\/\"},\"wordCount\":457,\"commentCount\":0,\"publisher\":{\"@id\":\"https:\/\/modoviajeok.com.ar\/#organization\"},\"image\":{\"@id\":\"https:\/\/modoviajeok.com.ar\/index.php\/2026\/03\/10\/prepara-la-maleta-que-ruben-libros-te-reserva-el-libro-para-tu-proximo-viaje\/#primaryimage\"},\"thumbnailUrl\":\"https:\/\/modoviajeok.com.ar\/wp-content\/uploads\/2026\/03\/WhatsApp-Image-2026-02-24-at-10.44.50.jpeg\",\"articleSection\":[\"Novedades\",\"Recomendaciones\"],\"inLanguage\":\"es\",\"potentialAction\":[{\"@type\":\"CommentAction\",\"name\":\"Comment\",\"target\":[\"https:\/\/modoviajeok.com.ar\/index.php\/2026\/03\/10\/prepara-la-maleta-que-ruben-libros-te-reserva-el-libro-para-tu-proximo-viaje\/#respond\"]}]},{\"@type\":\"WebPage\",\"@id\":\"https:\/\/modoviajeok.com.ar\/index.php\/2026\/03\/10\/prepara-la-maleta-que-ruben-libros-te-reserva-el-libro-para-tu-proximo-viaje\/\",\"url\":\"https:\/\/modoviajeok.com.ar\/index.php\/2026\/03\/10\/prepara-la-maleta-que-ruben-libros-te-reserva-el-libro-para-tu-proximo-viaje\/\",\"name\":\"Vos prepar\u00e1 la valija que Rub\u00e9n Libros te reserva el libro para tu pr\u00f3ximo viaje -\",\"isPartOf\":{\"@id\":\"https:\/\/modoviajeok.com.ar\/#website\"},\"primaryImageOfPage\":{\"@id\":\"https:\/\/modoviajeok.com.ar\/index.php\/2026\/03\/10\/prepara-la-maleta-que-ruben-libros-te-reserva-el-libro-para-tu-proximo-viaje\/#primaryimage\"},\"image\":{\"@id\":\"https:\/\/modoviajeok.com.ar\/index.php\/2026\/03\/10\/prepara-la-maleta-que-ruben-libros-te-reserva-el-libro-para-tu-proximo-viaje\/#primaryimage\"},\"thumbnailUrl\":\"https:\/\/modoviajeok.com.ar\/wp-content\/uploads\/2026\/03\/WhatsApp-Image-2026-02-24-at-10.44.50.jpeg\",\"datePublished\":\"2026-03-10T11:55:53+00:00\",\"dateModified\":\"2026-04-27T02:49:41+00:00\",\"breadcrumb\":{\"@id\":\"https:\/\/modoviajeok.com.ar\/index.php\/2026\/03\/10\/prepara-la-maleta-que-ruben-libros-te-reserva-el-libro-para-tu-proximo-viaje\/#breadcrumb\"},\"inLanguage\":\"es\",\"potentialAction\":[{\"@type\":\"ReadAction\",\"target\":[\"https:\/\/modoviajeok.com.ar\/index.php\/2026\/03\/10\/prepara-la-maleta-que-ruben-libros-te-reserva-el-libro-para-tu-proximo-viaje\/\"]}]},{\"@type\":\"ImageObject\",\"inLanguage\":\"es\",\"@id\":\"https:\/\/modoviajeok.com.ar\/index.php\/2026\/03\/10\/prepara-la-maleta-que-ruben-libros-te-reserva-el-libro-para-tu-proximo-viaje\/#primaryimage\",\"url\":\"https:\/\/modoviajeok.com.ar\/wp-content\/uploads\/2026\/03\/WhatsApp-Image-2026-02-24-at-10.44.50.jpeg\",\"contentUrl\":\"https:\/\/modoviajeok.com.ar\/wp-content\/uploads\/2026\/03\/WhatsApp-Image-2026-02-24-at-10.44.50.jpeg\",\"width\":1600,\"height\":1600},{\"@type\":\"BreadcrumbList\",\"@id\":\"https:\/\/modoviajeok.com.ar\/index.php\/2026\/03\/10\/prepara-la-maleta-que-ruben-libros-te-reserva-el-libro-para-tu-proximo-viaje\/#breadcrumb\",\"itemListElement\":[{\"@type\":\"ListItem\",\"position\":1,\"name\":\"Portada\",\"item\":\"https:\/\/modoviajeok.com.ar\/\"},{\"@type\":\"ListItem\",\"position\":2,\"name\":\"Vos prepar\u00e1 la valija que Rub\u00e9n Libros te reserva el libro para tu pr\u00f3ximo viaje\"}]},{\"@type\":\"WebSite\",\"@id\":\"https:\/\/modoviajeok.com.ar\/#website\",\"url\":\"https:\/\/modoviajeok.com.ar\/\",\"name\":\"ModoViajeOK\",\"description\":\"\",\"publisher\":{\"@id\":\"https:\/\/modoviajeok.com.ar\/#organization\"},\"potentialAction\":[{\"@type\":\"SearchAction\",\"target\":{\"@type\":\"EntryPoint\",\"urlTemplate\":\"https:\/\/modoviajeok.com.ar\/?s={search_term_string}\"},\"query-input\":{\"@type\":\"PropertyValueSpecification\",\"valueRequired\":true,\"valueName\":\"search_term_string\"}}],\"inLanguage\":\"es\"},{\"@type\":\"Organization\",\"@id\":\"https:\/\/modoviajeok.com.ar\/#organization\",\"name\":\"ModoViajeOK\",\"url\":\"https:\/\/modoviajeok.com.ar\/\",\"logo\":{\"@type\":\"ImageObject\",\"inLanguage\":\"es\",\"@id\":\"https:\/\/modoviajeok.com.ar\/#\/schema\/logo\/image\/\",\"url\":\"https:\/\/modoviajeok.com.ar\/wp-content\/uploads\/2025\/01\/Logo-modoviajeok.png\",\"contentUrl\":\"https:\/\/modoviajeok.com.ar\/wp-content\/uploads\/2025\/01\/Logo-modoviajeok.png\",\"width\":2938,\"height\":2276,\"caption\":\"ModoViajeOK\"},\"image\":{\"@id\":\"https:\/\/modoviajeok.com.ar\/#\/schema\/logo\/image\/\"},\"sameAs\":[\"https:\/\/www.facebook.com\/mariana.otero1\/\",\"https:\/\/www.instagram.com\/modoviaje.ok\/\"]},{\"@type\":\"Person\",\"@id\":\"https:\/\/modoviajeok.com.ar\/#\/schema\/person\/2e299ed0d3d412a01d244fe28260d7f5\",\"name\":\"Pepe Segura\",\"image\":{\"@type\":\"ImageObject\",\"inLanguage\":\"es\",\"@id\":\"https:\/\/modoviajeok.com.ar\/#\/schema\/person\/image\/\",\"url\":\"https:\/\/secure.gravatar.com\/avatar\/65eb4b34deed761327f5b2c5535b987318ae807900ac46426de7258f5de6d345?s=96&d=mm&r=g\",\"contentUrl\":\"https:\/\/secure.gravatar.com\/avatar\/65eb4b34deed761327f5b2c5535b987318ae807900ac46426de7258f5de6d345?s=96&d=mm&r=g\",\"caption\":\"Pepe Segura\"},\"url\":\"https:\/\/modoviajeok.com.ar\/index.php\/author\/pepe2025\/\"}]}<\/script>\n<!-- \/ Yoast SEO plugin. -->","yoast_head_json":{"title":"Vos prepar\u00e1 la valija que Rub\u00e9n Libros te reserva el libro para tu pr\u00f3ximo viaje -","robots":{"index":"index","follow":"follow","max-snippet":"max-snippet:-1","max-image-preview":"max-image-preview:large","max-video-preview":"max-video-preview:-1"},"canonical":"https:\/\/modoviajeok.com.ar\/index.php\/2026\/03\/10\/prepara-la-maleta-que-ruben-libros-te-reserva-el-libro-para-tu-proximo-viaje\/","og_locale":"es_ES","og_type":"article","og_title":"Vos prepar\u00e1 la valija que Rub\u00e9n Libros te reserva el libro para tu pr\u00f3ximo viaje -","og_description":"Qu\u00e9 mejor que un libro para hacer m\u00e1s placentero tu viaje. Aqu\u00ed te acercamos cinco t\u00edtulos para que tengas en cuenta. M\u00e1scaras femeninas Fumiko Enchi, Chai Editora Tras perder a su hijo en un accidente, Mieko T\u014dgano, una mujer culta y misteriosa, comienza a entrometerse en los asuntos de la joven y bella viuda, Yasuko. [&hellip;]","og_url":"https:\/\/modoviajeok.com.ar\/index.php\/2026\/03\/10\/prepara-la-maleta-que-ruben-libros-te-reserva-el-libro-para-tu-proximo-viaje\/","article_publisher":"https:\/\/www.facebook.com\/mariana.otero1\/","article_published_time":"2026-03-10T11:55:53+00:00","article_modified_time":"2026-04-27T02:49:41+00:00","og_image":[{"width":1600,"height":1600,"url":"https:\/\/modoviajeok.com.ar\/wp-content\/uploads\/2026\/03\/WhatsApp-Image-2026-02-24-at-10.44.50.jpeg","type":"image\/jpeg"}],"author":"Pepe Segura","twitter_card":"summary_large_image","twitter_misc":{"Escrito por":"Pepe Segura","Tiempo de lectura":"3 minutos"},"schema":{"@context":"https:\/\/schema.org","@graph":[{"@type":"Article","@id":"https:\/\/modoviajeok.com.ar\/index.php\/2026\/03\/10\/prepara-la-maleta-que-ruben-libros-te-reserva-el-libro-para-tu-proximo-viaje\/#article","isPartOf":{"@id":"https:\/\/modoviajeok.com.ar\/index.php\/2026\/03\/10\/prepara-la-maleta-que-ruben-libros-te-reserva-el-libro-para-tu-proximo-viaje\/"},"author":{"name":"Pepe Segura","@id":"https:\/\/modoviajeok.com.ar\/#\/schema\/person\/2e299ed0d3d412a01d244fe28260d7f5"},"headline":"Vos prepar\u00e1 la valija que Rub\u00e9n Libros te reserva el libro para tu pr\u00f3ximo viaje","datePublished":"2026-03-10T11:55:53+00:00","dateModified":"2026-04-27T02:49:41+00:00","mainEntityOfPage":{"@id":"https:\/\/modoviajeok.com.ar\/index.php\/2026\/03\/10\/prepara-la-maleta-que-ruben-libros-te-reserva-el-libro-para-tu-proximo-viaje\/"},"wordCount":457,"commentCount":0,"publisher":{"@id":"https:\/\/modoviajeok.com.ar\/#organization"},"image":{"@id":"https:\/\/modoviajeok.com.ar\/index.php\/2026\/03\/10\/prepara-la-maleta-que-ruben-libros-te-reserva-el-libro-para-tu-proximo-viaje\/#primaryimage"},"thumbnailUrl":"https:\/\/modoviajeok.com.ar\/wp-content\/uploads\/2026\/03\/WhatsApp-Image-2026-02-24-at-10.44.50.jpeg","articleSection":["Novedades","Recomendaciones"],"inLanguage":"es","potentialAction":[{"@type":"CommentAction","name":"Comment","target":["https:\/\/modoviajeok.com.ar\/index.php\/2026\/03\/10\/prepara-la-maleta-que-ruben-libros-te-reserva-el-libro-para-tu-proximo-viaje\/#respond"]}]},{"@type":"WebPage","@id":"https:\/\/modoviajeok.com.ar\/index.php\/2026\/03\/10\/prepara-la-maleta-que-ruben-libros-te-reserva-el-libro-para-tu-proximo-viaje\/","url":"https:\/\/modoviajeok.com.ar\/index.php\/2026\/03\/10\/prepara-la-maleta-que-ruben-libros-te-reserva-el-libro-para-tu-proximo-viaje\/","name":"Vos prepar\u00e1 la valija que Rub\u00e9n Libros te reserva el libro para tu pr\u00f3ximo viaje -","isPartOf":{"@id":"https:\/\/modoviajeok.com.ar\/#website"},"primaryImageOfPage":{"@id":"https:\/\/modoviajeok.com.ar\/index.php\/2026\/03\/10\/prepara-la-maleta-que-ruben-libros-te-reserva-el-libro-para-tu-proximo-viaje\/#primaryimage"},"image":{"@id":"https:\/\/modoviajeok.com.ar\/index.php\/2026\/03\/10\/prepara-la-maleta-que-ruben-libros-te-reserva-el-libro-para-tu-proximo-viaje\/#primaryimage"},"thumbnailUrl":"https:\/\/modoviajeok.com.ar\/wp-content\/uploads\/2026\/03\/WhatsApp-Image-2026-02-24-at-10.44.50.jpeg","datePublished":"2026-03-10T11:55:53+00:00","dateModified":"2026-04-27T02:49:41+00:00","breadcrumb":{"@id":"https:\/\/modoviajeok.com.ar\/index.php\/2026\/03\/10\/prepara-la-maleta-que-ruben-libros-te-reserva-el-libro-para-tu-proximo-viaje\/#breadcrumb"},"inLanguage":"es","potentialAction":[{"@type":"ReadAction","target":["https:\/\/modoviajeok.com.ar\/index.php\/2026\/03\/10\/prepara-la-maleta-que-ruben-libros-te-reserva-el-libro-para-tu-proximo-viaje\/"]}]},{"@type":"ImageObject","inLanguage":"es","@id":"https:\/\/modoviajeok.com.ar\/index.php\/2026\/03\/10\/prepara-la-maleta-que-ruben-libros-te-reserva-el-libro-para-tu-proximo-viaje\/#primaryimage","url":"https:\/\/modoviajeok.com.ar\/wp-content\/uploads\/2026\/03\/WhatsApp-Image-2026-02-24-at-10.44.50.jpeg","contentUrl":"https:\/\/modoviajeok.com.ar\/wp-content\/uploads\/2026\/03\/WhatsApp-Image-2026-02-24-at-10.44.50.jpeg","width":1600,"height":1600},{"@type":"BreadcrumbList","@id":"https:\/\/modoviajeok.com.ar\/index.php\/2026\/03\/10\/prepara-la-maleta-que-ruben-libros-te-reserva-el-libro-para-tu-proximo-viaje\/#breadcrumb","itemListElement":[{"@type":"ListItem","position":1,"name":"Portada","item":"https:\/\/modoviajeok.com.ar\/"},{"@type":"ListItem","position":2,"name":"Vos prepar\u00e1 la valija que Rub\u00e9n Libros te reserva el libro para tu pr\u00f3ximo viaje"}]},{"@type":"WebSite","@id":"https:\/\/modoviajeok.com.ar\/#website","url":"https:\/\/modoviajeok.com.ar\/","name":"ModoViajeOK","description":"","publisher":{"@id":"https:\/\/modoviajeok.com.ar\/#organization"},"potentialAction":[{"@type":"SearchAction","target":{"@type":"EntryPoint","urlTemplate":"https:\/\/modoviajeok.com.ar\/?s={search_term_string}"},"query-input":{"@type":"PropertyValueSpecification","valueRequired":true,"valueName":"search_term_string"}}],"inLanguage":"es"},{"@type":"Organization","@id":"https:\/\/modoviajeok.com.ar\/#organization","name":"ModoViajeOK","url":"https:\/\/modoviajeok.com.ar\/","logo":{"@type":"ImageObject","inLanguage":"es","@id":"https:\/\/modoviajeok.com.ar\/#\/schema\/logo\/image\/","url":"https:\/\/modoviajeok.com.ar\/wp-content\/uploads\/2025\/01\/Logo-modoviajeok.png","contentUrl":"https:\/\/modoviajeok.com.ar\/wp-content\/uploads\/2025\/01\/Logo-modoviajeok.png","width":2938,"height":2276,"caption":"ModoViajeOK"},"image":{"@id":"https:\/\/modoviajeok.com.ar\/#\/schema\/logo\/image\/"},"sameAs":["https:\/\/www.facebook.com\/mariana.otero1\/","https:\/\/www.instagram.com\/modoviaje.ok\/"]},{"@type":"Person","@id":"https:\/\/modoviajeok.com.ar\/#\/schema\/person\/2e299ed0d3d412a01d244fe28260d7f5","name":"Pepe Segura","image":{"@type":"ImageObject","inLanguage":"es","@id":"https:\/\/modoviajeok.com.ar\/#\/schema\/person\/image\/","url":"https:\/\/secure.gravatar.com\/avatar\/65eb4b34deed761327f5b2c5535b987318ae807900ac46426de7258f5de6d345?s=96&d=mm&r=g","contentUrl":"https:\/\/secure.gravatar.com\/avatar\/65eb4b34deed761327f5b2c5535b987318ae807900ac46426de7258f5de6d345?s=96&d=mm&r=g","caption":"Pepe Segura"},"url":"https:\/\/modoviajeok.com.ar\/index.php\/author\/pepe2025\/"}]}},"_links":{"self":[{"href":"https:\/\/modoviajeok.com.ar\/index.php\/wp-json\/wp\/v2\/posts\/7729","targetHints":{"allow":["GET"]}}],"collection":[{"href":"https:\/\/modoviajeok.com.ar\/index.php\/wp-json\/wp\/v2\/posts"}],"about":[{"href":"https:\/\/modoviajeok.com.ar\/index.php\/wp-json\/wp\/v2\/types\/post"}],"author":[{"embeddable":true,"href":"https:\/\/modoviajeok.com.ar\/index.php\/wp-json\/wp\/v2\/users\/3"}],"replies":[{"embeddable":true,"href":"https:\/\/modoviajeok.com.ar\/index.php\/wp-json\/wp\/v2\/comments?post=7729"}],"version-history":[{"count":6,"href":"https:\/\/modoviajeok.com.ar\/index.php\/wp-json\/wp\/v2\/posts\/7729\/revisions"}],"predecessor-version":[{"id":8066,"href":"https:\/\/modoviajeok.com.ar\/index.php\/wp-json\/wp\/v2\/posts\/7729\/revisions\/8066"}],"wp:featuredmedia":[{"embeddable":true,"href":"https:\/\/modoviajeok.com.ar\/index.php\/wp-json\/wp\/v2\/media\/7962"}],"wp:attachment":[{"href":"https:\/\/modoviajeok.com.ar\/index.php\/wp-json\/wp\/v2\/media?parent=7729"}],"wp:term":[{"taxonomy":"category","embeddable":true,"href":"https:\/\/modoviajeok.com.ar\/index.php\/wp-json\/wp\/v2\/categories?post=7729"},{"taxonomy":"post_tag","embeddable":true,"href":"https:\/\/modoviajeok.com.ar\/index.php\/wp-json\/wp\/v2\/tags?post=7729"}],"curies":[{"name":"wp","href":"https:\/\/api.w.org\/{rel}","templated":true}]}}