{"id":790,"date":"2025-01-23T14:34:26","date_gmt":"2025-01-23T17:34:26","guid":{"rendered":"https:\/\/modoviajeok.com.ar\/?p=790"},"modified":"2025-01-24T19:10:19","modified_gmt":"2025-01-24T22:10:19","slug":"se-viene-el-festival-del-cabrito-y-la-artesania-en-quilino","status":"publish","type":"post","link":"https:\/\/modoviajeok.com.ar\/index.php\/2025\/01\/23\/se-viene-el-festival-del-cabrito-y-la-artesania-en-quilino\/","title":{"rendered":"Se viene el Festival del Cabrito y la Artesan\u00eda en Quilino"},"content":{"rendered":"\n<p> <\/p>\n\n\n\n<figure class=\"wp-block-image size-full\"><img loading=\"lazy\" decoding=\"async\" width=\"2560\" height=\"1435\" src=\"https:\/\/modoviajeok.com.ar\/wp-content\/uploads\/2025\/01\/20241212_130151-scaled.jpg\" alt=\"\" class=\"wp-image-791\" srcset=\"https:\/\/modoviajeok.com.ar\/wp-content\/uploads\/2025\/01\/20241212_130151-scaled.jpg 2560w, https:\/\/modoviajeok.com.ar\/wp-content\/uploads\/2025\/01\/20241212_130151-768x430.jpg 768w, https:\/\/modoviajeok.com.ar\/wp-content\/uploads\/2025\/01\/20241212_130151-1536x861.jpg 1536w, https:\/\/modoviajeok.com.ar\/wp-content\/uploads\/2025\/01\/20241212_130151-2048x1148.jpg 2048w, https:\/\/modoviajeok.com.ar\/wp-content\/uploads\/2025\/01\/20241212_130151-749x420.jpg 749w, https:\/\/modoviajeok.com.ar\/wp-content\/uploads\/2025\/01\/20241212_130151-150x84.jpg 150w, https:\/\/modoviajeok.com.ar\/wp-content\/uploads\/2025\/01\/20241212_130151-300x168.jpg 300w, https:\/\/modoviajeok.com.ar\/wp-content\/uploads\/2025\/01\/20241212_130151-696x390.jpg 696w, https:\/\/modoviajeok.com.ar\/wp-content\/uploads\/2025\/01\/20241212_130151-1068x599.jpg 1068w, https:\/\/modoviajeok.com.ar\/wp-content\/uploads\/2025\/01\/20241212_130151-1920x1076.jpg 1920w\" sizes=\"auto, (max-width: 2560px) 100vw, 2560px\" \/><\/figure>\n\n\n\n<p>Entre el 7 y 9 de febrero, Quilino y Villa Quilino pondr\u00e1n en escena la 52\u00aa Edici\u00f3n del Festival del Cabrito y la Artesan\u00eda. Con el Indio Lucio Rojas y Dale Q\u2019va como n\u00fameros centrales, el cl\u00e1sico festival promete tres noches a pura m\u00fasica y propone una interesante oferta gastron\u00f3mica que tiene al cabrito de Quilino como su plato principal. Alma de Salamanca, Los Cantores del Alba, Pachecos, Rom\u00e1n Robles, Persival, Arte de mi Norte, Santiago Torres, Ballet Achalay Tusuj y el Ballet Ra\u00edces Nuestras, completan la grilla del encuentro cuyas entradas pueden adquirirse a trav\u00e9s del sistema de entradas passline (<a href=\"http:\/\/www.passline.com\">www.passline.com<\/a>).<\/p>\n\n\n\n\n\n\n\n<p><\/p>\n\n\n\n\n\n<p><\/p>\n","protected":false},"excerpt":{"rendered":"<p>Entre el 7 y 9 de febrero, Quilino y Villa Quilino pondr\u00e1n en escena la 52\u00aa Edici\u00f3n del Festival del Cabrito y la Artesan\u00eda. Con el Indio Lucio Rojas y Dale Q\u2019va como n\u00fameros centrales, el cl\u00e1sico festival promete tres noches a pura m\u00fasica y propone una interesante oferta gastron\u00f3mica que tiene al cabrito de [&hellip;]<\/p>\n","protected":false},"author":3,"featured_media":792,"comment_status":"open","ping_status":"open","sticky":false,"template":"","format":"standard","meta":{"_acf_changed":false,"footnotes":""},"categories":[3,11,10],"tags":[31,98,99,49,32,97],"class_list":{"0":"post-790","1":"post","2":"type-post","3":"status-publish","4":"format-standard","5":"has-post-thumbnail","7":"category-agenda","8":"category-cordoba","9":"category-noticias","10":"tag-argentina","11":"tag-cabrito","12":"tag-cordoba-2","13":"tag-festival","14":"tag-norte","15":"tag-quilino"},"acf":[],"yoast_head":"<!-- This site is optimized with the Yoast SEO plugin v24.8.1 - https:\/\/yoast.com\/wordpress\/plugins\/seo\/ -->\n<title>Se viene el Festival del Cabrito y la Artesan\u00eda en Quilino -<\/title>\n<meta name=\"robots\" content=\"index, follow, max-snippet:-1, max-image-preview:large, max-video-preview:-1\" \/>\n<link rel=\"canonical\" href=\"https:\/\/modoviajeok.com.ar\/index.php\/2025\/01\/23\/se-viene-el-festival-del-cabrito-y-la-artesania-en-quilino\/\" \/>\n<meta property=\"og:locale\" content=\"es_ES\" \/>\n<meta property=\"og:type\" content=\"article\" \/>\n<meta property=\"og:title\" content=\"Se viene el Festival del Cabrito y la Artesan\u00eda en Quilino -\" \/>\n<meta property=\"og:description\" content=\"Entre el 7 y 9 de febrero, Quilino y Villa Quilino pondr\u00e1n en escena la 52\u00aa Edici\u00f3n del Festival del Cabrito y la Artesan\u00eda. Con el Indio Lucio Rojas y Dale Q\u2019va como n\u00fameros centrales, el cl\u00e1sico festival promete tres noches a pura m\u00fasica y propone una interesante oferta gastron\u00f3mica que tiene al cabrito de [&hellip;]\" \/>\n<meta property=\"og:url\" content=\"https:\/\/modoviajeok.com.ar\/index.php\/2025\/01\/23\/se-viene-el-festival-del-cabrito-y-la-artesania-en-quilino\/\" \/>\n<meta property=\"article:publisher\" content=\"https:\/\/www.facebook.com\/mariana.otero1\/\" \/>\n<meta property=\"article:published_time\" content=\"2025-01-23T17:34:26+00:00\" \/>\n<meta property=\"article:modified_time\" content=\"2025-01-24T22:10:19+00:00\" \/>\n<meta property=\"og:image\" content=\"https:\/\/modoviajeok.com.ar\/wp-content\/uploads\/2025\/01\/20241212_150326.jpg\" \/>\n\t<meta property=\"og:image:width\" content=\"2064\" \/>\n\t<meta property=\"og:image:height\" content=\"1394\" \/>\n\t<meta property=\"og:image:type\" content=\"image\/jpeg\" \/>\n<meta name=\"author\" content=\"Pepe Segura\" \/>\n<meta name=\"twitter:card\" content=\"summary_large_image\" \/>\n<meta name=\"twitter:label1\" content=\"Escrito por\" \/>\n\t<meta name=\"twitter:data1\" content=\"Pepe Segura\" \/>\n\t<meta name=\"twitter:label2\" content=\"Tiempo de lectura\" \/>\n\t<meta name=\"twitter:data2\" content=\"1 minuto\" \/>\n<script type=\"application\/ld+json\" class=\"yoast-schema-graph\">{\"@context\":\"https:\/\/schema.org\",\"@graph\":[{\"@type\":\"Article\",\"@id\":\"https:\/\/modoviajeok.com.ar\/index.php\/2025\/01\/23\/se-viene-el-festival-del-cabrito-y-la-artesania-en-quilino\/#article\",\"isPartOf\":{\"@id\":\"https:\/\/modoviajeok.com.ar\/index.php\/2025\/01\/23\/se-viene-el-festival-del-cabrito-y-la-artesania-en-quilino\/\"},\"author\":{\"name\":\"Pepe Segura\",\"@id\":\"https:\/\/modoviajeok.com.ar\/#\/schema\/person\/2e299ed0d3d412a01d244fe28260d7f5\"},\"headline\":\"Se viene el Festival del Cabrito y la Artesan\u00eda en Quilino\",\"datePublished\":\"2025-01-23T17:34:26+00:00\",\"dateModified\":\"2025-01-24T22:10:19+00:00\",\"mainEntityOfPage\":{\"@id\":\"https:\/\/modoviajeok.com.ar\/index.php\/2025\/01\/23\/se-viene-el-festival-del-cabrito-y-la-artesania-en-quilino\/\"},\"wordCount\":124,\"commentCount\":0,\"publisher\":{\"@id\":\"https:\/\/modoviajeok.com.ar\/#organization\"},\"image\":{\"@id\":\"https:\/\/modoviajeok.com.ar\/index.php\/2025\/01\/23\/se-viene-el-festival-del-cabrito-y-la-artesania-en-quilino\/#primaryimage\"},\"thumbnailUrl\":\"https:\/\/modoviajeok.com.ar\/wp-content\/uploads\/2025\/01\/20241212_150326.jpg\",\"keywords\":[\"argentina\",\"cabrito\",\"cordoba\",\"festival\",\"norte\",\"quilino\"],\"articleSection\":[\"Agenda\",\"C\u00f3rdoba\",\"Noticias\"],\"inLanguage\":\"es\",\"potentialAction\":[{\"@type\":\"CommentAction\",\"name\":\"Comment\",\"target\":[\"https:\/\/modoviajeok.com.ar\/index.php\/2025\/01\/23\/se-viene-el-festival-del-cabrito-y-la-artesania-en-quilino\/#respond\"]}]},{\"@type\":\"WebPage\",\"@id\":\"https:\/\/modoviajeok.com.ar\/index.php\/2025\/01\/23\/se-viene-el-festival-del-cabrito-y-la-artesania-en-quilino\/\",\"url\":\"https:\/\/modoviajeok.com.ar\/index.php\/2025\/01\/23\/se-viene-el-festival-del-cabrito-y-la-artesania-en-quilino\/\",\"name\":\"Se viene el Festival del Cabrito y la Artesan\u00eda en Quilino -\",\"isPartOf\":{\"@id\":\"https:\/\/modoviajeok.com.ar\/#website\"},\"primaryImageOfPage\":{\"@id\":\"https:\/\/modoviajeok.com.ar\/index.php\/2025\/01\/23\/se-viene-el-festival-del-cabrito-y-la-artesania-en-quilino\/#primaryimage\"},\"image\":{\"@id\":\"https:\/\/modoviajeok.com.ar\/index.php\/2025\/01\/23\/se-viene-el-festival-del-cabrito-y-la-artesania-en-quilino\/#primaryimage\"},\"thumbnailUrl\":\"https:\/\/modoviajeok.com.ar\/wp-content\/uploads\/2025\/01\/20241212_150326.jpg\",\"datePublished\":\"2025-01-23T17:34:26+00:00\",\"dateModified\":\"2025-01-24T22:10:19+00:00\",\"breadcrumb\":{\"@id\":\"https:\/\/modoviajeok.com.ar\/index.php\/2025\/01\/23\/se-viene-el-festival-del-cabrito-y-la-artesania-en-quilino\/#breadcrumb\"},\"inLanguage\":\"es\",\"potentialAction\":[{\"@type\":\"ReadAction\",\"target\":[\"https:\/\/modoviajeok.com.ar\/index.php\/2025\/01\/23\/se-viene-el-festival-del-cabrito-y-la-artesania-en-quilino\/\"]}]},{\"@type\":\"ImageObject\",\"inLanguage\":\"es\",\"@id\":\"https:\/\/modoviajeok.com.ar\/index.php\/2025\/01\/23\/se-viene-el-festival-del-cabrito-y-la-artesania-en-quilino\/#primaryimage\",\"url\":\"https:\/\/modoviajeok.com.ar\/wp-content\/uploads\/2025\/01\/20241212_150326.jpg\",\"contentUrl\":\"https:\/\/modoviajeok.com.ar\/wp-content\/uploads\/2025\/01\/20241212_150326.jpg\",\"width\":2064,\"height\":1394},{\"@type\":\"BreadcrumbList\",\"@id\":\"https:\/\/modoviajeok.com.ar\/index.php\/2025\/01\/23\/se-viene-el-festival-del-cabrito-y-la-artesania-en-quilino\/#breadcrumb\",\"itemListElement\":[{\"@type\":\"ListItem\",\"position\":1,\"name\":\"Portada\",\"item\":\"https:\/\/modoviajeok.com.ar\/\"},{\"@type\":\"ListItem\",\"position\":2,\"name\":\"Se viene el Festival del Cabrito y la Artesan\u00eda en Quilino\"}]},{\"@type\":\"WebSite\",\"@id\":\"https:\/\/modoviajeok.com.ar\/#website\",\"url\":\"https:\/\/modoviajeok.com.ar\/\",\"name\":\"ModoViajeOK\",\"description\":\"\",\"publisher\":{\"@id\":\"https:\/\/modoviajeok.com.ar\/#organization\"},\"potentialAction\":[{\"@type\":\"SearchAction\",\"target\":{\"@type\":\"EntryPoint\",\"urlTemplate\":\"https:\/\/modoviajeok.com.ar\/?s={search_term_string}\"},\"query-input\":{\"@type\":\"PropertyValueSpecification\",\"valueRequired\":true,\"valueName\":\"search_term_string\"}}],\"inLanguage\":\"es\"},{\"@type\":\"Organization\",\"@id\":\"https:\/\/modoviajeok.com.ar\/#organization\",\"name\":\"ModoViajeOK\",\"url\":\"https:\/\/modoviajeok.com.ar\/\",\"logo\":{\"@type\":\"ImageObject\",\"inLanguage\":\"es\",\"@id\":\"https:\/\/modoviajeok.com.ar\/#\/schema\/logo\/image\/\",\"url\":\"https:\/\/modoviajeok.com.ar\/wp-content\/uploads\/2025\/01\/Logo-modoviajeok.png\",\"contentUrl\":\"https:\/\/modoviajeok.com.ar\/wp-content\/uploads\/2025\/01\/Logo-modoviajeok.png\",\"width\":2938,\"height\":2276,\"caption\":\"ModoViajeOK\"},\"image\":{\"@id\":\"https:\/\/modoviajeok.com.ar\/#\/schema\/logo\/image\/\"},\"sameAs\":[\"https:\/\/www.facebook.com\/mariana.otero1\/\",\"https:\/\/www.instagram.com\/modoviaje.ok\/\"]},{\"@type\":\"Person\",\"@id\":\"https:\/\/modoviajeok.com.ar\/#\/schema\/person\/2e299ed0d3d412a01d244fe28260d7f5\",\"name\":\"Pepe Segura\",\"image\":{\"@type\":\"ImageObject\",\"inLanguage\":\"es\",\"@id\":\"https:\/\/modoviajeok.com.ar\/#\/schema\/person\/image\/\",\"url\":\"https:\/\/secure.gravatar.com\/avatar\/65eb4b34deed761327f5b2c5535b987318ae807900ac46426de7258f5de6d345?s=96&d=mm&r=g\",\"contentUrl\":\"https:\/\/secure.gravatar.com\/avatar\/65eb4b34deed761327f5b2c5535b987318ae807900ac46426de7258f5de6d345?s=96&d=mm&r=g\",\"caption\":\"Pepe Segura\"},\"url\":\"https:\/\/modoviajeok.com.ar\/index.php\/author\/pepe2025\/\"}]}<\/script>\n<!-- \/ Yoast SEO plugin. -->","yoast_head_json":{"title":"Se viene el Festival del Cabrito y la Artesan\u00eda en Quilino -","robots":{"index":"index","follow":"follow","max-snippet":"max-snippet:-1","max-image-preview":"max-image-preview:large","max-video-preview":"max-video-preview:-1"},"canonical":"https:\/\/modoviajeok.com.ar\/index.php\/2025\/01\/23\/se-viene-el-festival-del-cabrito-y-la-artesania-en-quilino\/","og_locale":"es_ES","og_type":"article","og_title":"Se viene el Festival del Cabrito y la Artesan\u00eda en Quilino -","og_description":"Entre el 7 y 9 de febrero, Quilino y Villa Quilino pondr\u00e1n en escena la 52\u00aa Edici\u00f3n del Festival del Cabrito y la Artesan\u00eda. Con el Indio Lucio Rojas y Dale Q\u2019va como n\u00fameros centrales, el cl\u00e1sico festival promete tres noches a pura m\u00fasica y propone una interesante oferta gastron\u00f3mica que tiene al cabrito de [&hellip;]","og_url":"https:\/\/modoviajeok.com.ar\/index.php\/2025\/01\/23\/se-viene-el-festival-del-cabrito-y-la-artesania-en-quilino\/","article_publisher":"https:\/\/www.facebook.com\/mariana.otero1\/","article_published_time":"2025-01-23T17:34:26+00:00","article_modified_time":"2025-01-24T22:10:19+00:00","og_image":[{"width":2064,"height":1394,"url":"https:\/\/modoviajeok.com.ar\/wp-content\/uploads\/2025\/01\/20241212_150326.jpg","type":"image\/jpeg"}],"author":"Pepe Segura","twitter_card":"summary_large_image","twitter_misc":{"Escrito por":"Pepe Segura","Tiempo de lectura":"1 minuto"},"schema":{"@context":"https:\/\/schema.org","@graph":[{"@type":"Article","@id":"https:\/\/modoviajeok.com.ar\/index.php\/2025\/01\/23\/se-viene-el-festival-del-cabrito-y-la-artesania-en-quilino\/#article","isPartOf":{"@id":"https:\/\/modoviajeok.com.ar\/index.php\/2025\/01\/23\/se-viene-el-festival-del-cabrito-y-la-artesania-en-quilino\/"},"author":{"name":"Pepe Segura","@id":"https:\/\/modoviajeok.com.ar\/#\/schema\/person\/2e299ed0d3d412a01d244fe28260d7f5"},"headline":"Se viene el Festival del Cabrito y la Artesan\u00eda en Quilino","datePublished":"2025-01-23T17:34:26+00:00","dateModified":"2025-01-24T22:10:19+00:00","mainEntityOfPage":{"@id":"https:\/\/modoviajeok.com.ar\/index.php\/2025\/01\/23\/se-viene-el-festival-del-cabrito-y-la-artesania-en-quilino\/"},"wordCount":124,"commentCount":0,"publisher":{"@id":"https:\/\/modoviajeok.com.ar\/#organization"},"image":{"@id":"https:\/\/modoviajeok.com.ar\/index.php\/2025\/01\/23\/se-viene-el-festival-del-cabrito-y-la-artesania-en-quilino\/#primaryimage"},"thumbnailUrl":"https:\/\/modoviajeok.com.ar\/wp-content\/uploads\/2025\/01\/20241212_150326.jpg","keywords":["argentina","cabrito","cordoba","festival","norte","quilino"],"articleSection":["Agenda","C\u00f3rdoba","Noticias"],"inLanguage":"es","potentialAction":[{"@type":"CommentAction","name":"Comment","target":["https:\/\/modoviajeok.com.ar\/index.php\/2025\/01\/23\/se-viene-el-festival-del-cabrito-y-la-artesania-en-quilino\/#respond"]}]},{"@type":"WebPage","@id":"https:\/\/modoviajeok.com.ar\/index.php\/2025\/01\/23\/se-viene-el-festival-del-cabrito-y-la-artesania-en-quilino\/","url":"https:\/\/modoviajeok.com.ar\/index.php\/2025\/01\/23\/se-viene-el-festival-del-cabrito-y-la-artesania-en-quilino\/","name":"Se viene el Festival del Cabrito y la Artesan\u00eda en Quilino -","isPartOf":{"@id":"https:\/\/modoviajeok.com.ar\/#website"},"primaryImageOfPage":{"@id":"https:\/\/modoviajeok.com.ar\/index.php\/2025\/01\/23\/se-viene-el-festival-del-cabrito-y-la-artesania-en-quilino\/#primaryimage"},"image":{"@id":"https:\/\/modoviajeok.com.ar\/index.php\/2025\/01\/23\/se-viene-el-festival-del-cabrito-y-la-artesania-en-quilino\/#primaryimage"},"thumbnailUrl":"https:\/\/modoviajeok.com.ar\/wp-content\/uploads\/2025\/01\/20241212_150326.jpg","datePublished":"2025-01-23T17:34:26+00:00","dateModified":"2025-01-24T22:10:19+00:00","breadcrumb":{"@id":"https:\/\/modoviajeok.com.ar\/index.php\/2025\/01\/23\/se-viene-el-festival-del-cabrito-y-la-artesania-en-quilino\/#breadcrumb"},"inLanguage":"es","potentialAction":[{"@type":"ReadAction","target":["https:\/\/modoviajeok.com.ar\/index.php\/2025\/01\/23\/se-viene-el-festival-del-cabrito-y-la-artesania-en-quilino\/"]}]},{"@type":"ImageObject","inLanguage":"es","@id":"https:\/\/modoviajeok.com.ar\/index.php\/2025\/01\/23\/se-viene-el-festival-del-cabrito-y-la-artesania-en-quilino\/#primaryimage","url":"https:\/\/modoviajeok.com.ar\/wp-content\/uploads\/2025\/01\/20241212_150326.jpg","contentUrl":"https:\/\/modoviajeok.com.ar\/wp-content\/uploads\/2025\/01\/20241212_150326.jpg","width":2064,"height":1394},{"@type":"BreadcrumbList","@id":"https:\/\/modoviajeok.com.ar\/index.php\/2025\/01\/23\/se-viene-el-festival-del-cabrito-y-la-artesania-en-quilino\/#breadcrumb","itemListElement":[{"@type":"ListItem","position":1,"name":"Portada","item":"https:\/\/modoviajeok.com.ar\/"},{"@type":"ListItem","position":2,"name":"Se viene el Festival del Cabrito y la Artesan\u00eda en Quilino"}]},{"@type":"WebSite","@id":"https:\/\/modoviajeok.com.ar\/#website","url":"https:\/\/modoviajeok.com.ar\/","name":"ModoViajeOK","description":"","publisher":{"@id":"https:\/\/modoviajeok.com.ar\/#organization"},"potentialAction":[{"@type":"SearchAction","target":{"@type":"EntryPoint","urlTemplate":"https:\/\/modoviajeok.com.ar\/?s={search_term_string}"},"query-input":{"@type":"PropertyValueSpecification","valueRequired":true,"valueName":"search_term_string"}}],"inLanguage":"es"},{"@type":"Organization","@id":"https:\/\/modoviajeok.com.ar\/#organization","name":"ModoViajeOK","url":"https:\/\/modoviajeok.com.ar\/","logo":{"@type":"ImageObject","inLanguage":"es","@id":"https:\/\/modoviajeok.com.ar\/#\/schema\/logo\/image\/","url":"https:\/\/modoviajeok.com.ar\/wp-content\/uploads\/2025\/01\/Logo-modoviajeok.png","contentUrl":"https:\/\/modoviajeok.com.ar\/wp-content\/uploads\/2025\/01\/Logo-modoviajeok.png","width":2938,"height":2276,"caption":"ModoViajeOK"},"image":{"@id":"https:\/\/modoviajeok.com.ar\/#\/schema\/logo\/image\/"},"sameAs":["https:\/\/www.facebook.com\/mariana.otero1\/","https:\/\/www.instagram.com\/modoviaje.ok\/"]},{"@type":"Person","@id":"https:\/\/modoviajeok.com.ar\/#\/schema\/person\/2e299ed0d3d412a01d244fe28260d7f5","name":"Pepe Segura","image":{"@type":"ImageObject","inLanguage":"es","@id":"https:\/\/modoviajeok.com.ar\/#\/schema\/person\/image\/","url":"https:\/\/secure.gravatar.com\/avatar\/65eb4b34deed761327f5b2c5535b987318ae807900ac46426de7258f5de6d345?s=96&d=mm&r=g","contentUrl":"https:\/\/secure.gravatar.com\/avatar\/65eb4b34deed761327f5b2c5535b987318ae807900ac46426de7258f5de6d345?s=96&d=mm&r=g","caption":"Pepe Segura"},"url":"https:\/\/modoviajeok.com.ar\/index.php\/author\/pepe2025\/"}]}},"_links":{"self":[{"href":"https:\/\/modoviajeok.com.ar\/index.php\/wp-json\/wp\/v2\/posts\/790","targetHints":{"allow":["GET"]}}],"collection":[{"href":"https:\/\/modoviajeok.com.ar\/index.php\/wp-json\/wp\/v2\/posts"}],"about":[{"href":"https:\/\/modoviajeok.com.ar\/index.php\/wp-json\/wp\/v2\/types\/post"}],"author":[{"embeddable":true,"href":"https:\/\/modoviajeok.com.ar\/index.php\/wp-json\/wp\/v2\/users\/3"}],"replies":[{"embeddable":true,"href":"https:\/\/modoviajeok.com.ar\/index.php\/wp-json\/wp\/v2\/comments?post=790"}],"version-history":[{"count":2,"href":"https:\/\/modoviajeok.com.ar\/index.php\/wp-json\/wp\/v2\/posts\/790\/revisions"}],"predecessor-version":[{"id":958,"href":"https:\/\/modoviajeok.com.ar\/index.php\/wp-json\/wp\/v2\/posts\/790\/revisions\/958"}],"wp:featuredmedia":[{"embeddable":true,"href":"https:\/\/modoviajeok.com.ar\/index.php\/wp-json\/wp\/v2\/media\/792"}],"wp:attachment":[{"href":"https:\/\/modoviajeok.com.ar\/index.php\/wp-json\/wp\/v2\/media?parent=790"}],"wp:term":[{"taxonomy":"category","embeddable":true,"href":"https:\/\/modoviajeok.com.ar\/index.php\/wp-json\/wp\/v2\/categories?post=790"},{"taxonomy":"post_tag","embeddable":true,"href":"https:\/\/modoviajeok.com.ar\/index.php\/wp-json\/wp\/v2\/tags?post=790"}],"curies":[{"name":"wp","href":"https:\/\/api.w.org\/{rel}","templated":true}]}}