{"id":7901,"date":"2026-03-05T08:07:00","date_gmt":"2026-03-05T11:07:00","guid":{"rendered":"https:\/\/modoviajeok.com.ar\/?p=7901"},"modified":"2026-03-12T11:38:44","modified_gmt":"2026-03-12T14:38:44","slug":"segun-came-en-el-verano-2026-viajaron-307-millones-de-turistas","status":"publish","type":"post","link":"https:\/\/modoviajeok.com.ar\/index.php\/2026\/03\/05\/segun-came-en-el-verano-2026-viajaron-307-millones-de-turistas\/","title":{"rendered":"Seg\u00fan Came, en el verano 2026 viajaron 30,7 millones de turistas"},"content":{"rendered":"\n<figure class=\"wp-block-pullquote\"><blockquote><p>El informe de la Confederaci\u00f3n Argentina de la Mediana Empresa (CAME) indica que el verano 2026 tuvo una din\u00e1mica de menor a mayor y cerr\u00f3 con un balance superior al de 2025: viajaron m\u00e1s turistas, se gener\u00f3 mayor impacto econ\u00f3mico, casi 11 billones de pesos y la agenda de eventos funcion\u00f3 como gran motor de convocatoria en todo el pa\u00eds.<br><\/p><\/blockquote><\/figure>\n\n\n\n<figure class=\"wp-block-image size-full\"><img loading=\"lazy\" decoding=\"async\" width=\"2560\" height=\"1152\" src=\"https:\/\/modoviajeok.com.ar\/wp-content\/uploads\/2026\/03\/20241226_155525-scaled.jpg\" alt=\"\" class=\"wp-image-7903\" srcset=\"https:\/\/modoviajeok.com.ar\/wp-content\/uploads\/2026\/03\/20241226_155525-scaled.jpg 2560w, https:\/\/modoviajeok.com.ar\/wp-content\/uploads\/2026\/03\/20241226_155525-768x346.jpg 768w, https:\/\/modoviajeok.com.ar\/wp-content\/uploads\/2026\/03\/20241226_155525-1536x691.jpg 1536w, https:\/\/modoviajeok.com.ar\/wp-content\/uploads\/2026\/03\/20241226_155525-2048x922.jpg 2048w, https:\/\/modoviajeok.com.ar\/wp-content\/uploads\/2026\/03\/20241226_155525-933x420.jpg 933w, https:\/\/modoviajeok.com.ar\/wp-content\/uploads\/2026\/03\/20241226_155525-150x68.jpg 150w, https:\/\/modoviajeok.com.ar\/wp-content\/uploads\/2026\/03\/20241226_155525-300x135.jpg 300w, https:\/\/modoviajeok.com.ar\/wp-content\/uploads\/2026\/03\/20241226_155525-696x313.jpg 696w, https:\/\/modoviajeok.com.ar\/wp-content\/uploads\/2026\/03\/20241226_155525-1068x481.jpg 1068w, https:\/\/modoviajeok.com.ar\/wp-content\/uploads\/2026\/03\/20241226_155525-1920x864.jpg 1920w\" sizes=\"auto, (max-width: 2560px) 100vw, 2560px\" \/><\/figure>\n\n\n\n<p><\/p>\n\n\n\n<p>&nbsp;<strong>Los n\u00fameros<\/strong><\/p>\n\n\n\n<ul class=\"wp-block-list\">\n<li>&nbsp;La temporada 2026 finaliz\u00f3 con 30,7 millones de turistas recorriendo el pa\u00eds y un impacto econ\u00f3mico cercano a 11 billones de pesos.<\/li>\n\n\n\n<li>&nbsp;La cantidad de personas que viajaron en toda la temporada creci\u00f3 9,5% frente a la temporada 2025, mientras que el gasto total real aument\u00f3 4,5%, impulsado espec\u00edficamente por la mayor cantidad de personas que pernoctaron al menos una noche fuera de su ciudad.&nbsp;<\/li>\n\n\n\n<li>En cambio, el gasto diario por turista alcanz\u00f3 los $97.101, resultando nominalmente mayor al a\u00f1o pasado (+28,2%), pero 3,3% menor cuando se quita el impacto de la inflaci\u00f3n (a precios reales).<\/li>\n\n\n\n<li>&nbsp;A diferencia del verano anterior, la temporada mostr\u00f3 un desempe\u00f1o m\u00e1s equilibrado, con un flujo sostenido de turistas durante enero y febrero, acompa\u00f1ado por pol\u00edticas comerciales m\u00e1s agresivas, promociones y financiamiento en cuotas que ayudaron a dinamizar el consumo.<\/li>\n\n\n\n<li>&nbsp;La estad\u00eda media se ubic\u00f3 en 3,65 noches (vs. 3,7 en 2025), consolidando la tendencia hacia viajes m\u00e1s breves. En comparaci\u00f3n con 2023 (4,15 d\u00edas), la permanencia promedio es 12% menor. Frente a 2022 (4,65 d\u00edas) la reducci\u00f3n alcanza el 21%. Este comportamiento evidencia un cambio estructural en los h\u00e1bitos de viaje: ante un contexto de ingresos m\u00e1s ajustados, el principal mecanismo de adaptaci\u00f3n del turista no es dejar de viajar, sino reducir la duraci\u00f3n de la estad\u00eda, mientras que el gasto diario se mantiene relativamente m\u00e1s firme en relaci\u00f3n con la experiencia elegida.<\/li>\n\n\n\n<li><\/li>\n<\/ul>\n\n\n\n<figure class=\"wp-block-image size-full\"><img loading=\"lazy\" decoding=\"async\" width=\"2560\" height=\"2315\" src=\"https:\/\/modoviajeok.com.ar\/wp-content\/uploads\/2026\/03\/IMG_20211128_093902-1-scaled.jpg\" alt=\"\" class=\"wp-image-7905\" srcset=\"https:\/\/modoviajeok.com.ar\/wp-content\/uploads\/2026\/03\/IMG_20211128_093902-1-scaled.jpg 2560w, https:\/\/modoviajeok.com.ar\/wp-content\/uploads\/2026\/03\/IMG_20211128_093902-1-768x694.jpg 768w, https:\/\/modoviajeok.com.ar\/wp-content\/uploads\/2026\/03\/IMG_20211128_093902-1-1536x1389.jpg 1536w, https:\/\/modoviajeok.com.ar\/wp-content\/uploads\/2026\/03\/IMG_20211128_093902-1-2048x1852.jpg 2048w, https:\/\/modoviajeok.com.ar\/wp-content\/uploads\/2026\/03\/IMG_20211128_093902-1-465x420.jpg 465w, https:\/\/modoviajeok.com.ar\/wp-content\/uploads\/2026\/03\/IMG_20211128_093902-1-150x136.jpg 150w, https:\/\/modoviajeok.com.ar\/wp-content\/uploads\/2026\/03\/IMG_20211128_093902-1-300x271.jpg 300w, https:\/\/modoviajeok.com.ar\/wp-content\/uploads\/2026\/03\/IMG_20211128_093902-1-696x629.jpg 696w, https:\/\/modoviajeok.com.ar\/wp-content\/uploads\/2026\/03\/IMG_20211128_093902-1-1068x966.jpg 1068w, https:\/\/modoviajeok.com.ar\/wp-content\/uploads\/2026\/03\/IMG_20211128_093902-1-1920x1736.jpg 1920w\" sizes=\"auto, (max-width: 2560px) 100vw, 2560px\" \/><\/figure>\n\n\n\n<p><strong>El balance general<\/strong><\/p>\n\n\n\n<p>&#8211; El comportamiento del verano fue muy heterog\u00e9neo pero din\u00e1mico. Los destinos que combinaron naturaleza, eventos y agenda cultural lograron altos niveles de ocupaci\u00f3n, mientras que otras plazas mostraron desempe\u00f1os m\u00e1s moderados y sensibles al clima y al calendario.<\/p>\n\n\n\n<p>&#8211; La temporada se organiz\u00f3 por \u201cpicos\u201d m\u00e1s que por anticipaci\u00f3n: fines de semana, festivales, carnavales y competencias deportivas actuaron como activadores concretos del viaje, acelerando reservas y elevando ocupaci\u00f3n incluso en destinos que hab\u00edan comenzado con registros bajos.<\/p>\n\n\n\n<p>&#8211; Se consolid\u00f3 un nuevo perfil de turista: decidi\u00f3 con poca antelaci\u00f3n, prioriz\u00f3 experiencias espec\u00edficas y ajust\u00f3 la duraci\u00f3n de su estad\u00eda. La permanencia promedio se mantuvo en torno a 3-4 noches en destinos consolidados y fue m\u00e1s corta en plazas de paso o escapadas regionales.<\/p>\n\n\n\n<p>&#8211; El gasto fue selectivo pero significativo: el consumo se concentr\u00f3 en productos y experiencias de alto valor agregado (excursiones, gastronom\u00eda, eventos), mientras que se moderaron consumos accesorios. Donde el producto tur\u00edstico estuvo bien diferenciado, el impacto econ\u00f3mico fue contundente.<\/p>\n\n\n\n<p>&#8211; Eventos + cultura + deporte fueron la f\u00f3rmula m\u00e1s efectiva para sostener el movimiento tur\u00edstico. Las fiestas populares, festivales, torneos y propuestas gastron\u00f3micas funcionaron como motores claros de demanda y permitieron sostener actividad incluso en contextos de mayor prudencia en el gasto.<\/p>\n\n\n\n<p>&#8211; Entre los problemas del sector, este a\u00f1o aparecieron la rentabilidad ajustada, la competencia informal y la dependencia del clima y la agenda, factores que le dieron volatilidad a la temporada y obligaron a una planificaci\u00f3n m\u00e1s flexible por parte de prestadores y destinos.<\/p>\n\n\n\n<figure class=\"wp-block-image size-full\"><img loading=\"lazy\" decoding=\"async\" width=\"2560\" height=\"2257\" src=\"https:\/\/modoviajeok.com.ar\/wp-content\/uploads\/2026\/03\/DSCN0562-scaled.jpg\" alt=\"\" class=\"wp-image-7904\" srcset=\"https:\/\/modoviajeok.com.ar\/wp-content\/uploads\/2026\/03\/DSCN0562-scaled.jpg 2560w, https:\/\/modoviajeok.com.ar\/wp-content\/uploads\/2026\/03\/DSCN0562-768x677.jpg 768w, https:\/\/modoviajeok.com.ar\/wp-content\/uploads\/2026\/03\/DSCN0562-1536x1354.jpg 1536w, https:\/\/modoviajeok.com.ar\/wp-content\/uploads\/2026\/03\/DSCN0562-2048x1806.jpg 2048w, https:\/\/modoviajeok.com.ar\/wp-content\/uploads\/2026\/03\/DSCN0562-476x420.jpg 476w, https:\/\/modoviajeok.com.ar\/wp-content\/uploads\/2026\/03\/DSCN0562-150x132.jpg 150w, https:\/\/modoviajeok.com.ar\/wp-content\/uploads\/2026\/03\/DSCN0562-300x265.jpg 300w, https:\/\/modoviajeok.com.ar\/wp-content\/uploads\/2026\/03\/DSCN0562-696x614.jpg 696w, https:\/\/modoviajeok.com.ar\/wp-content\/uploads\/2026\/03\/DSCN0562-1068x942.jpg 1068w, https:\/\/modoviajeok.com.ar\/wp-content\/uploads\/2026\/03\/DSCN0562-1920x1693.jpg 1920w\" sizes=\"auto, (max-width: 2560px) 100vw, 2560px\" \/><\/figure>\n\n\n\n<p><strong>Los destinos m\u00e1s visitados<\/strong><\/p>\n\n\n\n<p><strong>Provincia de Buenos Aires.<\/strong>&nbsp;La costa atl\u00e1ntica volvi\u00f3 a concentrar el mayor volumen de turismo del pa\u00eds, con Mar del Plata y Pinamar entre los destinos m\u00e1s elegidos, y una temporada que, en l\u00edneas generales, fue de menor a mayor. Tuvo con el Carnaval uno de los picos m\u00e1s altos del verano. El movimiento tur\u00edstico se sostuvo, aunque con un visitante m\u00e1s cauteloso y un consumo contenido, priorizando alternativas m\u00e1s accesibles. Villa Gesell, Caril\u00f3, Necochea, San Bernardo, Mar de las Pampas, Monte Hermoso, mantuvieron buenos niveles de ocupaci\u00f3n, especialmente en fines de semana y fechas clave, como fue el Carnaval. &nbsp;<\/p>\n\n\n\n<p><strong>Ciudad Aut\u00f3noma de Buenos Aires.<\/strong>&nbsp;La capital del pa\u00eds fue uno de los principales polos de turismo urbano, con una oferta amplia que combin\u00f3 cultura, espect\u00e1culos internacionales, gastronom\u00eda, espacios verdes y actividades al aire libre. El movimiento tur\u00edstico se sostuvo a lo largo de enero y febrero, con fuerte presencia de visitantes nacionales y extranjeros, atra\u00eddos por la agenda art\u00edstica, deportiva y recreativa. Entre los atractivos m\u00e1s elegidos se destacaron espacios verdes y propuestas para mitigar el calor, como la Reserva Ecol\u00f3gica Costanera Sur, el Jard\u00edn Bot\u00e1nico Carlos Thays y el Palacio Libertad (ex CCK).<\/p>\n\n\n\n<p><strong>Catamarca.<\/strong>&nbsp;El verano afirm\u00f3 a la provincia como un destino en crecimiento dentro del mapa tur\u00edstico nacional, combinando villas veraniegas, festivales populares y naturaleza de monta\u00f1a. La temporada mostr\u00f3 un buen nivel de movimiento en todo el territorio, con fuerte derrame econ\u00f3mico en comunidades del interior. En enero, la ocupaci\u00f3n hotelera promedio provincial alcanz\u00f3 65%, con 98.733 visitantes, una estad\u00eda media de 3 noches y un gasto diario promedio de $90.495, lo que represent\u00f3 un impacto econ\u00f3mico estimado en $18.510 millones distribuidos en hoteler\u00eda, gastronom\u00eda, transporte, comercio y servicios tur\u00edsticos. Algunos destinos superaron ampliamente el promedio: El Rodeo alcanz\u00f3 100% de ocupaci\u00f3n, Aconquija 99%, Las Juntas 98% y Mutqu\u00edn 95%. Tambi\u00e9n se destacaron Santa Mar\u00eda, sede del Festival del Yokavil (75%), y Andalgal\u00e1, con el Festival Nacional del Fuerte (70%).<\/p>\n\n\n\n<p><strong>C\u00f3rdoba.<\/strong>&nbsp;La provincia atraves\u00f3 una de las temporadas m\u00e1s exitosas de los \u00faltimos a\u00f1os, con m\u00e1s de 5 millones de turistas entre enero y febrero, un crecimiento interanual estimado entre 9% y 10%, y un impacto econ\u00f3mico cercano o superior a 1 bill\u00f3n de pesos acumulados. Solo en enero se contabilizaron alrededor de 3,5 millones de visitantes, consolidando un fuerte ritmo de demanda desde el inicio del verano. La ocupaci\u00f3n promedio provincial en enero rond\u00f3 el 70,3%, aunque los principales destinos registraron picos muy superiores, especialmente en fines de semana y fechas especiales. Villa Carlos Paz alcanz\u00f3 niveles del 80% en semana y entre 90% y 95% los fines de semana, mientras que Villa General Belgrano, Santa Rosa de Calamuchita y Miramar de Ansenuza registraron ocupaciones superiores al 90% en distintos tramos. Durante Carnaval y otros momentos pico se observaron niveles cercanos a la ocupaci\u00f3n plena.<\/p>\n\n\n\n<p><\/p>\n\n\n      <div class=\"wp_bannerize_container wp_bannerize_layout_vertical\">\n\n        <div class=\"wp_bannerize_banner_box wp_bannerize_category_intertexto-1\" data-title=\"Modo viaje\" data-mime_type=\"image-gif\" data-banner_id=\"1783\" id=\"wpbanner-1783\" data-impressions_enabled=\"true\" data-clicks_enabled=\"true\"><a href=\"https:\/\/www.instagram.com\/modoviaje.ok?igsh=Z3c5emxsZWFtdXN3\"><img decoding=\"async\" border=\"0\" src=\"https:\/\/modoviajeok.com.ar\/wp-content\/uploads\/2025\/02\/modoviaje.ok-300-x-250-px.gif\" alt=\"Modo viaje\" title=\"Modo viaje\" \/><\/a><\/div>      <\/div>\n\n\n","protected":false},"excerpt":{"rendered":"<p>El informe de la Confederaci\u00f3n Argentina de la Mediana Empresa (CAME) indica que el verano 2026 tuvo una din\u00e1mica de menor a mayor y cerr\u00f3 con un balance superior al de 2025: viajaron m\u00e1s turistas, se gener\u00f3 mayor impacto econ\u00f3mico, casi 11 billones de pesos y la agenda de eventos funcion\u00f3 como gran motor de [&hellip;]<\/p>\n","protected":false},"author":3,"featured_media":7902,"comment_status":"open","ping_status":"open","sticky":false,"template":"","format":"standard","meta":{"_acf_changed":false,"footnotes":""},"categories":[13,12],"tags":[560,30,716,99,1495],"class_list":{"0":"post-7901","1":"post","2":"type-post","3":"status-publish","4":"format-standard","5":"has-post-thumbnail","7":"category-argentina","8":"category-novedades","9":"tag-came","10":"tag-catamarca","11":"tag-ciudad-de-buenos-aires","12":"tag-cordoba-2","13":"tag-provincia-de-buenos-aires"},"acf":[],"yoast_head":"<!-- This site is optimized with the Yoast SEO plugin v24.8.1 - https:\/\/yoast.com\/wordpress\/plugins\/seo\/ -->\n<title>Seg\u00fan Came, en el verano 2026 viajaron 30,7 millones de turistas -<\/title>\n<meta name=\"robots\" content=\"index, follow, max-snippet:-1, max-image-preview:large, max-video-preview:-1\" \/>\n<link rel=\"canonical\" href=\"https:\/\/modoviajeok.com.ar\/index.php\/2026\/03\/05\/segun-came-en-el-verano-2026-viajaron-307-millones-de-turistas\/\" \/>\n<meta property=\"og:locale\" content=\"es_ES\" \/>\n<meta property=\"og:type\" content=\"article\" \/>\n<meta property=\"og:title\" content=\"Seg\u00fan Came, en el verano 2026 viajaron 30,7 millones de turistas -\" \/>\n<meta property=\"og:description\" content=\"El informe de la Confederaci\u00f3n Argentina de la Mediana Empresa (CAME) indica que el verano 2026 tuvo una din\u00e1mica de menor a mayor y cerr\u00f3 con un balance superior al de 2025: viajaron m\u00e1s turistas, se gener\u00f3 mayor impacto econ\u00f3mico, casi 11 billones de pesos y la agenda de eventos funcion\u00f3 como gran motor de [&hellip;]\" \/>\n<meta property=\"og:url\" content=\"https:\/\/modoviajeok.com.ar\/index.php\/2026\/03\/05\/segun-came-en-el-verano-2026-viajaron-307-millones-de-turistas\/\" \/>\n<meta property=\"article:publisher\" content=\"https:\/\/www.facebook.com\/mariana.otero1\/\" \/>\n<meta property=\"article:published_time\" content=\"2026-03-05T11:07:00+00:00\" \/>\n<meta property=\"article:modified_time\" content=\"2026-03-12T14:38:44+00:00\" \/>\n<meta property=\"og:image\" content=\"https:\/\/modoviajeok.com.ar\/wp-content\/uploads\/2026\/03\/IMG-20250202-WA0022-scaled.jpg\" \/>\n\t<meta property=\"og:image:width\" content=\"2560\" \/>\n\t<meta property=\"og:image:height\" content=\"1440\" \/>\n\t<meta property=\"og:image:type\" content=\"image\/jpeg\" \/>\n<meta name=\"author\" content=\"Pepe Segura\" \/>\n<meta name=\"twitter:card\" content=\"summary_large_image\" \/>\n<meta name=\"twitter:label1\" content=\"Escrito por\" \/>\n\t<meta name=\"twitter:data1\" content=\"Pepe Segura\" \/>\n\t<meta name=\"twitter:label2\" content=\"Tiempo de lectura\" \/>\n\t<meta name=\"twitter:data2\" content=\"6 minutos\" \/>\n<script type=\"application\/ld+json\" class=\"yoast-schema-graph\">{\"@context\":\"https:\/\/schema.org\",\"@graph\":[{\"@type\":\"Article\",\"@id\":\"https:\/\/modoviajeok.com.ar\/index.php\/2026\/03\/05\/segun-came-en-el-verano-2026-viajaron-307-millones-de-turistas\/#article\",\"isPartOf\":{\"@id\":\"https:\/\/modoviajeok.com.ar\/index.php\/2026\/03\/05\/segun-came-en-el-verano-2026-viajaron-307-millones-de-turistas\/\"},\"author\":{\"name\":\"Pepe Segura\",\"@id\":\"https:\/\/modoviajeok.com.ar\/#\/schema\/person\/2e299ed0d3d412a01d244fe28260d7f5\"},\"headline\":\"Seg\u00fan Came, en el verano 2026 viajaron 30,7 millones de turistas\",\"datePublished\":\"2026-03-05T11:07:00+00:00\",\"dateModified\":\"2026-03-12T14:38:44+00:00\",\"mainEntityOfPage\":{\"@id\":\"https:\/\/modoviajeok.com.ar\/index.php\/2026\/03\/05\/segun-came-en-el-verano-2026-viajaron-307-millones-de-turistas\/\"},\"wordCount\":1099,\"commentCount\":0,\"publisher\":{\"@id\":\"https:\/\/modoviajeok.com.ar\/#organization\"},\"image\":{\"@id\":\"https:\/\/modoviajeok.com.ar\/index.php\/2026\/03\/05\/segun-came-en-el-verano-2026-viajaron-307-millones-de-turistas\/#primaryimage\"},\"thumbnailUrl\":\"https:\/\/modoviajeok.com.ar\/wp-content\/uploads\/2026\/03\/IMG-20250202-WA0022-scaled.jpg\",\"keywords\":[\"came\",\"catamarca\",\"ciudad de buenos aires\",\"cordoba\",\"provincia de buenos aires\"],\"articleSection\":[\"Argentina\",\"Novedades\"],\"inLanguage\":\"es\",\"potentialAction\":[{\"@type\":\"CommentAction\",\"name\":\"Comment\",\"target\":[\"https:\/\/modoviajeok.com.ar\/index.php\/2026\/03\/05\/segun-came-en-el-verano-2026-viajaron-307-millones-de-turistas\/#respond\"]}]},{\"@type\":\"WebPage\",\"@id\":\"https:\/\/modoviajeok.com.ar\/index.php\/2026\/03\/05\/segun-came-en-el-verano-2026-viajaron-307-millones-de-turistas\/\",\"url\":\"https:\/\/modoviajeok.com.ar\/index.php\/2026\/03\/05\/segun-came-en-el-verano-2026-viajaron-307-millones-de-turistas\/\",\"name\":\"Seg\u00fan Came, en el verano 2026 viajaron 30,7 millones de turistas -\",\"isPartOf\":{\"@id\":\"https:\/\/modoviajeok.com.ar\/#website\"},\"primaryImageOfPage\":{\"@id\":\"https:\/\/modoviajeok.com.ar\/index.php\/2026\/03\/05\/segun-came-en-el-verano-2026-viajaron-307-millones-de-turistas\/#primaryimage\"},\"image\":{\"@id\":\"https:\/\/modoviajeok.com.ar\/index.php\/2026\/03\/05\/segun-came-en-el-verano-2026-viajaron-307-millones-de-turistas\/#primaryimage\"},\"thumbnailUrl\":\"https:\/\/modoviajeok.com.ar\/wp-content\/uploads\/2026\/03\/IMG-20250202-WA0022-scaled.jpg\",\"datePublished\":\"2026-03-05T11:07:00+00:00\",\"dateModified\":\"2026-03-12T14:38:44+00:00\",\"breadcrumb\":{\"@id\":\"https:\/\/modoviajeok.com.ar\/index.php\/2026\/03\/05\/segun-came-en-el-verano-2026-viajaron-307-millones-de-turistas\/#breadcrumb\"},\"inLanguage\":\"es\",\"potentialAction\":[{\"@type\":\"ReadAction\",\"target\":[\"https:\/\/modoviajeok.com.ar\/index.php\/2026\/03\/05\/segun-came-en-el-verano-2026-viajaron-307-millones-de-turistas\/\"]}]},{\"@type\":\"ImageObject\",\"inLanguage\":\"es\",\"@id\":\"https:\/\/modoviajeok.com.ar\/index.php\/2026\/03\/05\/segun-came-en-el-verano-2026-viajaron-307-millones-de-turistas\/#primaryimage\",\"url\":\"https:\/\/modoviajeok.com.ar\/wp-content\/uploads\/2026\/03\/IMG-20250202-WA0022-scaled.jpg\",\"contentUrl\":\"https:\/\/modoviajeok.com.ar\/wp-content\/uploads\/2026\/03\/IMG-20250202-WA0022-scaled.jpg\",\"width\":2560,\"height\":1440},{\"@type\":\"BreadcrumbList\",\"@id\":\"https:\/\/modoviajeok.com.ar\/index.php\/2026\/03\/05\/segun-came-en-el-verano-2026-viajaron-307-millones-de-turistas\/#breadcrumb\",\"itemListElement\":[{\"@type\":\"ListItem\",\"position\":1,\"name\":\"Portada\",\"item\":\"https:\/\/modoviajeok.com.ar\/\"},{\"@type\":\"ListItem\",\"position\":2,\"name\":\"Seg\u00fan Came, en el verano 2026 viajaron 30,7 millones de turistas\"}]},{\"@type\":\"WebSite\",\"@id\":\"https:\/\/modoviajeok.com.ar\/#website\",\"url\":\"https:\/\/modoviajeok.com.ar\/\",\"name\":\"ModoViajeOK\",\"description\":\"\",\"publisher\":{\"@id\":\"https:\/\/modoviajeok.com.ar\/#organization\"},\"potentialAction\":[{\"@type\":\"SearchAction\",\"target\":{\"@type\":\"EntryPoint\",\"urlTemplate\":\"https:\/\/modoviajeok.com.ar\/?s={search_term_string}\"},\"query-input\":{\"@type\":\"PropertyValueSpecification\",\"valueRequired\":true,\"valueName\":\"search_term_string\"}}],\"inLanguage\":\"es\"},{\"@type\":\"Organization\",\"@id\":\"https:\/\/modoviajeok.com.ar\/#organization\",\"name\":\"ModoViajeOK\",\"url\":\"https:\/\/modoviajeok.com.ar\/\",\"logo\":{\"@type\":\"ImageObject\",\"inLanguage\":\"es\",\"@id\":\"https:\/\/modoviajeok.com.ar\/#\/schema\/logo\/image\/\",\"url\":\"https:\/\/modoviajeok.com.ar\/wp-content\/uploads\/2025\/01\/Logo-modoviajeok.png\",\"contentUrl\":\"https:\/\/modoviajeok.com.ar\/wp-content\/uploads\/2025\/01\/Logo-modoviajeok.png\",\"width\":2938,\"height\":2276,\"caption\":\"ModoViajeOK\"},\"image\":{\"@id\":\"https:\/\/modoviajeok.com.ar\/#\/schema\/logo\/image\/\"},\"sameAs\":[\"https:\/\/www.facebook.com\/mariana.otero1\/\",\"https:\/\/www.instagram.com\/modoviaje.ok\/\"]},{\"@type\":\"Person\",\"@id\":\"https:\/\/modoviajeok.com.ar\/#\/schema\/person\/2e299ed0d3d412a01d244fe28260d7f5\",\"name\":\"Pepe Segura\",\"image\":{\"@type\":\"ImageObject\",\"inLanguage\":\"es\",\"@id\":\"https:\/\/modoviajeok.com.ar\/#\/schema\/person\/image\/\",\"url\":\"https:\/\/secure.gravatar.com\/avatar\/65eb4b34deed761327f5b2c5535b987318ae807900ac46426de7258f5de6d345?s=96&d=mm&r=g\",\"contentUrl\":\"https:\/\/secure.gravatar.com\/avatar\/65eb4b34deed761327f5b2c5535b987318ae807900ac46426de7258f5de6d345?s=96&d=mm&r=g\",\"caption\":\"Pepe Segura\"},\"url\":\"https:\/\/modoviajeok.com.ar\/index.php\/author\/pepe2025\/\"}]}<\/script>\n<!-- \/ Yoast SEO plugin. -->","yoast_head_json":{"title":"Seg\u00fan Came, en el verano 2026 viajaron 30,7 millones de turistas -","robots":{"index":"index","follow":"follow","max-snippet":"max-snippet:-1","max-image-preview":"max-image-preview:large","max-video-preview":"max-video-preview:-1"},"canonical":"https:\/\/modoviajeok.com.ar\/index.php\/2026\/03\/05\/segun-came-en-el-verano-2026-viajaron-307-millones-de-turistas\/","og_locale":"es_ES","og_type":"article","og_title":"Seg\u00fan Came, en el verano 2026 viajaron 30,7 millones de turistas -","og_description":"El informe de la Confederaci\u00f3n Argentina de la Mediana Empresa (CAME) indica que el verano 2026 tuvo una din\u00e1mica de menor a mayor y cerr\u00f3 con un balance superior al de 2025: viajaron m\u00e1s turistas, se gener\u00f3 mayor impacto econ\u00f3mico, casi 11 billones de pesos y la agenda de eventos funcion\u00f3 como gran motor de [&hellip;]","og_url":"https:\/\/modoviajeok.com.ar\/index.php\/2026\/03\/05\/segun-came-en-el-verano-2026-viajaron-307-millones-de-turistas\/","article_publisher":"https:\/\/www.facebook.com\/mariana.otero1\/","article_published_time":"2026-03-05T11:07:00+00:00","article_modified_time":"2026-03-12T14:38:44+00:00","og_image":[{"width":2560,"height":1440,"url":"https:\/\/modoviajeok.com.ar\/wp-content\/uploads\/2026\/03\/IMG-20250202-WA0022-scaled.jpg","type":"image\/jpeg"}],"author":"Pepe Segura","twitter_card":"summary_large_image","twitter_misc":{"Escrito por":"Pepe Segura","Tiempo de lectura":"6 minutos"},"schema":{"@context":"https:\/\/schema.org","@graph":[{"@type":"Article","@id":"https:\/\/modoviajeok.com.ar\/index.php\/2026\/03\/05\/segun-came-en-el-verano-2026-viajaron-307-millones-de-turistas\/#article","isPartOf":{"@id":"https:\/\/modoviajeok.com.ar\/index.php\/2026\/03\/05\/segun-came-en-el-verano-2026-viajaron-307-millones-de-turistas\/"},"author":{"name":"Pepe Segura","@id":"https:\/\/modoviajeok.com.ar\/#\/schema\/person\/2e299ed0d3d412a01d244fe28260d7f5"},"headline":"Seg\u00fan Came, en el verano 2026 viajaron 30,7 millones de turistas","datePublished":"2026-03-05T11:07:00+00:00","dateModified":"2026-03-12T14:38:44+00:00","mainEntityOfPage":{"@id":"https:\/\/modoviajeok.com.ar\/index.php\/2026\/03\/05\/segun-came-en-el-verano-2026-viajaron-307-millones-de-turistas\/"},"wordCount":1099,"commentCount":0,"publisher":{"@id":"https:\/\/modoviajeok.com.ar\/#organization"},"image":{"@id":"https:\/\/modoviajeok.com.ar\/index.php\/2026\/03\/05\/segun-came-en-el-verano-2026-viajaron-307-millones-de-turistas\/#primaryimage"},"thumbnailUrl":"https:\/\/modoviajeok.com.ar\/wp-content\/uploads\/2026\/03\/IMG-20250202-WA0022-scaled.jpg","keywords":["came","catamarca","ciudad de buenos aires","cordoba","provincia de buenos aires"],"articleSection":["Argentina","Novedades"],"inLanguage":"es","potentialAction":[{"@type":"CommentAction","name":"Comment","target":["https:\/\/modoviajeok.com.ar\/index.php\/2026\/03\/05\/segun-came-en-el-verano-2026-viajaron-307-millones-de-turistas\/#respond"]}]},{"@type":"WebPage","@id":"https:\/\/modoviajeok.com.ar\/index.php\/2026\/03\/05\/segun-came-en-el-verano-2026-viajaron-307-millones-de-turistas\/","url":"https:\/\/modoviajeok.com.ar\/index.php\/2026\/03\/05\/segun-came-en-el-verano-2026-viajaron-307-millones-de-turistas\/","name":"Seg\u00fan Came, en el verano 2026 viajaron 30,7 millones de turistas -","isPartOf":{"@id":"https:\/\/modoviajeok.com.ar\/#website"},"primaryImageOfPage":{"@id":"https:\/\/modoviajeok.com.ar\/index.php\/2026\/03\/05\/segun-came-en-el-verano-2026-viajaron-307-millones-de-turistas\/#primaryimage"},"image":{"@id":"https:\/\/modoviajeok.com.ar\/index.php\/2026\/03\/05\/segun-came-en-el-verano-2026-viajaron-307-millones-de-turistas\/#primaryimage"},"thumbnailUrl":"https:\/\/modoviajeok.com.ar\/wp-content\/uploads\/2026\/03\/IMG-20250202-WA0022-scaled.jpg","datePublished":"2026-03-05T11:07:00+00:00","dateModified":"2026-03-12T14:38:44+00:00","breadcrumb":{"@id":"https:\/\/modoviajeok.com.ar\/index.php\/2026\/03\/05\/segun-came-en-el-verano-2026-viajaron-307-millones-de-turistas\/#breadcrumb"},"inLanguage":"es","potentialAction":[{"@type":"ReadAction","target":["https:\/\/modoviajeok.com.ar\/index.php\/2026\/03\/05\/segun-came-en-el-verano-2026-viajaron-307-millones-de-turistas\/"]}]},{"@type":"ImageObject","inLanguage":"es","@id":"https:\/\/modoviajeok.com.ar\/index.php\/2026\/03\/05\/segun-came-en-el-verano-2026-viajaron-307-millones-de-turistas\/#primaryimage","url":"https:\/\/modoviajeok.com.ar\/wp-content\/uploads\/2026\/03\/IMG-20250202-WA0022-scaled.jpg","contentUrl":"https:\/\/modoviajeok.com.ar\/wp-content\/uploads\/2026\/03\/IMG-20250202-WA0022-scaled.jpg","width":2560,"height":1440},{"@type":"BreadcrumbList","@id":"https:\/\/modoviajeok.com.ar\/index.php\/2026\/03\/05\/segun-came-en-el-verano-2026-viajaron-307-millones-de-turistas\/#breadcrumb","itemListElement":[{"@type":"ListItem","position":1,"name":"Portada","item":"https:\/\/modoviajeok.com.ar\/"},{"@type":"ListItem","position":2,"name":"Seg\u00fan Came, en el verano 2026 viajaron 30,7 millones de turistas"}]},{"@type":"WebSite","@id":"https:\/\/modoviajeok.com.ar\/#website","url":"https:\/\/modoviajeok.com.ar\/","name":"ModoViajeOK","description":"","publisher":{"@id":"https:\/\/modoviajeok.com.ar\/#organization"},"potentialAction":[{"@type":"SearchAction","target":{"@type":"EntryPoint","urlTemplate":"https:\/\/modoviajeok.com.ar\/?s={search_term_string}"},"query-input":{"@type":"PropertyValueSpecification","valueRequired":true,"valueName":"search_term_string"}}],"inLanguage":"es"},{"@type":"Organization","@id":"https:\/\/modoviajeok.com.ar\/#organization","name":"ModoViajeOK","url":"https:\/\/modoviajeok.com.ar\/","logo":{"@type":"ImageObject","inLanguage":"es","@id":"https:\/\/modoviajeok.com.ar\/#\/schema\/logo\/image\/","url":"https:\/\/modoviajeok.com.ar\/wp-content\/uploads\/2025\/01\/Logo-modoviajeok.png","contentUrl":"https:\/\/modoviajeok.com.ar\/wp-content\/uploads\/2025\/01\/Logo-modoviajeok.png","width":2938,"height":2276,"caption":"ModoViajeOK"},"image":{"@id":"https:\/\/modoviajeok.com.ar\/#\/schema\/logo\/image\/"},"sameAs":["https:\/\/www.facebook.com\/mariana.otero1\/","https:\/\/www.instagram.com\/modoviaje.ok\/"]},{"@type":"Person","@id":"https:\/\/modoviajeok.com.ar\/#\/schema\/person\/2e299ed0d3d412a01d244fe28260d7f5","name":"Pepe Segura","image":{"@type":"ImageObject","inLanguage":"es","@id":"https:\/\/modoviajeok.com.ar\/#\/schema\/person\/image\/","url":"https:\/\/secure.gravatar.com\/avatar\/65eb4b34deed761327f5b2c5535b987318ae807900ac46426de7258f5de6d345?s=96&d=mm&r=g","contentUrl":"https:\/\/secure.gravatar.com\/avatar\/65eb4b34deed761327f5b2c5535b987318ae807900ac46426de7258f5de6d345?s=96&d=mm&r=g","caption":"Pepe Segura"},"url":"https:\/\/modoviajeok.com.ar\/index.php\/author\/pepe2025\/"}]}},"_links":{"self":[{"href":"https:\/\/modoviajeok.com.ar\/index.php\/wp-json\/wp\/v2\/posts\/7901","targetHints":{"allow":["GET"]}}],"collection":[{"href":"https:\/\/modoviajeok.com.ar\/index.php\/wp-json\/wp\/v2\/posts"}],"about":[{"href":"https:\/\/modoviajeok.com.ar\/index.php\/wp-json\/wp\/v2\/types\/post"}],"author":[{"embeddable":true,"href":"https:\/\/modoviajeok.com.ar\/index.php\/wp-json\/wp\/v2\/users\/3"}],"replies":[{"embeddable":true,"href":"https:\/\/modoviajeok.com.ar\/index.php\/wp-json\/wp\/v2\/comments?post=7901"}],"version-history":[{"count":2,"href":"https:\/\/modoviajeok.com.ar\/index.php\/wp-json\/wp\/v2\/posts\/7901\/revisions"}],"predecessor-version":[{"id":7907,"href":"https:\/\/modoviajeok.com.ar\/index.php\/wp-json\/wp\/v2\/posts\/7901\/revisions\/7907"}],"wp:featuredmedia":[{"embeddable":true,"href":"https:\/\/modoviajeok.com.ar\/index.php\/wp-json\/wp\/v2\/media\/7902"}],"wp:attachment":[{"href":"https:\/\/modoviajeok.com.ar\/index.php\/wp-json\/wp\/v2\/media?parent=7901"}],"wp:term":[{"taxonomy":"category","embeddable":true,"href":"https:\/\/modoviajeok.com.ar\/index.php\/wp-json\/wp\/v2\/categories?post=7901"},{"taxonomy":"post_tag","embeddable":true,"href":"https:\/\/modoviajeok.com.ar\/index.php\/wp-json\/wp\/v2\/tags?post=7901"}],"curies":[{"name":"wp","href":"https:\/\/api.w.org\/{rel}","templated":true}]}}