{"id":7914,"date":"2026-03-05T17:52:09","date_gmt":"2026-03-05T20:52:09","guid":{"rendered":"https:\/\/modoviajeok.com.ar\/?p=7914"},"modified":"2026-04-26T23:48:57","modified_gmt":"2026-04-27T02:48:57","slug":"turismo-cultural-40-te-invitamos-a-totoral-a-inspirarte-para-tu-proximo-libro","status":"publish","type":"post","link":"https:\/\/modoviajeok.com.ar\/index.php\/2026\/03\/05\/turismo-cultural-40-te-invitamos-a-totoral-a-inspirarte-para-tu-proximo-libro\/","title":{"rendered":"Turismo cultural +40: te invitamos a Totoral a inspirarte para tu pr\u00f3ximo libro"},"content":{"rendered":"\n<h2 class=\"wp-block-heading\">\u00bfTen\u00e9s una historia que pide ser contada? Sumate a C\u00edrculos de Viajes y Escritura, una experiencia de inmersi\u00f3n total para quienes desean transformar sus ideas, recuerdos o proyectos en palabras. En la estancia La Loma, el 18 y 19 de abril. Coordinan: Mariana Otero y Luciana Bedini.<\/h2>\n\n\n\n<figure class=\"wp-block-image size-full\"><img loading=\"lazy\" decoding=\"async\" width=\"2301\" height=\"1818\" src=\"https:\/\/modoviajeok.com.ar\/wp-content\/uploads\/2026\/03\/20250114_113441-1.jpg\" alt=\"\" class=\"wp-image-7927\" srcset=\"https:\/\/modoviajeok.com.ar\/wp-content\/uploads\/2026\/03\/20250114_113441-1.jpg 2301w, https:\/\/modoviajeok.com.ar\/wp-content\/uploads\/2026\/03\/20250114_113441-1-768x607.jpg 768w, https:\/\/modoviajeok.com.ar\/wp-content\/uploads\/2026\/03\/20250114_113441-1-1536x1214.jpg 1536w, https:\/\/modoviajeok.com.ar\/wp-content\/uploads\/2026\/03\/20250114_113441-1-2048x1618.jpg 2048w, https:\/\/modoviajeok.com.ar\/wp-content\/uploads\/2026\/03\/20250114_113441-1-532x420.jpg 532w, https:\/\/modoviajeok.com.ar\/wp-content\/uploads\/2026\/03\/20250114_113441-1-150x119.jpg 150w, https:\/\/modoviajeok.com.ar\/wp-content\/uploads\/2026\/03\/20250114_113441-1-300x237.jpg 300w, https:\/\/modoviajeok.com.ar\/wp-content\/uploads\/2026\/03\/20250114_113441-1-696x550.jpg 696w, https:\/\/modoviajeok.com.ar\/wp-content\/uploads\/2026\/03\/20250114_113441-1-1068x844.jpg 1068w, https:\/\/modoviajeok.com.ar\/wp-content\/uploads\/2026\/03\/20250114_113441-1-1920x1517.jpg 1920w\" sizes=\"auto, (max-width: 2301px) 100vw, 2301px\" \/><figcaption class=\"wp-element-caption\">La escultura en homenaje a Pablo Neruda, Rafael Alberti y Octavio Pinto en Villa del Totoral.<\/figcaption><\/figure>\n\n\n\n<p>C\u00edrculos de viajes y escritura es una experiencia transformadora. Hacemos viajes (cortos y de mediana duraci\u00f3n) en donde se estimula la escritura, con momentos de esparcimiento y resignificaci\u00f3n de ciudades y pueblos a partir de nuevas miradas e interacciones con personas locales. Nuestra primera salida ser\u00e1 a Villa del Totoral, el 18 y 19 de abril. Nosotros nos encargamos de todo (el traslado no est\u00e1 incluido), gestionamos el alojamiento, las comidas, los paseos y las mentor\u00edas para la escritura.\u00a0<\/p>\n\n\n\n<p>Cualquier persona interesada en desarrollar una historia, un libro o simplemente que desee escribir sus historias puede participar, no hace falta que tenga experiencia previa. Se abraza la diversidad de pensamientos, fomentando espacios grupales de intercambio e individuales de inspiraci\u00f3n. Se valora la Cultura local (destino de cada viaje), y las personas que asisten se van con una sensaci\u00f3n de expansi\u00f3n inigualable. Los Paisajes, la Cultura, el Turismo y la Escritura se abrazan en este proyecto.&nbsp;<\/p>\n\n\n\n<p>En nuestro primer destinos nos escapamos a la preciosa Totoral, en el norte cordob\u00e9s, un refugio de poetas y pensadores para habitar la hist\u00f3rica estancia La Loma. Entre galer\u00edas preciosas y \u00e1rboles centenarios, vamos a silenciar el ruido externo para escuchar nuestra propia voz.<\/p>\n\n\n\n<figure class=\"wp-block-image size-full\"><img loading=\"lazy\" decoding=\"async\" width=\"2560\" height=\"1928\" src=\"https:\/\/modoviajeok.com.ar\/wp-content\/uploads\/2026\/03\/IMG_20240417_081213-scaled.jpg\" alt=\"\" class=\"wp-image-7922\" srcset=\"https:\/\/modoviajeok.com.ar\/wp-content\/uploads\/2026\/03\/IMG_20240417_081213-scaled.jpg 2560w, https:\/\/modoviajeok.com.ar\/wp-content\/uploads\/2026\/03\/IMG_20240417_081213-768x578.jpg 768w, https:\/\/modoviajeok.com.ar\/wp-content\/uploads\/2026\/03\/IMG_20240417_081213-1536x1157.jpg 1536w, https:\/\/modoviajeok.com.ar\/wp-content\/uploads\/2026\/03\/IMG_20240417_081213-2048x1542.jpg 2048w, https:\/\/modoviajeok.com.ar\/wp-content\/uploads\/2026\/03\/IMG_20240417_081213-558x420.jpg 558w, https:\/\/modoviajeok.com.ar\/wp-content\/uploads\/2026\/03\/IMG_20240417_081213-80x60.jpg 80w, https:\/\/modoviajeok.com.ar\/wp-content\/uploads\/2026\/03\/IMG_20240417_081213-150x113.jpg 150w, https:\/\/modoviajeok.com.ar\/wp-content\/uploads\/2026\/03\/IMG_20240417_081213-300x226.jpg 300w, https:\/\/modoviajeok.com.ar\/wp-content\/uploads\/2026\/03\/IMG_20240417_081213-696x524.jpg 696w, https:\/\/modoviajeok.com.ar\/wp-content\/uploads\/2026\/03\/IMG_20240417_081213-1068x804.jpg 1068w, https:\/\/modoviajeok.com.ar\/wp-content\/uploads\/2026\/03\/IMG_20240417_081213-1920x1446.jpg 1920w\" sizes=\"auto, (max-width: 2560px) 100vw, 2560px\" \/><figcaption class=\"wp-element-caption\">La hist\u00f3rica estancia La Loma, una referencia ineludible en el norte cordob\u00e9s. <\/figcaption><\/figure>\n\n\n\n<p><strong>Qu\u00e9 te espera<\/strong><\/p>\n\n\n\n<p><strong>Mentor\u00eda experta<\/strong>: asesoramiento profesional para planificar tu libro o avanzar en tu narrativa actual.<\/p>\n\n\n\n<p><strong>Exploraci\u00f3n creativa:<\/strong> actividades para desbloquear la hoja en blanco en entornos inspiradores.<\/p>\n\n\n\n<p><strong>Construcci\u00f3n colectiva:<\/strong> rondas de lectura y devoluciones respetuosas en un grupo con tus mismos intereses.<\/p>\n\n\n\n<p><strong>Turismo de autor:<\/strong> recorridos por sitios con m\u00edstica literaria y caminatas con historiadores.<\/p>\n\n\n\n<p><strong>\u00bf<\/strong><strong>C\u00f3mo nace C\u00edrculos de viajes y escrituras?&nbsp;<\/strong><\/p>\n\n\n\n<p>En el contexto actual del turismo cultural y de experiencias, se observa un creciente inter\u00e9s por propuestas que trasciendan el modelo tradicional de consumo de destinos y promuevan vivencias significativas, transformadoras y con impacto personal. Ya no basta con recorrer destinos tur\u00edsticos como pueblos y ciudades. <strong><em>Las personas buscan situaciones de intercambios con otros, que los enriquezcan.<\/em><\/strong><\/p>\n\n\n\n<p>En este marco, <strong><em>C\u00edrculos de viajes y escrituras <\/em><\/strong>propone articular viajes, escritura y encuentros, como una experiencia integral destinada a personas de +40 a\u00f1os que desean un espacio de inmersi\u00f3n creativa, autoconocimiento y construcci\u00f3n colectiva. <strong><em>Esto implica poner en palabras sus deseos de escribir y recibir asesoramiento de c\u00f3mo hacerlo, hacer actividades que permitan desbloquear y planificar pasos concretos para avanzar en las escrituras, leer fragmentos de textos, en compa\u00f1\u00eda de una mentora profesional y de un grupo de personas que puedan sugerir respetuosamente. <\/em><\/strong>Es decir, se propone generar varias instancias de abordaje de los futuras historias de modo integral, en un clima de distensi\u00f3n y entusiasmo.&nbsp;<\/p>\n\n\n\n<p><strong>\u00bfA qui\u00e9nes est\u00e1 dirigido? <em>Circulos de viajes y escrituras, <\/em><\/strong>es una invitaci\u00f3n a todos aquellos que deseen comenzar a escribir, o que tengan escritos y los quieran compartir en espacios de inspiraci\u00f3n para dar los primeros pasos en sociabilizarlos. <strong><em>Personas de diversos pa\u00edses de habla hispana que est\u00e9n de viaje en C\u00f3rdoba o personas de la provincia de C\u00f3rdoba o de cualquier parte del pa\u00eds que quieran conocer otros destinos de una manera diferente. (viajes nacionales e internacionales)&nbsp;<\/em><\/strong><\/p>\n\n\n\n<p><strong><em>Lo que brindamos es una experiencia que combina lo tur\u00edstico, lo cultural y la escritura. <\/em><\/strong><\/p>\n\n\n\n<p><strong>\u00bfPor qu\u00e9 +40?&nbsp;<\/strong><\/p>\n\n\n\n<p>Esta etapa de la vida suele estar atravesada por procesos de redefinici\u00f3n personal, cambios laborales, familiares o existenciales, as\u00ed como por una b\u00fasqueda de sentido que prioriza el disfrute consciente del tiempo, el desarrollo cultural y la conexi\u00f3n con otros. Frente a este panorama, <strong><em>el viaje deja de ser \u00fanicamente desplazamiento para convertirse en una oportunidad de pausa, registro y reflexi\u00f3n. <\/em><\/strong>Permite hacer el corte de observaci\u00f3n, mientras se conocen otras personas que pueden estar pasando por lo mismo, donde las experiencias de unos y de otros se complementan. <strong><em>Escribir, conversar, disfrutar de nuevos lugares, puede ser un punto decisivo de una nueva forma de mirar la vida.&nbsp;<\/em><\/strong><\/p>\n\n\n\n<p><strong>La escritura, en este contexto, funciona como:&nbsp;<\/strong><\/p>\n\n\n\n<p>Herramienta de expresi\u00f3n personal (espacio de lectura y mentor\u00eda). Dispositivo de memoria y registro de las situaciones vividas. Pr\u00e1ctica creativa accesible e inclusiva (no hay juicio en relaci\u00f3n al estilo de los escritos).&nbsp;<\/p>\n\n\n\n<p>Puente entre la experiencia individual y la construcci\u00f3n colectiva de relatos, donde lo que aporta un compa\u00f1ero puede ser integrador para tomar decisiones sobre mi propia forma de contar.<\/p>\n\n\n\n<p><strong>El proyecto propone generar un espacio de <\/strong><strong><em>turismo cultural participativo<\/em><\/strong><strong>, donde los destinos no sean solo escenarios a recorrer, sino territorios sensibles que se habitan a trav\u00e9s de:&nbsp;<\/strong><\/p>\n\n\n\n<p>+ La observaci\u00f3n o contemplaci\u00f3n como herramienta del proceso creativo de escribir.&nbsp;<\/p>\n\n\n\n<p>+ La escucha activa, para detectar qu\u00e9 se quiere contar realmente y c\u00f3mo lograrlo.&nbsp;<\/p>\n\n\n\n<p>+ El paisaje como un elemento inspirador que puede sumarle matices a la propia escritura.&nbsp;<\/p>\n\n\n\n<p>+ De este modo, cada experiencia de viaje se transforma en un proceso de creaci\u00f3n y cada participante en narrador\/a de su propia traves\u00eda.&nbsp;<\/p>\n\n\n\n<p><strong>C\u00edrculos de viajes y escrituras genera condiciones ideales para:&nbsp;<\/strong><\/p>\n\n\n\n<p>La circulaci\u00f3n de relatos y miradas diversas.&nbsp;<\/p>\n\n\n\n<p>El intercambio de experiencias entre pares.&nbsp;<\/p>\n\n\n\n<p>La creaci\u00f3n de comunidades temporales de producci\u00f3n cultural.<\/p>\n\n\n\n<p><strong>Asimismo, promueve el v\u00ednculo con:&nbsp;<\/strong><\/p>\n\n\n\n<p>La identidad de los territorios visitados y sus tradiciones. Su patrimonio material e inmaterial, sus escenas literarias y art\u00edsticas.&nbsp;<\/p>\n\n\n\n<p><strong>Uno de los ejes centrales del proyecto es la generaci\u00f3n de un tiempo y un espacio de encuentro:&nbsp;<\/strong><\/p>\n\n\n\n<p>Donde compartir la propia voz con otros que transitan b\u00fasquedas similares y donde el grupo funciona como:&nbsp;<\/p>\n\n\n\n<p>Sost\u00e9n.&nbsp;<\/p>\n\n\n\n<p>Espacio de escucha.&nbsp;<\/p>\n\n\n\n<p>Territorio de intercambio.&nbsp;<\/p>\n\n\n\n<p>Comunidad creativa.&nbsp;<\/p>\n\n\n\n<p><strong>Aporte al turismo de experiencias:&nbsp;<\/strong><\/p>\n\n\n\n<p><em>C\u00edrculos de viajes y escrituras <\/em>se inscribe dentro de las nuevas tendencias del turismo que priorizan:&nbsp;<\/p>\n\n\n\n<p>El bienestar y la construcci\u00f3n de redes seguras.&nbsp;<\/p>\n\n\n\n<p>El desarrollo personal y creativo que sirva como contrapropuesta a las redes sociales y al tiempo en pantallas.&nbsp;<\/p>\n\n\n\n<p>El contacto con la cultura local donde se plantean caminatas, visitas a museos, conversaciones y charlas con agentes locales que se desarrollen en el \u00e1rea de turismo o cultura y que puedan aportar informaci\u00f3n nutritiva para los viajeros\/escritores.&nbsp;<\/p>\n\n\n\n<p>A diferencia del turismo de masas, el turismo cultural busca una conexi\u00f3n intelectual y emocional con el entorno, las historias vivas y las personas. La propuesta se inscribe tambi\u00e9n dentro de lo que se conoce como \u201cturismo creativo\u201d, donde el visitante participa activamente.<\/p>\n\n\n\n<p><strong>Qui\u00e9nes somos:&nbsp;<\/strong><\/p>\n\n\n\n<p>Luciana Bedini, mentora de escritores y directora de Potencia Editora y Mariana Otero, periodista especializada en turismo y co-directora de Modo Viaje.&nbsp;<\/p>\n\n\n\n<p><strong>Ambas somos personas curiosas y viajeras, gestoras y hacedoras desde hace m\u00e1s de dos d\u00e9cadas de propuestas y eventos tur\u00edsticos y culturales. Decidimos hacer este proyecto porque lo que m\u00e1s nos gusta a ambas es la combinaci\u00f3n de los viajes y la escritura y si tan bien nos hace, seguro esa pasi\u00f3n ser\u00e1 recibida e inspirar\u00e1 a cientos de personas.&nbsp;<\/strong><\/p>\n\n\n\n<p>Organizamos C\u00edrculos de viajes y escrituras de manera integral; esto incluye la contrataci\u00f3n de alojamiento y comidas, el desarrollo de las actividades y el acompa\u00f1amiento permanente al grupo.&nbsp;<\/p>\n\n\n\n<p>Estas son las v\u00edas de comunicaci\u00f3n:&nbsp;<\/p>\n\n\n\n<p>IG: potenciaeditora \/ whasapp: 54 9 3512168524&nbsp;<\/p>\n\n\n\n<p>www.potenciaeditora.com&nbsp;<\/p>\n\n\n\n<p>IG: modoviaje.ok \/ whasapp: 54 9 3512437170&nbsp;<\/p>\n\n\n\n<p>www.modoviaje.com.ar<\/p>\n\n\n\n<figure class=\"wp-block-image size-full\"><img loading=\"lazy\" decoding=\"async\" width=\"76\" height=\"59\" src=\"https:\/\/modoviajeok.com.ar\/wp-content\/uploads\/2026\/03\/image-1.png\" alt=\"\" class=\"wp-image-7916\"\/><\/figure>\n\n\n\n<figure class=\"wp-block-image size-full\"><img loading=\"lazy\" decoding=\"async\" width=\"46\" height=\"66\" src=\"https:\/\/modoviajeok.com.ar\/wp-content\/uploads\/2026\/03\/image.png\" alt=\"\" class=\"wp-image-7915\"\/><\/figure>\n","protected":false},"excerpt":{"rendered":"<p>\u00bfTen\u00e9s una historia que pide ser contada? Sumate a C\u00edrculos de Viajes y Escritura, una experiencia de inmersi\u00f3n total para quienes desean transformar sus ideas, recuerdos o proyectos en palabras. En la estancia La Loma, el 18 y 19 de abril. Coordinan: Mariana Otero y Luciana Bedini. C\u00edrculos de viajes y escritura es una experiencia [&hellip;]<\/p>\n","protected":false},"author":2,"featured_media":7925,"comment_status":"open","ping_status":"open","sticky":false,"template":"","format":"standard","meta":{"_acf_changed":false,"footnotes":""},"categories":[11,12],"tags":[1621,1619,955],"class_list":{"0":"post-7914","1":"post","2":"type-post","3":"status-publish","4":"format-standard","5":"has-post-thumbnail","7":"category-cordoba","8":"category-novedades","9":"tag-circulos-de-viajes-y-escritura","10":"tag-la-loma","11":"tag-villa-del-totoral"},"acf":[],"yoast_head":"<!-- This site is optimized with the Yoast SEO plugin v24.8.1 - https:\/\/yoast.com\/wordpress\/plugins\/seo\/ -->\n<title>Turismo cultural +40: te invitamos a Totoral a inspirarte para tu pr\u00f3ximo libro -<\/title>\n<meta name=\"description\" content=\"C\u00edrculos de Viajes y escritura: una propuesta de turismo cultural que combina experiencias en sitios de inter\u00e9s y mentor\u00edas para la escritura.\" \/>\n<meta name=\"robots\" content=\"index, follow, max-snippet:-1, max-image-preview:large, max-video-preview:-1\" \/>\n<link rel=\"canonical\" href=\"https:\/\/modoviajeok.com.ar\/index.php\/2026\/03\/05\/turismo-cultural-40-te-invitamos-a-totoral-a-inspirarte-para-tu-proximo-libro\/\" \/>\n<meta property=\"og:locale\" content=\"es_ES\" \/>\n<meta property=\"og:type\" content=\"article\" \/>\n<meta property=\"og:title\" content=\"Turismo cultural +40: te invitamos a Totoral a inspirarte para tu pr\u00f3ximo libro -\" \/>\n<meta property=\"og:description\" content=\"C\u00edrculos de Viajes y escritura: una propuesta de turismo cultural que combina experiencias en sitios de inter\u00e9s y mentor\u00edas para la escritura.\" \/>\n<meta property=\"og:url\" content=\"https:\/\/modoviajeok.com.ar\/index.php\/2026\/03\/05\/turismo-cultural-40-te-invitamos-a-totoral-a-inspirarte-para-tu-proximo-libro\/\" \/>\n<meta property=\"article:publisher\" content=\"https:\/\/www.facebook.com\/mariana.otero1\/\" \/>\n<meta property=\"article:published_time\" content=\"2026-03-05T20:52:09+00:00\" \/>\n<meta property=\"article:modified_time\" content=\"2026-04-27T02:48:57+00:00\" \/>\n<meta property=\"og:image\" content=\"https:\/\/modoviajeok.com.ar\/wp-content\/uploads\/2026\/03\/IMG_20240417_074711-1-scaled.jpg\" \/>\n\t<meta property=\"og:image:width\" content=\"2560\" \/>\n\t<meta property=\"og:image:height\" content=\"1928\" \/>\n\t<meta property=\"og:image:type\" content=\"image\/jpeg\" \/>\n<meta name=\"author\" content=\"Mariana Otero\" \/>\n<meta name=\"twitter:card\" content=\"summary_large_image\" \/>\n<meta name=\"twitter:label1\" content=\"Escrito por\" \/>\n\t<meta name=\"twitter:data1\" content=\"Mariana Otero\" \/>\n\t<meta name=\"twitter:label2\" content=\"Tiempo de lectura\" \/>\n\t<meta name=\"twitter:data2\" content=\"7 minutos\" \/>\n<script type=\"application\/ld+json\" class=\"yoast-schema-graph\">{\"@context\":\"https:\/\/schema.org\",\"@graph\":[{\"@type\":\"Article\",\"@id\":\"https:\/\/modoviajeok.com.ar\/index.php\/2026\/03\/05\/turismo-cultural-40-te-invitamos-a-totoral-a-inspirarte-para-tu-proximo-libro\/#article\",\"isPartOf\":{\"@id\":\"https:\/\/modoviajeok.com.ar\/index.php\/2026\/03\/05\/turismo-cultural-40-te-invitamos-a-totoral-a-inspirarte-para-tu-proximo-libro\/\"},\"author\":{\"name\":\"Mariana Otero\",\"@id\":\"https:\/\/modoviajeok.com.ar\/#\/schema\/person\/1187013488537969db5b1320484d24f4\"},\"headline\":\"Turismo cultural +40: te invitamos a Totoral a inspirarte para tu pr\u00f3ximo libro\",\"datePublished\":\"2026-03-05T20:52:09+00:00\",\"dateModified\":\"2026-04-27T02:48:57+00:00\",\"mainEntityOfPage\":{\"@id\":\"https:\/\/modoviajeok.com.ar\/index.php\/2026\/03\/05\/turismo-cultural-40-te-invitamos-a-totoral-a-inspirarte-para-tu-proximo-libro\/\"},\"wordCount\":1350,\"commentCount\":0,\"publisher\":{\"@id\":\"https:\/\/modoviajeok.com.ar\/#organization\"},\"image\":{\"@id\":\"https:\/\/modoviajeok.com.ar\/index.php\/2026\/03\/05\/turismo-cultural-40-te-invitamos-a-totoral-a-inspirarte-para-tu-proximo-libro\/#primaryimage\"},\"thumbnailUrl\":\"https:\/\/modoviajeok.com.ar\/wp-content\/uploads\/2026\/03\/IMG_20240417_074711-1-scaled.jpg\",\"keywords\":[\"circulos de viajes y escritura\",\"la loma\",\"villa del totoral\"],\"articleSection\":[\"C\u00f3rdoba\",\"Novedades\"],\"inLanguage\":\"es\",\"potentialAction\":[{\"@type\":\"CommentAction\",\"name\":\"Comment\",\"target\":[\"https:\/\/modoviajeok.com.ar\/index.php\/2026\/03\/05\/turismo-cultural-40-te-invitamos-a-totoral-a-inspirarte-para-tu-proximo-libro\/#respond\"]}]},{\"@type\":\"WebPage\",\"@id\":\"https:\/\/modoviajeok.com.ar\/index.php\/2026\/03\/05\/turismo-cultural-40-te-invitamos-a-totoral-a-inspirarte-para-tu-proximo-libro\/\",\"url\":\"https:\/\/modoviajeok.com.ar\/index.php\/2026\/03\/05\/turismo-cultural-40-te-invitamos-a-totoral-a-inspirarte-para-tu-proximo-libro\/\",\"name\":\"Turismo cultural +40: te invitamos a Totoral a inspirarte para tu pr\u00f3ximo libro -\",\"isPartOf\":{\"@id\":\"https:\/\/modoviajeok.com.ar\/#website\"},\"primaryImageOfPage\":{\"@id\":\"https:\/\/modoviajeok.com.ar\/index.php\/2026\/03\/05\/turismo-cultural-40-te-invitamos-a-totoral-a-inspirarte-para-tu-proximo-libro\/#primaryimage\"},\"image\":{\"@id\":\"https:\/\/modoviajeok.com.ar\/index.php\/2026\/03\/05\/turismo-cultural-40-te-invitamos-a-totoral-a-inspirarte-para-tu-proximo-libro\/#primaryimage\"},\"thumbnailUrl\":\"https:\/\/modoviajeok.com.ar\/wp-content\/uploads\/2026\/03\/IMG_20240417_074711-1-scaled.jpg\",\"datePublished\":\"2026-03-05T20:52:09+00:00\",\"dateModified\":\"2026-04-27T02:48:57+00:00\",\"description\":\"C\u00edrculos de Viajes y escritura: una propuesta de turismo cultural que combina experiencias en sitios de inter\u00e9s y mentor\u00edas para la escritura.\",\"breadcrumb\":{\"@id\":\"https:\/\/modoviajeok.com.ar\/index.php\/2026\/03\/05\/turismo-cultural-40-te-invitamos-a-totoral-a-inspirarte-para-tu-proximo-libro\/#breadcrumb\"},\"inLanguage\":\"es\",\"potentialAction\":[{\"@type\":\"ReadAction\",\"target\":[\"https:\/\/modoviajeok.com.ar\/index.php\/2026\/03\/05\/turismo-cultural-40-te-invitamos-a-totoral-a-inspirarte-para-tu-proximo-libro\/\"]}]},{\"@type\":\"ImageObject\",\"inLanguage\":\"es\",\"@id\":\"https:\/\/modoviajeok.com.ar\/index.php\/2026\/03\/05\/turismo-cultural-40-te-invitamos-a-totoral-a-inspirarte-para-tu-proximo-libro\/#primaryimage\",\"url\":\"https:\/\/modoviajeok.com.ar\/wp-content\/uploads\/2026\/03\/IMG_20240417_074711-1-scaled.jpg\",\"contentUrl\":\"https:\/\/modoviajeok.com.ar\/wp-content\/uploads\/2026\/03\/IMG_20240417_074711-1-scaled.jpg\",\"width\":2560,\"height\":1928},{\"@type\":\"BreadcrumbList\",\"@id\":\"https:\/\/modoviajeok.com.ar\/index.php\/2026\/03\/05\/turismo-cultural-40-te-invitamos-a-totoral-a-inspirarte-para-tu-proximo-libro\/#breadcrumb\",\"itemListElement\":[{\"@type\":\"ListItem\",\"position\":1,\"name\":\"Portada\",\"item\":\"https:\/\/modoviajeok.com.ar\/\"},{\"@type\":\"ListItem\",\"position\":2,\"name\":\"Turismo cultural +40: te invitamos a Totoral a inspirarte para tu pr\u00f3ximo libro\"}]},{\"@type\":\"WebSite\",\"@id\":\"https:\/\/modoviajeok.com.ar\/#website\",\"url\":\"https:\/\/modoviajeok.com.ar\/\",\"name\":\"ModoViajeOK\",\"description\":\"\",\"publisher\":{\"@id\":\"https:\/\/modoviajeok.com.ar\/#organization\"},\"potentialAction\":[{\"@type\":\"SearchAction\",\"target\":{\"@type\":\"EntryPoint\",\"urlTemplate\":\"https:\/\/modoviajeok.com.ar\/?s={search_term_string}\"},\"query-input\":{\"@type\":\"PropertyValueSpecification\",\"valueRequired\":true,\"valueName\":\"search_term_string\"}}],\"inLanguage\":\"es\"},{\"@type\":\"Organization\",\"@id\":\"https:\/\/modoviajeok.com.ar\/#organization\",\"name\":\"ModoViajeOK\",\"url\":\"https:\/\/modoviajeok.com.ar\/\",\"logo\":{\"@type\":\"ImageObject\",\"inLanguage\":\"es\",\"@id\":\"https:\/\/modoviajeok.com.ar\/#\/schema\/logo\/image\/\",\"url\":\"https:\/\/modoviajeok.com.ar\/wp-content\/uploads\/2025\/01\/Logo-modoviajeok.png\",\"contentUrl\":\"https:\/\/modoviajeok.com.ar\/wp-content\/uploads\/2025\/01\/Logo-modoviajeok.png\",\"width\":2938,\"height\":2276,\"caption\":\"ModoViajeOK\"},\"image\":{\"@id\":\"https:\/\/modoviajeok.com.ar\/#\/schema\/logo\/image\/\"},\"sameAs\":[\"https:\/\/www.facebook.com\/mariana.otero1\/\",\"https:\/\/www.instagram.com\/modoviaje.ok\/\"]},{\"@type\":\"Person\",\"@id\":\"https:\/\/modoviajeok.com.ar\/#\/schema\/person\/1187013488537969db5b1320484d24f4\",\"name\":\"Mariana Otero\",\"image\":{\"@type\":\"ImageObject\",\"inLanguage\":\"es\",\"@id\":\"https:\/\/modoviajeok.com.ar\/#\/schema\/person\/image\/\",\"url\":\"https:\/\/secure.gravatar.com\/avatar\/8a91a502a9336849a3500b9090c431bc1418f1d1263d893afeddba065f5add82?s=96&d=mm&r=g\",\"contentUrl\":\"https:\/\/secure.gravatar.com\/avatar\/8a91a502a9336849a3500b9090c431bc1418f1d1263d893afeddba065f5add82?s=96&d=mm&r=g\",\"caption\":\"Mariana Otero\"},\"url\":\"https:\/\/modoviajeok.com.ar\/index.php\/author\/mariana2025\/\"}]}<\/script>\n<!-- \/ Yoast SEO plugin. -->","yoast_head_json":{"title":"Turismo cultural +40: te invitamos a Totoral a inspirarte para tu pr\u00f3ximo libro -","description":"C\u00edrculos de Viajes y escritura: una propuesta de turismo cultural que combina experiencias en sitios de inter\u00e9s y mentor\u00edas para la escritura.","robots":{"index":"index","follow":"follow","max-snippet":"max-snippet:-1","max-image-preview":"max-image-preview:large","max-video-preview":"max-video-preview:-1"},"canonical":"https:\/\/modoviajeok.com.ar\/index.php\/2026\/03\/05\/turismo-cultural-40-te-invitamos-a-totoral-a-inspirarte-para-tu-proximo-libro\/","og_locale":"es_ES","og_type":"article","og_title":"Turismo cultural +40: te invitamos a Totoral a inspirarte para tu pr\u00f3ximo libro -","og_description":"C\u00edrculos de Viajes y escritura: una propuesta de turismo cultural que combina experiencias en sitios de inter\u00e9s y mentor\u00edas para la escritura.","og_url":"https:\/\/modoviajeok.com.ar\/index.php\/2026\/03\/05\/turismo-cultural-40-te-invitamos-a-totoral-a-inspirarte-para-tu-proximo-libro\/","article_publisher":"https:\/\/www.facebook.com\/mariana.otero1\/","article_published_time":"2026-03-05T20:52:09+00:00","article_modified_time":"2026-04-27T02:48:57+00:00","og_image":[{"width":2560,"height":1928,"url":"https:\/\/modoviajeok.com.ar\/wp-content\/uploads\/2026\/03\/IMG_20240417_074711-1-scaled.jpg","type":"image\/jpeg"}],"author":"Mariana Otero","twitter_card":"summary_large_image","twitter_misc":{"Escrito por":"Mariana Otero","Tiempo de lectura":"7 minutos"},"schema":{"@context":"https:\/\/schema.org","@graph":[{"@type":"Article","@id":"https:\/\/modoviajeok.com.ar\/index.php\/2026\/03\/05\/turismo-cultural-40-te-invitamos-a-totoral-a-inspirarte-para-tu-proximo-libro\/#article","isPartOf":{"@id":"https:\/\/modoviajeok.com.ar\/index.php\/2026\/03\/05\/turismo-cultural-40-te-invitamos-a-totoral-a-inspirarte-para-tu-proximo-libro\/"},"author":{"name":"Mariana Otero","@id":"https:\/\/modoviajeok.com.ar\/#\/schema\/person\/1187013488537969db5b1320484d24f4"},"headline":"Turismo cultural +40: te invitamos a Totoral a inspirarte para tu pr\u00f3ximo libro","datePublished":"2026-03-05T20:52:09+00:00","dateModified":"2026-04-27T02:48:57+00:00","mainEntityOfPage":{"@id":"https:\/\/modoviajeok.com.ar\/index.php\/2026\/03\/05\/turismo-cultural-40-te-invitamos-a-totoral-a-inspirarte-para-tu-proximo-libro\/"},"wordCount":1350,"commentCount":0,"publisher":{"@id":"https:\/\/modoviajeok.com.ar\/#organization"},"image":{"@id":"https:\/\/modoviajeok.com.ar\/index.php\/2026\/03\/05\/turismo-cultural-40-te-invitamos-a-totoral-a-inspirarte-para-tu-proximo-libro\/#primaryimage"},"thumbnailUrl":"https:\/\/modoviajeok.com.ar\/wp-content\/uploads\/2026\/03\/IMG_20240417_074711-1-scaled.jpg","keywords":["circulos de viajes y escritura","la loma","villa del totoral"],"articleSection":["C\u00f3rdoba","Novedades"],"inLanguage":"es","potentialAction":[{"@type":"CommentAction","name":"Comment","target":["https:\/\/modoviajeok.com.ar\/index.php\/2026\/03\/05\/turismo-cultural-40-te-invitamos-a-totoral-a-inspirarte-para-tu-proximo-libro\/#respond"]}]},{"@type":"WebPage","@id":"https:\/\/modoviajeok.com.ar\/index.php\/2026\/03\/05\/turismo-cultural-40-te-invitamos-a-totoral-a-inspirarte-para-tu-proximo-libro\/","url":"https:\/\/modoviajeok.com.ar\/index.php\/2026\/03\/05\/turismo-cultural-40-te-invitamos-a-totoral-a-inspirarte-para-tu-proximo-libro\/","name":"Turismo cultural +40: te invitamos a Totoral a inspirarte para tu pr\u00f3ximo libro -","isPartOf":{"@id":"https:\/\/modoviajeok.com.ar\/#website"},"primaryImageOfPage":{"@id":"https:\/\/modoviajeok.com.ar\/index.php\/2026\/03\/05\/turismo-cultural-40-te-invitamos-a-totoral-a-inspirarte-para-tu-proximo-libro\/#primaryimage"},"image":{"@id":"https:\/\/modoviajeok.com.ar\/index.php\/2026\/03\/05\/turismo-cultural-40-te-invitamos-a-totoral-a-inspirarte-para-tu-proximo-libro\/#primaryimage"},"thumbnailUrl":"https:\/\/modoviajeok.com.ar\/wp-content\/uploads\/2026\/03\/IMG_20240417_074711-1-scaled.jpg","datePublished":"2026-03-05T20:52:09+00:00","dateModified":"2026-04-27T02:48:57+00:00","description":"C\u00edrculos de Viajes y escritura: una propuesta de turismo cultural que combina experiencias en sitios de inter\u00e9s y mentor\u00edas para la escritura.","breadcrumb":{"@id":"https:\/\/modoviajeok.com.ar\/index.php\/2026\/03\/05\/turismo-cultural-40-te-invitamos-a-totoral-a-inspirarte-para-tu-proximo-libro\/#breadcrumb"},"inLanguage":"es","potentialAction":[{"@type":"ReadAction","target":["https:\/\/modoviajeok.com.ar\/index.php\/2026\/03\/05\/turismo-cultural-40-te-invitamos-a-totoral-a-inspirarte-para-tu-proximo-libro\/"]}]},{"@type":"ImageObject","inLanguage":"es","@id":"https:\/\/modoviajeok.com.ar\/index.php\/2026\/03\/05\/turismo-cultural-40-te-invitamos-a-totoral-a-inspirarte-para-tu-proximo-libro\/#primaryimage","url":"https:\/\/modoviajeok.com.ar\/wp-content\/uploads\/2026\/03\/IMG_20240417_074711-1-scaled.jpg","contentUrl":"https:\/\/modoviajeok.com.ar\/wp-content\/uploads\/2026\/03\/IMG_20240417_074711-1-scaled.jpg","width":2560,"height":1928},{"@type":"BreadcrumbList","@id":"https:\/\/modoviajeok.com.ar\/index.php\/2026\/03\/05\/turismo-cultural-40-te-invitamos-a-totoral-a-inspirarte-para-tu-proximo-libro\/#breadcrumb","itemListElement":[{"@type":"ListItem","position":1,"name":"Portada","item":"https:\/\/modoviajeok.com.ar\/"},{"@type":"ListItem","position":2,"name":"Turismo cultural +40: te invitamos a Totoral a inspirarte para tu pr\u00f3ximo libro"}]},{"@type":"WebSite","@id":"https:\/\/modoviajeok.com.ar\/#website","url":"https:\/\/modoviajeok.com.ar\/","name":"ModoViajeOK","description":"","publisher":{"@id":"https:\/\/modoviajeok.com.ar\/#organization"},"potentialAction":[{"@type":"SearchAction","target":{"@type":"EntryPoint","urlTemplate":"https:\/\/modoviajeok.com.ar\/?s={search_term_string}"},"query-input":{"@type":"PropertyValueSpecification","valueRequired":true,"valueName":"search_term_string"}}],"inLanguage":"es"},{"@type":"Organization","@id":"https:\/\/modoviajeok.com.ar\/#organization","name":"ModoViajeOK","url":"https:\/\/modoviajeok.com.ar\/","logo":{"@type":"ImageObject","inLanguage":"es","@id":"https:\/\/modoviajeok.com.ar\/#\/schema\/logo\/image\/","url":"https:\/\/modoviajeok.com.ar\/wp-content\/uploads\/2025\/01\/Logo-modoviajeok.png","contentUrl":"https:\/\/modoviajeok.com.ar\/wp-content\/uploads\/2025\/01\/Logo-modoviajeok.png","width":2938,"height":2276,"caption":"ModoViajeOK"},"image":{"@id":"https:\/\/modoviajeok.com.ar\/#\/schema\/logo\/image\/"},"sameAs":["https:\/\/www.facebook.com\/mariana.otero1\/","https:\/\/www.instagram.com\/modoviaje.ok\/"]},{"@type":"Person","@id":"https:\/\/modoviajeok.com.ar\/#\/schema\/person\/1187013488537969db5b1320484d24f4","name":"Mariana Otero","image":{"@type":"ImageObject","inLanguage":"es","@id":"https:\/\/modoviajeok.com.ar\/#\/schema\/person\/image\/","url":"https:\/\/secure.gravatar.com\/avatar\/8a91a502a9336849a3500b9090c431bc1418f1d1263d893afeddba065f5add82?s=96&d=mm&r=g","contentUrl":"https:\/\/secure.gravatar.com\/avatar\/8a91a502a9336849a3500b9090c431bc1418f1d1263d893afeddba065f5add82?s=96&d=mm&r=g","caption":"Mariana Otero"},"url":"https:\/\/modoviajeok.com.ar\/index.php\/author\/mariana2025\/"}]}},"_links":{"self":[{"href":"https:\/\/modoviajeok.com.ar\/index.php\/wp-json\/wp\/v2\/posts\/7914","targetHints":{"allow":["GET"]}}],"collection":[{"href":"https:\/\/modoviajeok.com.ar\/index.php\/wp-json\/wp\/v2\/posts"}],"about":[{"href":"https:\/\/modoviajeok.com.ar\/index.php\/wp-json\/wp\/v2\/types\/post"}],"author":[{"embeddable":true,"href":"https:\/\/modoviajeok.com.ar\/index.php\/wp-json\/wp\/v2\/users\/2"}],"replies":[{"embeddable":true,"href":"https:\/\/modoviajeok.com.ar\/index.php\/wp-json\/wp\/v2\/comments?post=7914"}],"version-history":[{"count":5,"href":"https:\/\/modoviajeok.com.ar\/index.php\/wp-json\/wp\/v2\/posts\/7914\/revisions"}],"predecessor-version":[{"id":7932,"href":"https:\/\/modoviajeok.com.ar\/index.php\/wp-json\/wp\/v2\/posts\/7914\/revisions\/7932"}],"wp:featuredmedia":[{"embeddable":true,"href":"https:\/\/modoviajeok.com.ar\/index.php\/wp-json\/wp\/v2\/media\/7925"}],"wp:attachment":[{"href":"https:\/\/modoviajeok.com.ar\/index.php\/wp-json\/wp\/v2\/media?parent=7914"}],"wp:term":[{"taxonomy":"category","embeddable":true,"href":"https:\/\/modoviajeok.com.ar\/index.php\/wp-json\/wp\/v2\/categories?post=7914"},{"taxonomy":"post_tag","embeddable":true,"href":"https:\/\/modoviajeok.com.ar\/index.php\/wp-json\/wp\/v2\/tags?post=7914"}],"curies":[{"name":"wp","href":"https:\/\/api.w.org\/{rel}","templated":true}]}}