{"id":7980,"date":"2026-03-06T20:41:22","date_gmt":"2026-03-06T23:41:22","guid":{"rendered":"https:\/\/modoviajeok.com.ar\/?p=7980"},"modified":"2026-03-18T20:48:24","modified_gmt":"2026-03-18T23:48:24","slug":"caroya-celebra-la-vendimia-con-una-agenda-que-combina-tradicion-vino-y-cultura","status":"publish","type":"post","link":"https:\/\/modoviajeok.com.ar\/index.php\/2026\/03\/06\/caroya-celebra-la-vendimia-con-una-agenda-que-combina-tradicion-vino-y-cultura\/","title":{"rendered":"Caroya celebra la Vendimia con una agenda que combina tradici\u00f3n, vino y cultura"},"content":{"rendered":"\n<figure class=\"wp-block-pullquote\"><blockquote><p>La ciudad de Colonia Caroya est\u00e1 viviendo una nueva edici\u00f3n de sus tradicionales celebraciones vendimiales, con una agenda de actividades que invitan a disfrutar del vino, la gastronom\u00eda y la identidad cultural del norte cordob\u00e9s.<br><\/p><\/blockquote><\/figure>\n\n\n\n<figure class=\"wp-block-image size-full\"><img loading=\"lazy\" decoding=\"async\" width=\"710\" height=\"480\" src=\"https:\/\/modoviajeok.com.ar\/wp-content\/uploads\/2026\/03\/WhatsApp-Image-2025-03-10-at-07.44.30-710x480-1.jpeg\" alt=\"\" class=\"wp-image-7981\" srcset=\"https:\/\/modoviajeok.com.ar\/wp-content\/uploads\/2026\/03\/WhatsApp-Image-2025-03-10-at-07.44.30-710x480-1.jpeg 710w, https:\/\/modoviajeok.com.ar\/wp-content\/uploads\/2026\/03\/WhatsApp-Image-2025-03-10-at-07.44.30-710x480-1-621x420.jpeg 621w, https:\/\/modoviajeok.com.ar\/wp-content\/uploads\/2026\/03\/WhatsApp-Image-2025-03-10-at-07.44.30-710x480-1-150x101.jpeg 150w, https:\/\/modoviajeok.com.ar\/wp-content\/uploads\/2026\/03\/WhatsApp-Image-2025-03-10-at-07.44.30-710x480-1-300x203.jpeg 300w, https:\/\/modoviajeok.com.ar\/wp-content\/uploads\/2026\/03\/WhatsApp-Image-2025-03-10-at-07.44.30-710x480-1-696x471.jpeg 696w\" sizes=\"auto, (max-width: 710px) 100vw, 710px\" \/><\/figure>\n\n\n\n<p>Bajo el lema&nbsp;<strong>\u201cVendimia: ra\u00edces que honran, vinos que proyectan futuro\u201d<\/strong>, las propuestas celebran una tradici\u00f3n profundamente ligada a la historia productiva y cultural de la regi\u00f3n, donde la cosecha de la uva y la elaboraci\u00f3n del vino forman parte de la identidad local.<\/p>\n\n\n\n<p>A prop\u00f3sito de estas celebraciones, el titular de la Agencia C\u00f3rdoba Turismo, Dar\u00edo Capitani se\u00f1al\u00f3: \u201c<strong>La Vendimia de Colonia Caroya es una expresi\u00f3n genuina de nuestra identidad. Estas fiestas ponen en valor la cultura del trabajo, la producci\u00f3n vitivin\u00edcola y el enorme potencial tur\u00edstico de cada rinc\u00f3n de C\u00f3rdoba<\/strong>\u201d.<\/p>\n\n\n\n<p>Las actividades comenzaron semanas atr\u00e1s con la&nbsp;<strong>Pre-Vendimia<\/strong>&nbsp;y continuar\u00e1n durante los pr\u00f3ximos d\u00edas con propuestas que incluyen experiencias en bodegas, eventos deportivos, gastronom\u00eda regional y grandes festivales populares.<\/p>\n\n\n\n<p>La subsecretaria de Cultura y Turismo de la ciudad, Mar\u00eda Jos\u00e9 Bergagna, detall\u00f3 que la agenda incluye la Noche de las Bodegas, la marat\u00f3n Bodegas &amp; Run, la tradicional Vendimia en Di Candi, el Desfile Vendimial y la 55\u00b0 Fiesta Provincial de la Vendimia, que tendr\u00e1 lugar en la Plaza Nicol\u00e1s Avellaneda con entrada libre y gratuita.<\/p>\n\n\n\n<p>El cierre llegar\u00e1 el domingo 15, coincidiendo con el 148\u00b0 aniversario de Colonia Caroya, con la realizaci\u00f3n de la 47\u00b0 Sagra Nacional de la Uva, organizada por el Centro Friulano, una jornada que reunir\u00e1 m\u00fasica, danzas, gastronom\u00eda y tradiciones ligadas a la cultura de los inmigrantes friulanos.<\/p>\n\n\n\n<p>De esta manera, Colonia Caroya renueva su invitaci\u00f3n a cordobeses y visitantes para disfrutar de una de las celebraciones m\u00e1s representativas del calendario cultural y tur\u00edstico de la provincia.<\/p>\n\n\n\n<figure class=\"wp-block-image size-full\"><img loading=\"lazy\" decoding=\"async\" width=\"1536\" height=\"1024\" src=\"https:\/\/modoviajeok.com.ar\/wp-content\/uploads\/2026\/03\/WhatsApp-Image-2026-03-05-at-20.32.43-1536x1024-1.jpeg\" alt=\"\" class=\"wp-image-7985\" srcset=\"https:\/\/modoviajeok.com.ar\/wp-content\/uploads\/2026\/03\/WhatsApp-Image-2026-03-05-at-20.32.43-1536x1024-1.jpeg 1536w, https:\/\/modoviajeok.com.ar\/wp-content\/uploads\/2026\/03\/WhatsApp-Image-2026-03-05-at-20.32.43-1536x1024-1-768x512.jpeg 768w, https:\/\/modoviajeok.com.ar\/wp-content\/uploads\/2026\/03\/WhatsApp-Image-2026-03-05-at-20.32.43-1536x1024-1-630x420.jpeg 630w, https:\/\/modoviajeok.com.ar\/wp-content\/uploads\/2026\/03\/WhatsApp-Image-2026-03-05-at-20.32.43-1536x1024-1-150x100.jpeg 150w, https:\/\/modoviajeok.com.ar\/wp-content\/uploads\/2026\/03\/WhatsApp-Image-2026-03-05-at-20.32.43-1536x1024-1-300x200.jpeg 300w, https:\/\/modoviajeok.com.ar\/wp-content\/uploads\/2026\/03\/WhatsApp-Image-2026-03-05-at-20.32.43-1536x1024-1-696x464.jpeg 696w, https:\/\/modoviajeok.com.ar\/wp-content\/uploads\/2026\/03\/WhatsApp-Image-2026-03-05-at-20.32.43-1536x1024-1-1068x712.jpeg 1068w\" sizes=\"auto, (max-width: 1536px) 100vw, 1536px\" \/><\/figure>\n\n\n\n<p><strong>Agenda<\/strong><\/p>\n\n\n\n<p><strong>S\u00e1bado 7<\/strong><br>19:30 \u2013\u00a0<strong>Bodegas &amp; Run<\/strong><br>Marat\u00f3n entre vi\u00f1edos con largada y llegada en La Caroyense y recorrido por Quinta Viarava y Bodega Gavianna.<br>Inscripciones: <a href=\"http:\/\/www.clubrunners.com.ar\">http:\/\/www.clubrunners.com.ar<\/a><\/p>\n\n\n\n<p><strong>Domingo 8<\/strong><br>12:30 \u2013&nbsp;<strong>Vendimia en Di Candi<\/strong><br>Experiencia de cosecha y pisada de la uva, gastronom\u00eda, caravana vendimial, presentaci\u00f3n de postulantes a Reina y humor con Popo Giaveno.<br>Entrada general: $15.000.<\/p>\n\n\n\n<p><strong>Viernes 13<\/strong><br>19:00 \u2013&nbsp;<strong>Verm\u00fa Vendimial<\/strong><br>Promociones en verm\u00fa y picadas en Bar 9 de Julio, Regionales Don Garc\u00eda y Regionales El S\u00faper.<\/p>\n\n\n\n<p><strong>S\u00e1bado 14<\/strong><br>12:30 \u2013 Campeonato Interprovincial de Mora (Bar 9 de Julio).<br>19:00 \u2013&nbsp;<strong>Desfile Vendimial<\/strong>&nbsp;por Av. San Mart\u00edn.<br>21:00 \u2013&nbsp;<strong>55\u00b0 Fiesta Provincial de la Vendimia<\/strong>&nbsp;en Plaza Nicol\u00e1s Avellaneda.<br>Entrada libre y gratuita.<\/p>\n\n\n\n<p><strong>Domingo 15<\/strong><br>12:30 \u2013&nbsp;<strong>47\u00b0 Sagra Nacional de la Uva<\/strong>&nbsp;en Av. San Mart\u00edn al 2900.<br>Entrada general: $12.000. Jubilados: $10.000.<\/p>\n","protected":false},"excerpt":{"rendered":"<p>La ciudad de Colonia Caroya est\u00e1 viviendo una nueva edici\u00f3n de sus tradicionales celebraciones vendimiales, con una agenda de actividades que invitan a disfrutar del vino, la gastronom\u00eda y la identidad cultural del norte cordob\u00e9s. Bajo el lema&nbsp;\u201cVendimia: ra\u00edces que honran, vinos que proyectan futuro\u201d, las propuestas celebran una tradici\u00f3n profundamente ligada a la historia [&hellip;]<\/p>\n","protected":false},"author":3,"featured_media":7982,"comment_status":"open","ping_status":"open","sticky":false,"template":"","format":"standard","meta":{"_acf_changed":false,"footnotes":""},"categories":[11,12],"tags":[1197,1629],"class_list":{"0":"post-7980","1":"post","2":"type-post","3":"status-publish","4":"format-standard","5":"has-post-thumbnail","7":"category-cordoba","8":"category-novedades","9":"tag-colonia-caroya","10":"tag-vendimia"},"acf":[],"yoast_head":"<!-- This site is optimized with the Yoast SEO plugin v24.8.1 - https:\/\/yoast.com\/wordpress\/plugins\/seo\/ -->\n<title>Caroya celebra la Vendimia con una agenda que combina tradici\u00f3n, vino y cultura -<\/title>\n<meta name=\"robots\" content=\"index, follow, max-snippet:-1, max-image-preview:large, max-video-preview:-1\" \/>\n<link rel=\"canonical\" href=\"https:\/\/modoviajeok.com.ar\/index.php\/2026\/03\/06\/caroya-celebra-la-vendimia-con-una-agenda-que-combina-tradicion-vino-y-cultura\/\" \/>\n<meta property=\"og:locale\" content=\"es_ES\" \/>\n<meta property=\"og:type\" content=\"article\" \/>\n<meta property=\"og:title\" content=\"Caroya celebra la Vendimia con una agenda que combina tradici\u00f3n, vino y cultura -\" \/>\n<meta property=\"og:description\" content=\"La ciudad de Colonia Caroya est\u00e1 viviendo una nueva edici\u00f3n de sus tradicionales celebraciones vendimiales, con una agenda de actividades que invitan a disfrutar del vino, la gastronom\u00eda y la identidad cultural del norte cordob\u00e9s. Bajo el lema&nbsp;\u201cVendimia: ra\u00edces que honran, vinos que proyectan futuro\u201d, las propuestas celebran una tradici\u00f3n profundamente ligada a la historia [&hellip;]\" \/>\n<meta property=\"og:url\" content=\"https:\/\/modoviajeok.com.ar\/index.php\/2026\/03\/06\/caroya-celebra-la-vendimia-con-una-agenda-que-combina-tradicion-vino-y-cultura\/\" \/>\n<meta property=\"article:publisher\" content=\"https:\/\/www.facebook.com\/mariana.otero1\/\" \/>\n<meta property=\"article:published_time\" content=\"2026-03-06T23:41:22+00:00\" \/>\n<meta property=\"article:modified_time\" content=\"2026-03-18T23:48:24+00:00\" \/>\n<meta property=\"og:image\" content=\"https:\/\/modoviajeok.com.ar\/wp-content\/uploads\/2026\/03\/1743530_1665490850365086_6451860606137140059_n.jpg\" \/>\n\t<meta property=\"og:image:width\" content=\"620\" \/>\n\t<meta property=\"og:image:height\" content=\"320\" \/>\n\t<meta property=\"og:image:type\" content=\"image\/jpeg\" \/>\n<meta name=\"author\" content=\"Pepe Segura\" \/>\n<meta name=\"twitter:card\" content=\"summary_large_image\" \/>\n<meta name=\"twitter:label1\" content=\"Escrito por\" \/>\n\t<meta name=\"twitter:data1\" content=\"Pepe Segura\" \/>\n\t<meta name=\"twitter:label2\" content=\"Tiempo de lectura\" \/>\n\t<meta name=\"twitter:data2\" content=\"3 minutos\" \/>\n<script type=\"application\/ld+json\" class=\"yoast-schema-graph\">{\"@context\":\"https:\/\/schema.org\",\"@graph\":[{\"@type\":\"Article\",\"@id\":\"https:\/\/modoviajeok.com.ar\/index.php\/2026\/03\/06\/caroya-celebra-la-vendimia-con-una-agenda-que-combina-tradicion-vino-y-cultura\/#article\",\"isPartOf\":{\"@id\":\"https:\/\/modoviajeok.com.ar\/index.php\/2026\/03\/06\/caroya-celebra-la-vendimia-con-una-agenda-que-combina-tradicion-vino-y-cultura\/\"},\"author\":{\"name\":\"Pepe Segura\",\"@id\":\"https:\/\/modoviajeok.com.ar\/#\/schema\/person\/2e299ed0d3d412a01d244fe28260d7f5\"},\"headline\":\"Caroya celebra la Vendimia con una agenda que combina tradici\u00f3n, vino y cultura\",\"datePublished\":\"2026-03-06T23:41:22+00:00\",\"dateModified\":\"2026-03-18T23:48:24+00:00\",\"mainEntityOfPage\":{\"@id\":\"https:\/\/modoviajeok.com.ar\/index.php\/2026\/03\/06\/caroya-celebra-la-vendimia-con-una-agenda-que-combina-tradicion-vino-y-cultura\/\"},\"wordCount\":470,\"commentCount\":0,\"publisher\":{\"@id\":\"https:\/\/modoviajeok.com.ar\/#organization\"},\"image\":{\"@id\":\"https:\/\/modoviajeok.com.ar\/index.php\/2026\/03\/06\/caroya-celebra-la-vendimia-con-una-agenda-que-combina-tradicion-vino-y-cultura\/#primaryimage\"},\"thumbnailUrl\":\"https:\/\/modoviajeok.com.ar\/wp-content\/uploads\/2026\/03\/1743530_1665490850365086_6451860606137140059_n.jpg\",\"keywords\":[\"colonia caroya\",\"vendimia\"],\"articleSection\":[\"C\u00f3rdoba\",\"Novedades\"],\"inLanguage\":\"es\",\"potentialAction\":[{\"@type\":\"CommentAction\",\"name\":\"Comment\",\"target\":[\"https:\/\/modoviajeok.com.ar\/index.php\/2026\/03\/06\/caroya-celebra-la-vendimia-con-una-agenda-que-combina-tradicion-vino-y-cultura\/#respond\"]}]},{\"@type\":\"WebPage\",\"@id\":\"https:\/\/modoviajeok.com.ar\/index.php\/2026\/03\/06\/caroya-celebra-la-vendimia-con-una-agenda-que-combina-tradicion-vino-y-cultura\/\",\"url\":\"https:\/\/modoviajeok.com.ar\/index.php\/2026\/03\/06\/caroya-celebra-la-vendimia-con-una-agenda-que-combina-tradicion-vino-y-cultura\/\",\"name\":\"Caroya celebra la Vendimia con una agenda que combina tradici\u00f3n, vino y cultura -\",\"isPartOf\":{\"@id\":\"https:\/\/modoviajeok.com.ar\/#website\"},\"primaryImageOfPage\":{\"@id\":\"https:\/\/modoviajeok.com.ar\/index.php\/2026\/03\/06\/caroya-celebra-la-vendimia-con-una-agenda-que-combina-tradicion-vino-y-cultura\/#primaryimage\"},\"image\":{\"@id\":\"https:\/\/modoviajeok.com.ar\/index.php\/2026\/03\/06\/caroya-celebra-la-vendimia-con-una-agenda-que-combina-tradicion-vino-y-cultura\/#primaryimage\"},\"thumbnailUrl\":\"https:\/\/modoviajeok.com.ar\/wp-content\/uploads\/2026\/03\/1743530_1665490850365086_6451860606137140059_n.jpg\",\"datePublished\":\"2026-03-06T23:41:22+00:00\",\"dateModified\":\"2026-03-18T23:48:24+00:00\",\"breadcrumb\":{\"@id\":\"https:\/\/modoviajeok.com.ar\/index.php\/2026\/03\/06\/caroya-celebra-la-vendimia-con-una-agenda-que-combina-tradicion-vino-y-cultura\/#breadcrumb\"},\"inLanguage\":\"es\",\"potentialAction\":[{\"@type\":\"ReadAction\",\"target\":[\"https:\/\/modoviajeok.com.ar\/index.php\/2026\/03\/06\/caroya-celebra-la-vendimia-con-una-agenda-que-combina-tradicion-vino-y-cultura\/\"]}]},{\"@type\":\"ImageObject\",\"inLanguage\":\"es\",\"@id\":\"https:\/\/modoviajeok.com.ar\/index.php\/2026\/03\/06\/caroya-celebra-la-vendimia-con-una-agenda-que-combina-tradicion-vino-y-cultura\/#primaryimage\",\"url\":\"https:\/\/modoviajeok.com.ar\/wp-content\/uploads\/2026\/03\/1743530_1665490850365086_6451860606137140059_n.jpg\",\"contentUrl\":\"https:\/\/modoviajeok.com.ar\/wp-content\/uploads\/2026\/03\/1743530_1665490850365086_6451860606137140059_n.jpg\",\"width\":620,\"height\":320},{\"@type\":\"BreadcrumbList\",\"@id\":\"https:\/\/modoviajeok.com.ar\/index.php\/2026\/03\/06\/caroya-celebra-la-vendimia-con-una-agenda-que-combina-tradicion-vino-y-cultura\/#breadcrumb\",\"itemListElement\":[{\"@type\":\"ListItem\",\"position\":1,\"name\":\"Portada\",\"item\":\"https:\/\/modoviajeok.com.ar\/\"},{\"@type\":\"ListItem\",\"position\":2,\"name\":\"Caroya celebra la Vendimia con una agenda que combina tradici\u00f3n, vino y cultura\"}]},{\"@type\":\"WebSite\",\"@id\":\"https:\/\/modoviajeok.com.ar\/#website\",\"url\":\"https:\/\/modoviajeok.com.ar\/\",\"name\":\"ModoViajeOK\",\"description\":\"\",\"publisher\":{\"@id\":\"https:\/\/modoviajeok.com.ar\/#organization\"},\"potentialAction\":[{\"@type\":\"SearchAction\",\"target\":{\"@type\":\"EntryPoint\",\"urlTemplate\":\"https:\/\/modoviajeok.com.ar\/?s={search_term_string}\"},\"query-input\":{\"@type\":\"PropertyValueSpecification\",\"valueRequired\":true,\"valueName\":\"search_term_string\"}}],\"inLanguage\":\"es\"},{\"@type\":\"Organization\",\"@id\":\"https:\/\/modoviajeok.com.ar\/#organization\",\"name\":\"ModoViajeOK\",\"url\":\"https:\/\/modoviajeok.com.ar\/\",\"logo\":{\"@type\":\"ImageObject\",\"inLanguage\":\"es\",\"@id\":\"https:\/\/modoviajeok.com.ar\/#\/schema\/logo\/image\/\",\"url\":\"https:\/\/modoviajeok.com.ar\/wp-content\/uploads\/2025\/01\/Logo-modoviajeok.png\",\"contentUrl\":\"https:\/\/modoviajeok.com.ar\/wp-content\/uploads\/2025\/01\/Logo-modoviajeok.png\",\"width\":2938,\"height\":2276,\"caption\":\"ModoViajeOK\"},\"image\":{\"@id\":\"https:\/\/modoviajeok.com.ar\/#\/schema\/logo\/image\/\"},\"sameAs\":[\"https:\/\/www.facebook.com\/mariana.otero1\/\",\"https:\/\/www.instagram.com\/modoviaje.ok\/\"]},{\"@type\":\"Person\",\"@id\":\"https:\/\/modoviajeok.com.ar\/#\/schema\/person\/2e299ed0d3d412a01d244fe28260d7f5\",\"name\":\"Pepe Segura\",\"image\":{\"@type\":\"ImageObject\",\"inLanguage\":\"es\",\"@id\":\"https:\/\/modoviajeok.com.ar\/#\/schema\/person\/image\/\",\"url\":\"https:\/\/secure.gravatar.com\/avatar\/65eb4b34deed761327f5b2c5535b987318ae807900ac46426de7258f5de6d345?s=96&d=mm&r=g\",\"contentUrl\":\"https:\/\/secure.gravatar.com\/avatar\/65eb4b34deed761327f5b2c5535b987318ae807900ac46426de7258f5de6d345?s=96&d=mm&r=g\",\"caption\":\"Pepe Segura\"},\"url\":\"https:\/\/modoviajeok.com.ar\/index.php\/author\/pepe2025\/\"}]}<\/script>\n<!-- \/ Yoast SEO plugin. -->","yoast_head_json":{"title":"Caroya celebra la Vendimia con una agenda que combina tradici\u00f3n, vino y cultura -","robots":{"index":"index","follow":"follow","max-snippet":"max-snippet:-1","max-image-preview":"max-image-preview:large","max-video-preview":"max-video-preview:-1"},"canonical":"https:\/\/modoviajeok.com.ar\/index.php\/2026\/03\/06\/caroya-celebra-la-vendimia-con-una-agenda-que-combina-tradicion-vino-y-cultura\/","og_locale":"es_ES","og_type":"article","og_title":"Caroya celebra la Vendimia con una agenda que combina tradici\u00f3n, vino y cultura -","og_description":"La ciudad de Colonia Caroya est\u00e1 viviendo una nueva edici\u00f3n de sus tradicionales celebraciones vendimiales, con una agenda de actividades que invitan a disfrutar del vino, la gastronom\u00eda y la identidad cultural del norte cordob\u00e9s. Bajo el lema&nbsp;\u201cVendimia: ra\u00edces que honran, vinos que proyectan futuro\u201d, las propuestas celebran una tradici\u00f3n profundamente ligada a la historia [&hellip;]","og_url":"https:\/\/modoviajeok.com.ar\/index.php\/2026\/03\/06\/caroya-celebra-la-vendimia-con-una-agenda-que-combina-tradicion-vino-y-cultura\/","article_publisher":"https:\/\/www.facebook.com\/mariana.otero1\/","article_published_time":"2026-03-06T23:41:22+00:00","article_modified_time":"2026-03-18T23:48:24+00:00","og_image":[{"width":620,"height":320,"url":"https:\/\/modoviajeok.com.ar\/wp-content\/uploads\/2026\/03\/1743530_1665490850365086_6451860606137140059_n.jpg","type":"image\/jpeg"}],"author":"Pepe Segura","twitter_card":"summary_large_image","twitter_misc":{"Escrito por":"Pepe Segura","Tiempo de lectura":"3 minutos"},"schema":{"@context":"https:\/\/schema.org","@graph":[{"@type":"Article","@id":"https:\/\/modoviajeok.com.ar\/index.php\/2026\/03\/06\/caroya-celebra-la-vendimia-con-una-agenda-que-combina-tradicion-vino-y-cultura\/#article","isPartOf":{"@id":"https:\/\/modoviajeok.com.ar\/index.php\/2026\/03\/06\/caroya-celebra-la-vendimia-con-una-agenda-que-combina-tradicion-vino-y-cultura\/"},"author":{"name":"Pepe Segura","@id":"https:\/\/modoviajeok.com.ar\/#\/schema\/person\/2e299ed0d3d412a01d244fe28260d7f5"},"headline":"Caroya celebra la Vendimia con una agenda que combina tradici\u00f3n, vino y cultura","datePublished":"2026-03-06T23:41:22+00:00","dateModified":"2026-03-18T23:48:24+00:00","mainEntityOfPage":{"@id":"https:\/\/modoviajeok.com.ar\/index.php\/2026\/03\/06\/caroya-celebra-la-vendimia-con-una-agenda-que-combina-tradicion-vino-y-cultura\/"},"wordCount":470,"commentCount":0,"publisher":{"@id":"https:\/\/modoviajeok.com.ar\/#organization"},"image":{"@id":"https:\/\/modoviajeok.com.ar\/index.php\/2026\/03\/06\/caroya-celebra-la-vendimia-con-una-agenda-que-combina-tradicion-vino-y-cultura\/#primaryimage"},"thumbnailUrl":"https:\/\/modoviajeok.com.ar\/wp-content\/uploads\/2026\/03\/1743530_1665490850365086_6451860606137140059_n.jpg","keywords":["colonia caroya","vendimia"],"articleSection":["C\u00f3rdoba","Novedades"],"inLanguage":"es","potentialAction":[{"@type":"CommentAction","name":"Comment","target":["https:\/\/modoviajeok.com.ar\/index.php\/2026\/03\/06\/caroya-celebra-la-vendimia-con-una-agenda-que-combina-tradicion-vino-y-cultura\/#respond"]}]},{"@type":"WebPage","@id":"https:\/\/modoviajeok.com.ar\/index.php\/2026\/03\/06\/caroya-celebra-la-vendimia-con-una-agenda-que-combina-tradicion-vino-y-cultura\/","url":"https:\/\/modoviajeok.com.ar\/index.php\/2026\/03\/06\/caroya-celebra-la-vendimia-con-una-agenda-que-combina-tradicion-vino-y-cultura\/","name":"Caroya celebra la Vendimia con una agenda que combina tradici\u00f3n, vino y cultura -","isPartOf":{"@id":"https:\/\/modoviajeok.com.ar\/#website"},"primaryImageOfPage":{"@id":"https:\/\/modoviajeok.com.ar\/index.php\/2026\/03\/06\/caroya-celebra-la-vendimia-con-una-agenda-que-combina-tradicion-vino-y-cultura\/#primaryimage"},"image":{"@id":"https:\/\/modoviajeok.com.ar\/index.php\/2026\/03\/06\/caroya-celebra-la-vendimia-con-una-agenda-que-combina-tradicion-vino-y-cultura\/#primaryimage"},"thumbnailUrl":"https:\/\/modoviajeok.com.ar\/wp-content\/uploads\/2026\/03\/1743530_1665490850365086_6451860606137140059_n.jpg","datePublished":"2026-03-06T23:41:22+00:00","dateModified":"2026-03-18T23:48:24+00:00","breadcrumb":{"@id":"https:\/\/modoviajeok.com.ar\/index.php\/2026\/03\/06\/caroya-celebra-la-vendimia-con-una-agenda-que-combina-tradicion-vino-y-cultura\/#breadcrumb"},"inLanguage":"es","potentialAction":[{"@type":"ReadAction","target":["https:\/\/modoviajeok.com.ar\/index.php\/2026\/03\/06\/caroya-celebra-la-vendimia-con-una-agenda-que-combina-tradicion-vino-y-cultura\/"]}]},{"@type":"ImageObject","inLanguage":"es","@id":"https:\/\/modoviajeok.com.ar\/index.php\/2026\/03\/06\/caroya-celebra-la-vendimia-con-una-agenda-que-combina-tradicion-vino-y-cultura\/#primaryimage","url":"https:\/\/modoviajeok.com.ar\/wp-content\/uploads\/2026\/03\/1743530_1665490850365086_6451860606137140059_n.jpg","contentUrl":"https:\/\/modoviajeok.com.ar\/wp-content\/uploads\/2026\/03\/1743530_1665490850365086_6451860606137140059_n.jpg","width":620,"height":320},{"@type":"BreadcrumbList","@id":"https:\/\/modoviajeok.com.ar\/index.php\/2026\/03\/06\/caroya-celebra-la-vendimia-con-una-agenda-que-combina-tradicion-vino-y-cultura\/#breadcrumb","itemListElement":[{"@type":"ListItem","position":1,"name":"Portada","item":"https:\/\/modoviajeok.com.ar\/"},{"@type":"ListItem","position":2,"name":"Caroya celebra la Vendimia con una agenda que combina tradici\u00f3n, vino y cultura"}]},{"@type":"WebSite","@id":"https:\/\/modoviajeok.com.ar\/#website","url":"https:\/\/modoviajeok.com.ar\/","name":"ModoViajeOK","description":"","publisher":{"@id":"https:\/\/modoviajeok.com.ar\/#organization"},"potentialAction":[{"@type":"SearchAction","target":{"@type":"EntryPoint","urlTemplate":"https:\/\/modoviajeok.com.ar\/?s={search_term_string}"},"query-input":{"@type":"PropertyValueSpecification","valueRequired":true,"valueName":"search_term_string"}}],"inLanguage":"es"},{"@type":"Organization","@id":"https:\/\/modoviajeok.com.ar\/#organization","name":"ModoViajeOK","url":"https:\/\/modoviajeok.com.ar\/","logo":{"@type":"ImageObject","inLanguage":"es","@id":"https:\/\/modoviajeok.com.ar\/#\/schema\/logo\/image\/","url":"https:\/\/modoviajeok.com.ar\/wp-content\/uploads\/2025\/01\/Logo-modoviajeok.png","contentUrl":"https:\/\/modoviajeok.com.ar\/wp-content\/uploads\/2025\/01\/Logo-modoviajeok.png","width":2938,"height":2276,"caption":"ModoViajeOK"},"image":{"@id":"https:\/\/modoviajeok.com.ar\/#\/schema\/logo\/image\/"},"sameAs":["https:\/\/www.facebook.com\/mariana.otero1\/","https:\/\/www.instagram.com\/modoviaje.ok\/"]},{"@type":"Person","@id":"https:\/\/modoviajeok.com.ar\/#\/schema\/person\/2e299ed0d3d412a01d244fe28260d7f5","name":"Pepe Segura","image":{"@type":"ImageObject","inLanguage":"es","@id":"https:\/\/modoviajeok.com.ar\/#\/schema\/person\/image\/","url":"https:\/\/secure.gravatar.com\/avatar\/65eb4b34deed761327f5b2c5535b987318ae807900ac46426de7258f5de6d345?s=96&d=mm&r=g","contentUrl":"https:\/\/secure.gravatar.com\/avatar\/65eb4b34deed761327f5b2c5535b987318ae807900ac46426de7258f5de6d345?s=96&d=mm&r=g","caption":"Pepe Segura"},"url":"https:\/\/modoviajeok.com.ar\/index.php\/author\/pepe2025\/"}]}},"_links":{"self":[{"href":"https:\/\/modoviajeok.com.ar\/index.php\/wp-json\/wp\/v2\/posts\/7980","targetHints":{"allow":["GET"]}}],"collection":[{"href":"https:\/\/modoviajeok.com.ar\/index.php\/wp-json\/wp\/v2\/posts"}],"about":[{"href":"https:\/\/modoviajeok.com.ar\/index.php\/wp-json\/wp\/v2\/types\/post"}],"author":[{"embeddable":true,"href":"https:\/\/modoviajeok.com.ar\/index.php\/wp-json\/wp\/v2\/users\/3"}],"replies":[{"embeddable":true,"href":"https:\/\/modoviajeok.com.ar\/index.php\/wp-json\/wp\/v2\/comments?post=7980"}],"version-history":[{"count":2,"href":"https:\/\/modoviajeok.com.ar\/index.php\/wp-json\/wp\/v2\/posts\/7980\/revisions"}],"predecessor-version":[{"id":7987,"href":"https:\/\/modoviajeok.com.ar\/index.php\/wp-json\/wp\/v2\/posts\/7980\/revisions\/7987"}],"wp:featuredmedia":[{"embeddable":true,"href":"https:\/\/modoviajeok.com.ar\/index.php\/wp-json\/wp\/v2\/media\/7982"}],"wp:attachment":[{"href":"https:\/\/modoviajeok.com.ar\/index.php\/wp-json\/wp\/v2\/media?parent=7980"}],"wp:term":[{"taxonomy":"category","embeddable":true,"href":"https:\/\/modoviajeok.com.ar\/index.php\/wp-json\/wp\/v2\/categories?post=7980"},{"taxonomy":"post_tag","embeddable":true,"href":"https:\/\/modoviajeok.com.ar\/index.php\/wp-json\/wp\/v2\/tags?post=7980"}],"curies":[{"name":"wp","href":"https:\/\/api.w.org\/{rel}","templated":true}]}}