{"id":8839,"date":"2026-04-29T08:00:00","date_gmt":"2026-04-29T11:00:00","guid":{"rendered":"https:\/\/modoviajeok.com.ar\/?p=8839"},"modified":"2026-04-26T23:40:24","modified_gmt":"2026-04-27T02:40:24","slug":"el-gobierno-de-catalunya-en-el-cono-sur-celebro-sant-jordi-con-literatura-patrimonio-y-fotografia","status":"publish","type":"post","link":"https:\/\/modoviajeok.com.ar\/index.php\/2026\/04\/29\/el-gobierno-de-catalunya-en-el-cono-sur-celebro-sant-jordi-con-literatura-patrimonio-y-fotografia\/","title":{"rendered":"El\u00a0Gobierno de Catalunya en el Cono Sur\u00a0celebr\u00f3 Sant Jordi con literatura, patrimonio y fotograf\u00eda"},"content":{"rendered":"\n<p>En el marco de la celebraci\u00f3n del D\u00eda de  Sant Jordi, la Delegaci\u00f3\u00a0del Gobierno de Catalunya en el Cono Sur llev\u00f3 a cabo en Buenos Aires una jornada cultural que reuni\u00f3 literatura, patrimonio y fotograf\u00eda en un mismo espacio.\u00a0<\/p>\n\n\n\n<figure class=\"wp-block-image size-full\"><img loading=\"lazy\" decoding=\"async\" width=\"1080\" height=\"1350\" src=\"https:\/\/modoviajeok.com.ar\/wp-content\/uploads\/2026\/04\/IMG_5898.jpg\" alt=\"\" class=\"wp-image-8844\" srcset=\"https:\/\/modoviajeok.com.ar\/wp-content\/uploads\/2026\/04\/IMG_5898.jpg 1080w, https:\/\/modoviajeok.com.ar\/wp-content\/uploads\/2026\/04\/IMG_5898-768x960.jpg 768w, https:\/\/modoviajeok.com.ar\/wp-content\/uploads\/2026\/04\/IMG_5898-336x420.jpg 336w, https:\/\/modoviajeok.com.ar\/wp-content\/uploads\/2026\/04\/IMG_5898-150x188.jpg 150w, https:\/\/modoviajeok.com.ar\/wp-content\/uploads\/2026\/04\/IMG_5898-300x375.jpg 300w, https:\/\/modoviajeok.com.ar\/wp-content\/uploads\/2026\/04\/IMG_5898-696x870.jpg 696w, https:\/\/modoviajeok.com.ar\/wp-content\/uploads\/2026\/04\/IMG_5898-1068x1335.jpg 1068w\" sizes=\"auto, (max-width: 1080px) 100vw, 1080px\" \/><\/figure>\n\n\n\n<p>El evento tuvo como eje principal la presentaci\u00f3n del libro \u201cBuenos Aires Catalana\u201d, una obra que compila ponencias y art\u00edculos de diversos especialistas que analizan la&nbsp;profunda huella de Catalunya en la ciudad de Buenos Aires a lo largo de su historia.&nbsp; El libro aborda, entre otros temas, la participaci\u00f3n de figuras catalanas destacadas \u2014&nbsp;<\/p>\n\n\n\n<p>como Mateu, Larrea o Parera\u2014 en la fundaci\u00f3n de la naci\u00f3n argentina; el rol del Casal&nbsp; de Catalunya de Buenos Aires como n\u00facleo de la vida cultural de la comunidad; el&nbsp; origen del barrio de Montserrat; y la influencia del modernismo catal\u00e1n, especialmente&nbsp; gaudiniano, en la arquitectura porte\u00f1a, visible en obras de Garc\u00eda N\u00fa\u00f1ez y otros&nbsp; arquitectos.&nbsp;<\/p>\n\n\n\n<p>La publicaci\u00f3n ha sido editada en colaboraci\u00f3n con el Ministerio de Cultura de la&nbsp;Ciudad de Buenos Aires y representa una valiosa oportunidad para poner en valor los&nbsp;v\u00ednculos hist\u00f3ricos, culturales y sociales entre Catalunya y Buenos Aires,&nbsp;contribuyendo al enriquecimiento del patrimonio cultural de la ciudad.&nbsp;<\/p>\n\n\n\n<p>Participaron como ponentes:&nbsp;<\/p>\n\n\n\n<p>\u2022 Josep Vives, delegado del Gobierno de Catalunya en el Cono Sur<\/p>\n\n\n\n<p>\u2022 Gabriel Seisdedos, Investigador Gerencia de Patrimonio de la Ciudad de&nbsp; Buenos Aires&nbsp;<\/p>\n\n\n\n<p>\u2022 Jorge Mallo, arquitecto y gerente operativo de Patrimonio de la Ciudad de&nbsp; Buenos Aires&nbsp;<\/p>\n\n\n\n<p>\u2022 Alejandro Fern\u00e1ndez, doctor en Historia por la Universidad de Barcelona y la&nbsp; Universidad de Luj\u00e1n&nbsp;<\/p>\n\n\n\n<p>\u2022 Graciela Aguilar, Mag.Arquitecta e Investigadora en la Gerencia de Patrimonio.&nbsp;<\/p>\n\n\n\n<p>Asimismo, se inaugur\u00f3 la exposici\u00f3n \u201cUrbana BA III; Gente de mi ciudad\u201d, cedida por el Banco Ciudad. Se trata de una edici\u00f3n especial de obras pertenecientes al&nbsp;Concurso Fotogr\u00e1fico \u201cGente de mi Ciudad\u201d, una iniciativa que desde hace 26 a\u00f1os&nbsp;invita a recorrer las calles de Buenos Aires y descubrir la vida, la identidad y la esencia&nbsp;de sus habitantes.&nbsp;<\/p>\n\n\n\n<p>La jornada concluy\u00f3 con un agradecimiento a todas las personas e instituciones que&nbsp;hicieron posible este encuentro, en una celebraci\u00f3n que reafirm\u00f3 los lazos culturales entre Catalunya y Buenos Aires. Una jornada de libros, rosas y cultura catalana.&nbsp;<\/p>\n\n\n\n<p><strong>Suelta de libros \u00a0<\/strong><\/p>\n\n\n\n<figure class=\"wp-block-image size-full\"><img loading=\"lazy\" decoding=\"async\" width=\"2560\" height=\"1707\" src=\"https:\/\/modoviajeok.com.ar\/wp-content\/uploads\/2026\/04\/IMG_0643-Enhanced-NR-scaled.jpg\" alt=\"\" class=\"wp-image-8842\" srcset=\"https:\/\/modoviajeok.com.ar\/wp-content\/uploads\/2026\/04\/IMG_0643-Enhanced-NR-scaled.jpg 2560w, https:\/\/modoviajeok.com.ar\/wp-content\/uploads\/2026\/04\/IMG_0643-Enhanced-NR-768x512.jpg 768w, https:\/\/modoviajeok.com.ar\/wp-content\/uploads\/2026\/04\/IMG_0643-Enhanced-NR-1536x1024.jpg 1536w, https:\/\/modoviajeok.com.ar\/wp-content\/uploads\/2026\/04\/IMG_0643-Enhanced-NR-2048x1365.jpg 2048w, https:\/\/modoviajeok.com.ar\/wp-content\/uploads\/2026\/04\/IMG_0643-Enhanced-NR-630x420.jpg 630w, https:\/\/modoviajeok.com.ar\/wp-content\/uploads\/2026\/04\/IMG_0643-Enhanced-NR-150x100.jpg 150w, https:\/\/modoviajeok.com.ar\/wp-content\/uploads\/2026\/04\/IMG_0643-Enhanced-NR-300x200.jpg 300w, https:\/\/modoviajeok.com.ar\/wp-content\/uploads\/2026\/04\/IMG_0643-Enhanced-NR-696x464.jpg 696w, https:\/\/modoviajeok.com.ar\/wp-content\/uploads\/2026\/04\/IMG_0643-Enhanced-NR-1068x712.jpg 1068w, https:\/\/modoviajeok.com.ar\/wp-content\/uploads\/2026\/04\/IMG_0643-Enhanced-NR-1920x1280.jpg 1920w\" sizes=\"auto, (max-width: 2560px) 100vw, 2560px\" \/><\/figure>\n\n\n\n<p>La Delegaci\u00f3n del Gobierno de Catalunya y el Ministerio de Cultura de la Ciudad de&nbsp;Buenos Aires, a trav\u00e9s de la Direcci\u00f3n General de Promoci\u00f3n del Libro, las Bibliotecas&nbsp;y la Cultura, llev\u00f3 adelante una nueva edici\u00f3n de la tradicional suelta de libros en el&nbsp;marco de Sant Jordi y del D\u00eda Internacional del Libro.&nbsp;<\/p>\n\n\n\n<p>La actividad se realiz\u00f3 el jueves 23 de abril a las 12 h en la estaci\u00f3n Plaza Italia de la&nbsp;L\u00ednea D del Subte, en colaboraci\u00f3n con Subterr\u00e1neos de Buenos Aires. Durante la&nbsp;jornada se distribuyeron m\u00e1s de 250 ejemplares de manera gratuita con el objetivo de&nbsp;promover la lectura y el acceso a los libros en el espacio p\u00fablico.&nbsp;<\/p>\n\n\n\n<p>La propuesta cont\u00f3 con la participaci\u00f3n de la periodista y promotora de la lectura&nbsp;Cecilia Bona (@porqueleerok), creadora del proyecto \u201cPor qu\u00e9 leer\u201d, una plataforma dedicada a difundir contenidos y recomendaciones literarias para acercar los libros a nuevos p\u00fablicos.<\/p>\n","protected":false},"excerpt":{"rendered":"<p>En el marco de la celebraci\u00f3n del D\u00eda de Sant Jordi, la Delegaci\u00f3\u00a0del Gobierno de Catalunya en el Cono Sur llev\u00f3 a cabo en Buenos Aires una jornada cultural que reuni\u00f3 literatura, patrimonio y fotograf\u00eda en un mismo espacio.\u00a0 El evento tuvo como eje principal la presentaci\u00f3n del libro \u201cBuenos Aires Catalana\u201d, una obra que [&hellip;]<\/p>\n","protected":false},"author":3,"featured_media":8844,"comment_status":"open","ping_status":"open","sticky":false,"template":"","format":"standard","meta":{"_acf_changed":false,"footnotes":""},"categories":[13,10],"tags":[1730,1729],"class_list":{"0":"post-8839","1":"post","2":"type-post","3":"status-publish","4":"format-standard","5":"has-post-thumbnail","7":"category-argentina","8":"category-noticias","9":"tag-catalunya","10":"tag-sant-jordi"},"acf":[],"yoast_head":"<!-- This site is optimized with the Yoast SEO plugin v24.8.1 - https:\/\/yoast.com\/wordpress\/plugins\/seo\/ -->\n<title>El\u00a0Gobierno de Catalunya en el Cono Sur\u00a0celebr\u00f3 Sant Jordi con literatura, patrimonio y fotograf\u00eda -<\/title>\n<meta name=\"robots\" content=\"index, follow, max-snippet:-1, max-image-preview:large, max-video-preview:-1\" \/>\n<link rel=\"canonical\" href=\"https:\/\/modoviajeok.com.ar\/index.php\/2026\/04\/29\/el-gobierno-de-catalunya-en-el-cono-sur-celebro-sant-jordi-con-literatura-patrimonio-y-fotografia\/\" \/>\n<meta property=\"og:locale\" content=\"es_ES\" \/>\n<meta property=\"og:type\" content=\"article\" \/>\n<meta property=\"og:title\" content=\"El\u00a0Gobierno de Catalunya en el Cono Sur\u00a0celebr\u00f3 Sant Jordi con literatura, patrimonio y fotograf\u00eda -\" \/>\n<meta property=\"og:description\" content=\"En el marco de la celebraci\u00f3n del D\u00eda de Sant Jordi, la Delegaci\u00f3\u00a0del Gobierno de Catalunya en el Cono Sur llev\u00f3 a cabo en Buenos Aires una jornada cultural que reuni\u00f3 literatura, patrimonio y fotograf\u00eda en un mismo espacio.\u00a0 El evento tuvo como eje principal la presentaci\u00f3n del libro \u201cBuenos Aires Catalana\u201d, una obra que [&hellip;]\" \/>\n<meta property=\"og:url\" content=\"https:\/\/modoviajeok.com.ar\/index.php\/2026\/04\/29\/el-gobierno-de-catalunya-en-el-cono-sur-celebro-sant-jordi-con-literatura-patrimonio-y-fotografia\/\" \/>\n<meta property=\"article:publisher\" content=\"https:\/\/www.facebook.com\/mariana.otero1\/\" \/>\n<meta property=\"article:published_time\" content=\"2026-04-29T11:00:00+00:00\" \/>\n<meta property=\"og:image\" content=\"https:\/\/modoviajeok.com.ar\/wp-content\/uploads\/2026\/04\/IMG_5898.jpg\" \/>\n\t<meta property=\"og:image:width\" content=\"1080\" \/>\n\t<meta property=\"og:image:height\" content=\"1350\" \/>\n\t<meta property=\"og:image:type\" content=\"image\/jpeg\" \/>\n<meta name=\"author\" content=\"Pepe Segura\" \/>\n<meta name=\"twitter:card\" content=\"summary_large_image\" \/>\n<meta name=\"twitter:label1\" content=\"Escrito por\" \/>\n\t<meta name=\"twitter:data1\" content=\"Pepe Segura\" \/>\n\t<meta name=\"twitter:label2\" content=\"Tiempo de lectura\" \/>\n\t<meta name=\"twitter:data2\" content=\"3 minutos\" \/>\n<script type=\"application\/ld+json\" class=\"yoast-schema-graph\">{\"@context\":\"https:\/\/schema.org\",\"@graph\":[{\"@type\":\"Article\",\"@id\":\"https:\/\/modoviajeok.com.ar\/index.php\/2026\/04\/29\/el-gobierno-de-catalunya-en-el-cono-sur-celebro-sant-jordi-con-literatura-patrimonio-y-fotografia\/#article\",\"isPartOf\":{\"@id\":\"https:\/\/modoviajeok.com.ar\/index.php\/2026\/04\/29\/el-gobierno-de-catalunya-en-el-cono-sur-celebro-sant-jordi-con-literatura-patrimonio-y-fotografia\/\"},\"author\":{\"name\":\"Pepe Segura\",\"@id\":\"https:\/\/modoviajeok.com.ar\/#\/schema\/person\/2e299ed0d3d412a01d244fe28260d7f5\"},\"headline\":\"El\u00a0Gobierno de Catalunya en el Cono Sur\u00a0celebr\u00f3 Sant Jordi con literatura, patrimonio y fotograf\u00eda\",\"datePublished\":\"2026-04-29T11:00:00+00:00\",\"mainEntityOfPage\":{\"@id\":\"https:\/\/modoviajeok.com.ar\/index.php\/2026\/04\/29\/el-gobierno-de-catalunya-en-el-cono-sur-celebro-sant-jordi-con-literatura-patrimonio-y-fotografia\/\"},\"wordCount\":605,\"commentCount\":0,\"publisher\":{\"@id\":\"https:\/\/modoviajeok.com.ar\/#organization\"},\"image\":{\"@id\":\"https:\/\/modoviajeok.com.ar\/index.php\/2026\/04\/29\/el-gobierno-de-catalunya-en-el-cono-sur-celebro-sant-jordi-con-literatura-patrimonio-y-fotografia\/#primaryimage\"},\"thumbnailUrl\":\"https:\/\/modoviajeok.com.ar\/wp-content\/uploads\/2026\/04\/IMG_5898.jpg\",\"keywords\":[\"catalunya\",\"sant jordi\"],\"articleSection\":[\"Argentina\",\"Noticias\"],\"inLanguage\":\"es\",\"potentialAction\":[{\"@type\":\"CommentAction\",\"name\":\"Comment\",\"target\":[\"https:\/\/modoviajeok.com.ar\/index.php\/2026\/04\/29\/el-gobierno-de-catalunya-en-el-cono-sur-celebro-sant-jordi-con-literatura-patrimonio-y-fotografia\/#respond\"]}]},{\"@type\":\"WebPage\",\"@id\":\"https:\/\/modoviajeok.com.ar\/index.php\/2026\/04\/29\/el-gobierno-de-catalunya-en-el-cono-sur-celebro-sant-jordi-con-literatura-patrimonio-y-fotografia\/\",\"url\":\"https:\/\/modoviajeok.com.ar\/index.php\/2026\/04\/29\/el-gobierno-de-catalunya-en-el-cono-sur-celebro-sant-jordi-con-literatura-patrimonio-y-fotografia\/\",\"name\":\"El\u00a0Gobierno de Catalunya en el Cono Sur\u00a0celebr\u00f3 Sant Jordi con literatura, patrimonio y fotograf\u00eda -\",\"isPartOf\":{\"@id\":\"https:\/\/modoviajeok.com.ar\/#website\"},\"primaryImageOfPage\":{\"@id\":\"https:\/\/modoviajeok.com.ar\/index.php\/2026\/04\/29\/el-gobierno-de-catalunya-en-el-cono-sur-celebro-sant-jordi-con-literatura-patrimonio-y-fotografia\/#primaryimage\"},\"image\":{\"@id\":\"https:\/\/modoviajeok.com.ar\/index.php\/2026\/04\/29\/el-gobierno-de-catalunya-en-el-cono-sur-celebro-sant-jordi-con-literatura-patrimonio-y-fotografia\/#primaryimage\"},\"thumbnailUrl\":\"https:\/\/modoviajeok.com.ar\/wp-content\/uploads\/2026\/04\/IMG_5898.jpg\",\"datePublished\":\"2026-04-29T11:00:00+00:00\",\"breadcrumb\":{\"@id\":\"https:\/\/modoviajeok.com.ar\/index.php\/2026\/04\/29\/el-gobierno-de-catalunya-en-el-cono-sur-celebro-sant-jordi-con-literatura-patrimonio-y-fotografia\/#breadcrumb\"},\"inLanguage\":\"es\",\"potentialAction\":[{\"@type\":\"ReadAction\",\"target\":[\"https:\/\/modoviajeok.com.ar\/index.php\/2026\/04\/29\/el-gobierno-de-catalunya-en-el-cono-sur-celebro-sant-jordi-con-literatura-patrimonio-y-fotografia\/\"]}]},{\"@type\":\"ImageObject\",\"inLanguage\":\"es\",\"@id\":\"https:\/\/modoviajeok.com.ar\/index.php\/2026\/04\/29\/el-gobierno-de-catalunya-en-el-cono-sur-celebro-sant-jordi-con-literatura-patrimonio-y-fotografia\/#primaryimage\",\"url\":\"https:\/\/modoviajeok.com.ar\/wp-content\/uploads\/2026\/04\/IMG_5898.jpg\",\"contentUrl\":\"https:\/\/modoviajeok.com.ar\/wp-content\/uploads\/2026\/04\/IMG_5898.jpg\",\"width\":1080,\"height\":1350},{\"@type\":\"BreadcrumbList\",\"@id\":\"https:\/\/modoviajeok.com.ar\/index.php\/2026\/04\/29\/el-gobierno-de-catalunya-en-el-cono-sur-celebro-sant-jordi-con-literatura-patrimonio-y-fotografia\/#breadcrumb\",\"itemListElement\":[{\"@type\":\"ListItem\",\"position\":1,\"name\":\"Portada\",\"item\":\"https:\/\/modoviajeok.com.ar\/\"},{\"@type\":\"ListItem\",\"position\":2,\"name\":\"El\u00a0Gobierno de Catalunya en el Cono Sur\u00a0celebr\u00f3 Sant Jordi con literatura, patrimonio y fotograf\u00eda\"}]},{\"@type\":\"WebSite\",\"@id\":\"https:\/\/modoviajeok.com.ar\/#website\",\"url\":\"https:\/\/modoviajeok.com.ar\/\",\"name\":\"ModoViajeOK\",\"description\":\"\",\"publisher\":{\"@id\":\"https:\/\/modoviajeok.com.ar\/#organization\"},\"potentialAction\":[{\"@type\":\"SearchAction\",\"target\":{\"@type\":\"EntryPoint\",\"urlTemplate\":\"https:\/\/modoviajeok.com.ar\/?s={search_term_string}\"},\"query-input\":{\"@type\":\"PropertyValueSpecification\",\"valueRequired\":true,\"valueName\":\"search_term_string\"}}],\"inLanguage\":\"es\"},{\"@type\":\"Organization\",\"@id\":\"https:\/\/modoviajeok.com.ar\/#organization\",\"name\":\"ModoViajeOK\",\"url\":\"https:\/\/modoviajeok.com.ar\/\",\"logo\":{\"@type\":\"ImageObject\",\"inLanguage\":\"es\",\"@id\":\"https:\/\/modoviajeok.com.ar\/#\/schema\/logo\/image\/\",\"url\":\"https:\/\/modoviajeok.com.ar\/wp-content\/uploads\/2025\/01\/Logo-modoviajeok.png\",\"contentUrl\":\"https:\/\/modoviajeok.com.ar\/wp-content\/uploads\/2025\/01\/Logo-modoviajeok.png\",\"width\":2938,\"height\":2276,\"caption\":\"ModoViajeOK\"},\"image\":{\"@id\":\"https:\/\/modoviajeok.com.ar\/#\/schema\/logo\/image\/\"},\"sameAs\":[\"https:\/\/www.facebook.com\/mariana.otero1\/\",\"https:\/\/www.instagram.com\/modoviaje.ok\/\"]},{\"@type\":\"Person\",\"@id\":\"https:\/\/modoviajeok.com.ar\/#\/schema\/person\/2e299ed0d3d412a01d244fe28260d7f5\",\"name\":\"Pepe Segura\",\"image\":{\"@type\":\"ImageObject\",\"inLanguage\":\"es\",\"@id\":\"https:\/\/modoviajeok.com.ar\/#\/schema\/person\/image\/\",\"url\":\"https:\/\/secure.gravatar.com\/avatar\/65eb4b34deed761327f5b2c5535b987318ae807900ac46426de7258f5de6d345?s=96&d=mm&r=g\",\"contentUrl\":\"https:\/\/secure.gravatar.com\/avatar\/65eb4b34deed761327f5b2c5535b987318ae807900ac46426de7258f5de6d345?s=96&d=mm&r=g\",\"caption\":\"Pepe Segura\"},\"url\":\"https:\/\/modoviajeok.com.ar\/index.php\/author\/pepe2025\/\"}]}<\/script>\n<!-- \/ Yoast SEO plugin. -->","yoast_head_json":{"title":"El\u00a0Gobierno de Catalunya en el Cono Sur\u00a0celebr\u00f3 Sant Jordi con literatura, patrimonio y fotograf\u00eda -","robots":{"index":"index","follow":"follow","max-snippet":"max-snippet:-1","max-image-preview":"max-image-preview:large","max-video-preview":"max-video-preview:-1"},"canonical":"https:\/\/modoviajeok.com.ar\/index.php\/2026\/04\/29\/el-gobierno-de-catalunya-en-el-cono-sur-celebro-sant-jordi-con-literatura-patrimonio-y-fotografia\/","og_locale":"es_ES","og_type":"article","og_title":"El\u00a0Gobierno de Catalunya en el Cono Sur\u00a0celebr\u00f3 Sant Jordi con literatura, patrimonio y fotograf\u00eda -","og_description":"En el marco de la celebraci\u00f3n del D\u00eda de Sant Jordi, la Delegaci\u00f3\u00a0del Gobierno de Catalunya en el Cono Sur llev\u00f3 a cabo en Buenos Aires una jornada cultural que reuni\u00f3 literatura, patrimonio y fotograf\u00eda en un mismo espacio.\u00a0 El evento tuvo como eje principal la presentaci\u00f3n del libro \u201cBuenos Aires Catalana\u201d, una obra que [&hellip;]","og_url":"https:\/\/modoviajeok.com.ar\/index.php\/2026\/04\/29\/el-gobierno-de-catalunya-en-el-cono-sur-celebro-sant-jordi-con-literatura-patrimonio-y-fotografia\/","article_publisher":"https:\/\/www.facebook.com\/mariana.otero1\/","article_published_time":"2026-04-29T11:00:00+00:00","og_image":[{"width":1080,"height":1350,"url":"https:\/\/modoviajeok.com.ar\/wp-content\/uploads\/2026\/04\/IMG_5898.jpg","type":"image\/jpeg"}],"author":"Pepe Segura","twitter_card":"summary_large_image","twitter_misc":{"Escrito por":"Pepe Segura","Tiempo de lectura":"3 minutos"},"schema":{"@context":"https:\/\/schema.org","@graph":[{"@type":"Article","@id":"https:\/\/modoviajeok.com.ar\/index.php\/2026\/04\/29\/el-gobierno-de-catalunya-en-el-cono-sur-celebro-sant-jordi-con-literatura-patrimonio-y-fotografia\/#article","isPartOf":{"@id":"https:\/\/modoviajeok.com.ar\/index.php\/2026\/04\/29\/el-gobierno-de-catalunya-en-el-cono-sur-celebro-sant-jordi-con-literatura-patrimonio-y-fotografia\/"},"author":{"name":"Pepe Segura","@id":"https:\/\/modoviajeok.com.ar\/#\/schema\/person\/2e299ed0d3d412a01d244fe28260d7f5"},"headline":"El\u00a0Gobierno de Catalunya en el Cono Sur\u00a0celebr\u00f3 Sant Jordi con literatura, patrimonio y fotograf\u00eda","datePublished":"2026-04-29T11:00:00+00:00","mainEntityOfPage":{"@id":"https:\/\/modoviajeok.com.ar\/index.php\/2026\/04\/29\/el-gobierno-de-catalunya-en-el-cono-sur-celebro-sant-jordi-con-literatura-patrimonio-y-fotografia\/"},"wordCount":605,"commentCount":0,"publisher":{"@id":"https:\/\/modoviajeok.com.ar\/#organization"},"image":{"@id":"https:\/\/modoviajeok.com.ar\/index.php\/2026\/04\/29\/el-gobierno-de-catalunya-en-el-cono-sur-celebro-sant-jordi-con-literatura-patrimonio-y-fotografia\/#primaryimage"},"thumbnailUrl":"https:\/\/modoviajeok.com.ar\/wp-content\/uploads\/2026\/04\/IMG_5898.jpg","keywords":["catalunya","sant jordi"],"articleSection":["Argentina","Noticias"],"inLanguage":"es","potentialAction":[{"@type":"CommentAction","name":"Comment","target":["https:\/\/modoviajeok.com.ar\/index.php\/2026\/04\/29\/el-gobierno-de-catalunya-en-el-cono-sur-celebro-sant-jordi-con-literatura-patrimonio-y-fotografia\/#respond"]}]},{"@type":"WebPage","@id":"https:\/\/modoviajeok.com.ar\/index.php\/2026\/04\/29\/el-gobierno-de-catalunya-en-el-cono-sur-celebro-sant-jordi-con-literatura-patrimonio-y-fotografia\/","url":"https:\/\/modoviajeok.com.ar\/index.php\/2026\/04\/29\/el-gobierno-de-catalunya-en-el-cono-sur-celebro-sant-jordi-con-literatura-patrimonio-y-fotografia\/","name":"El\u00a0Gobierno de Catalunya en el Cono Sur\u00a0celebr\u00f3 Sant Jordi con literatura, patrimonio y fotograf\u00eda -","isPartOf":{"@id":"https:\/\/modoviajeok.com.ar\/#website"},"primaryImageOfPage":{"@id":"https:\/\/modoviajeok.com.ar\/index.php\/2026\/04\/29\/el-gobierno-de-catalunya-en-el-cono-sur-celebro-sant-jordi-con-literatura-patrimonio-y-fotografia\/#primaryimage"},"image":{"@id":"https:\/\/modoviajeok.com.ar\/index.php\/2026\/04\/29\/el-gobierno-de-catalunya-en-el-cono-sur-celebro-sant-jordi-con-literatura-patrimonio-y-fotografia\/#primaryimage"},"thumbnailUrl":"https:\/\/modoviajeok.com.ar\/wp-content\/uploads\/2026\/04\/IMG_5898.jpg","datePublished":"2026-04-29T11:00:00+00:00","breadcrumb":{"@id":"https:\/\/modoviajeok.com.ar\/index.php\/2026\/04\/29\/el-gobierno-de-catalunya-en-el-cono-sur-celebro-sant-jordi-con-literatura-patrimonio-y-fotografia\/#breadcrumb"},"inLanguage":"es","potentialAction":[{"@type":"ReadAction","target":["https:\/\/modoviajeok.com.ar\/index.php\/2026\/04\/29\/el-gobierno-de-catalunya-en-el-cono-sur-celebro-sant-jordi-con-literatura-patrimonio-y-fotografia\/"]}]},{"@type":"ImageObject","inLanguage":"es","@id":"https:\/\/modoviajeok.com.ar\/index.php\/2026\/04\/29\/el-gobierno-de-catalunya-en-el-cono-sur-celebro-sant-jordi-con-literatura-patrimonio-y-fotografia\/#primaryimage","url":"https:\/\/modoviajeok.com.ar\/wp-content\/uploads\/2026\/04\/IMG_5898.jpg","contentUrl":"https:\/\/modoviajeok.com.ar\/wp-content\/uploads\/2026\/04\/IMG_5898.jpg","width":1080,"height":1350},{"@type":"BreadcrumbList","@id":"https:\/\/modoviajeok.com.ar\/index.php\/2026\/04\/29\/el-gobierno-de-catalunya-en-el-cono-sur-celebro-sant-jordi-con-literatura-patrimonio-y-fotografia\/#breadcrumb","itemListElement":[{"@type":"ListItem","position":1,"name":"Portada","item":"https:\/\/modoviajeok.com.ar\/"},{"@type":"ListItem","position":2,"name":"El\u00a0Gobierno de Catalunya en el Cono Sur\u00a0celebr\u00f3 Sant Jordi con literatura, patrimonio y fotograf\u00eda"}]},{"@type":"WebSite","@id":"https:\/\/modoviajeok.com.ar\/#website","url":"https:\/\/modoviajeok.com.ar\/","name":"ModoViajeOK","description":"","publisher":{"@id":"https:\/\/modoviajeok.com.ar\/#organization"},"potentialAction":[{"@type":"SearchAction","target":{"@type":"EntryPoint","urlTemplate":"https:\/\/modoviajeok.com.ar\/?s={search_term_string}"},"query-input":{"@type":"PropertyValueSpecification","valueRequired":true,"valueName":"search_term_string"}}],"inLanguage":"es"},{"@type":"Organization","@id":"https:\/\/modoviajeok.com.ar\/#organization","name":"ModoViajeOK","url":"https:\/\/modoviajeok.com.ar\/","logo":{"@type":"ImageObject","inLanguage":"es","@id":"https:\/\/modoviajeok.com.ar\/#\/schema\/logo\/image\/","url":"https:\/\/modoviajeok.com.ar\/wp-content\/uploads\/2025\/01\/Logo-modoviajeok.png","contentUrl":"https:\/\/modoviajeok.com.ar\/wp-content\/uploads\/2025\/01\/Logo-modoviajeok.png","width":2938,"height":2276,"caption":"ModoViajeOK"},"image":{"@id":"https:\/\/modoviajeok.com.ar\/#\/schema\/logo\/image\/"},"sameAs":["https:\/\/www.facebook.com\/mariana.otero1\/","https:\/\/www.instagram.com\/modoviaje.ok\/"]},{"@type":"Person","@id":"https:\/\/modoviajeok.com.ar\/#\/schema\/person\/2e299ed0d3d412a01d244fe28260d7f5","name":"Pepe Segura","image":{"@type":"ImageObject","inLanguage":"es","@id":"https:\/\/modoviajeok.com.ar\/#\/schema\/person\/image\/","url":"https:\/\/secure.gravatar.com\/avatar\/65eb4b34deed761327f5b2c5535b987318ae807900ac46426de7258f5de6d345?s=96&d=mm&r=g","contentUrl":"https:\/\/secure.gravatar.com\/avatar\/65eb4b34deed761327f5b2c5535b987318ae807900ac46426de7258f5de6d345?s=96&d=mm&r=g","caption":"Pepe Segura"},"url":"https:\/\/modoviajeok.com.ar\/index.php\/author\/pepe2025\/"}]}},"_links":{"self":[{"href":"https:\/\/modoviajeok.com.ar\/index.php\/wp-json\/wp\/v2\/posts\/8839","targetHints":{"allow":["GET"]}}],"collection":[{"href":"https:\/\/modoviajeok.com.ar\/index.php\/wp-json\/wp\/v2\/posts"}],"about":[{"href":"https:\/\/modoviajeok.com.ar\/index.php\/wp-json\/wp\/v2\/types\/post"}],"author":[{"embeddable":true,"href":"https:\/\/modoviajeok.com.ar\/index.php\/wp-json\/wp\/v2\/users\/3"}],"replies":[{"embeddable":true,"href":"https:\/\/modoviajeok.com.ar\/index.php\/wp-json\/wp\/v2\/comments?post=8839"}],"version-history":[{"count":1,"href":"https:\/\/modoviajeok.com.ar\/index.php\/wp-json\/wp\/v2\/posts\/8839\/revisions"}],"predecessor-version":[{"id":8845,"href":"https:\/\/modoviajeok.com.ar\/index.php\/wp-json\/wp\/v2\/posts\/8839\/revisions\/8845"}],"wp:featuredmedia":[{"embeddable":true,"href":"https:\/\/modoviajeok.com.ar\/index.php\/wp-json\/wp\/v2\/media\/8844"}],"wp:attachment":[{"href":"https:\/\/modoviajeok.com.ar\/index.php\/wp-json\/wp\/v2\/media?parent=8839"}],"wp:term":[{"taxonomy":"category","embeddable":true,"href":"https:\/\/modoviajeok.com.ar\/index.php\/wp-json\/wp\/v2\/categories?post=8839"},{"taxonomy":"post_tag","embeddable":true,"href":"https:\/\/modoviajeok.com.ar\/index.php\/wp-json\/wp\/v2\/tags?post=8839"}],"curies":[{"name":"wp","href":"https:\/\/api.w.org\/{rel}","templated":true}]}}