{"id":933,"date":"2025-01-24T18:12:46","date_gmt":"2025-01-24T21:12:46","guid":{"rendered":"https:\/\/modoviajeok.com.ar\/?p=933"},"modified":"2025-03-19T09:55:40","modified_gmt":"2025-03-19T12:55:40","slug":"el-valle-medio-de-rio-negro-abre-sus-puertas-al-turismo","status":"publish","type":"post","link":"https:\/\/modoviajeok.com.ar\/index.php\/2025\/01\/24\/el-valle-medio-de-rio-negro-abre-sus-puertas-al-turismo\/","title":{"rendered":"El Valle Medio de R\u00edo Negro: un oasis verde"},"content":{"rendered":"\n<p> El \u201cvalle medio\u201d de la provincia de R\u00edo Negro es un para\u00edso a descubrir en la Patagonia argentina. A s\u00f3lo 180 kil\u00f3metros del balneario Las Grutas y a 690 de Bariloche, este conglomerado de siete localidades cercanas al cauce medio del r\u00edo Negro, comienza a despertarse como un destino tur\u00edstico de gran potencial.<\/p>\n\n\n\n<figure class=\"wp-block-image size-full\"><img loading=\"lazy\" decoding=\"async\" width=\"1227\" height=\"945\" src=\"https:\/\/modoviajeok.com.ar\/wp-content\/uploads\/2025\/01\/DSCN0274_1.jpg\" alt=\"\" class=\"wp-image-936\" srcset=\"https:\/\/modoviajeok.com.ar\/wp-content\/uploads\/2025\/01\/DSCN0274_1.jpg 1227w, https:\/\/modoviajeok.com.ar\/wp-content\/uploads\/2025\/01\/DSCN0274_1-768x591.jpg 768w, https:\/\/modoviajeok.com.ar\/wp-content\/uploads\/2025\/01\/DSCN0274_1-545x420.jpg 545w, https:\/\/modoviajeok.com.ar\/wp-content\/uploads\/2025\/01\/DSCN0274_1-150x116.jpg 150w, https:\/\/modoviajeok.com.ar\/wp-content\/uploads\/2025\/01\/DSCN0274_1-300x231.jpg 300w, https:\/\/modoviajeok.com.ar\/wp-content\/uploads\/2025\/01\/DSCN0274_1-696x536.jpg 696w, https:\/\/modoviajeok.com.ar\/wp-content\/uploads\/2025\/01\/DSCN0274_1-1068x823.jpg 1068w\" sizes=\"auto, (max-width: 1227px) 100vw, 1227px\" \/><\/figure>\n\n\n\n<p>Choele Choel (en tehuelche, flor amarilla o ruidos extra\u00f1os) es la cabecera, un oasis verde donde se produce la mayor variedad de alimentos de la provincia. Es, tambi\u00e9n, el punto de partida de \u201cla ruta del valle medio\u201d.<\/p>\n\n\n\n<p>Con el auge del turismo de cercan\u00edas, la regi\u00f3n comenz\u00f3 a recibir cada vez m\u00e1s visitantes y a abrirse al mundo.&nbsp;<\/p>\n\n\n\n<p>El \u201cvalle medio\u201d se ubica en la mitad del trayecto del r\u00edo Negro, conocido en Choele Choel como \u201cel Nilo de la Patagonia\u201d, por su extensi\u00f3n de m\u00e1s de 700 kil\u00f3metros desde su nacimiento en la confluencia del r\u00edo Limay con el r\u00edo Neuqu\u00e9n hasta su desembocadura en el oc\u00e9ano Atl\u00e1ntico.<\/p>\n\n\n\n<p>En este rinc\u00f3n patag\u00f3nico, hay opciones de turismo alternativo y de aventura, de turismo hist\u00f3rico-cultural y de turismo arqueol\u00f3gico. Tambi\u00e9n hay cielos incre\u00edbles, bosques y productos de la tierra de alta calidad.<\/p>\n\n\n\n<p>Dentro del recorrido por las delicias de la zona, Sebasti\u00e1n Gonz\u00e1lez procesa miel org\u00e1nica y gourmet (Mialma) con c\u00farcuma, canela o jengibre en su chacra de Choele Choel.<\/p>\n\n\n\n<p>El circuito gastron\u00f3mico con insumos locales est\u00e1 en pleno crecimiento en este valle. Se ofrecen platos que fusionan frutas, verduras, miel y carnes (ciervo, jabal\u00ed y cordero) que abundan en la regi\u00f3n y que se acompa\u00f1an con cervezas artesanales o vinos de exportaci\u00f3n.<\/p>\n\n\n\n<figure class=\"wp-block-image size-full\"><img loading=\"lazy\" decoding=\"async\" width=\"2560\" height=\"2142\" src=\"https:\/\/modoviajeok.com.ar\/wp-content\/uploads\/2025\/01\/DSCN0281-scaled.jpg\" alt=\"\" class=\"wp-image-935\" srcset=\"https:\/\/modoviajeok.com.ar\/wp-content\/uploads\/2025\/01\/DSCN0281-scaled.jpg 2560w, https:\/\/modoviajeok.com.ar\/wp-content\/uploads\/2025\/01\/DSCN0281-768x643.jpg 768w, https:\/\/modoviajeok.com.ar\/wp-content\/uploads\/2025\/01\/DSCN0281-1536x1285.jpg 1536w, https:\/\/modoviajeok.com.ar\/wp-content\/uploads\/2025\/01\/DSCN0281-2048x1714.jpg 2048w, https:\/\/modoviajeok.com.ar\/wp-content\/uploads\/2025\/01\/DSCN0281-502x420.jpg 502w, https:\/\/modoviajeok.com.ar\/wp-content\/uploads\/2025\/01\/DSCN0281-150x126.jpg 150w, https:\/\/modoviajeok.com.ar\/wp-content\/uploads\/2025\/01\/DSCN0281-300x251.jpg 300w, https:\/\/modoviajeok.com.ar\/wp-content\/uploads\/2025\/01\/DSCN0281-696x582.jpg 696w, https:\/\/modoviajeok.com.ar\/wp-content\/uploads\/2025\/01\/DSCN0281-1068x894.jpg 1068w, https:\/\/modoviajeok.com.ar\/wp-content\/uploads\/2025\/01\/DSCN0281-1920x1607.jpg 1920w\" sizes=\"auto, (max-width: 2560px) 100vw, 2560px\" \/><\/figure>\n\n\n\n<p>El valle es una excelente opci\u00f3n para tres noches y dos d\u00edas completos (o tal vez, tres) cuando se viaja desde C\u00f3rdoba hacia Las Grutas. Tambi\u00e9n es una alternativa para descansar, y descubrir un nuevo paisaje, cuando se cruza la provincia de R\u00edo Negro, desde la cordillera al mar.<\/p>\n\n\n\n<p>Choele Choel, a mil kil\u00f3metros de C\u00f3rdoba, es un sitio de turismo emergente con 400 plazas hoteleras, y es una parada estrat\u00e9gica y obligada cuando se viaja m\u00e1s al sur.<\/p>\n\n\n\n<figure class=\"wp-block-image size-full\"><img loading=\"lazy\" decoding=\"async\" width=\"2032\" height=\"2560\" src=\"https:\/\/modoviajeok.com.ar\/wp-content\/uploads\/2025\/01\/foto-galeria-5.-Un-producto-made-in-Chacra-Experimental.-Un-choclo-multicolor-scaled.jpg\" alt=\"\" class=\"wp-image-937\" srcset=\"https:\/\/modoviajeok.com.ar\/wp-content\/uploads\/2025\/01\/foto-galeria-5.-Un-producto-made-in-Chacra-Experimental.-Un-choclo-multicolor-scaled.jpg 2032w, https:\/\/modoviajeok.com.ar\/wp-content\/uploads\/2025\/01\/foto-galeria-5.-Un-producto-made-in-Chacra-Experimental.-Un-choclo-multicolor-768x968.jpg 768w, https:\/\/modoviajeok.com.ar\/wp-content\/uploads\/2025\/01\/foto-galeria-5.-Un-producto-made-in-Chacra-Experimental.-Un-choclo-multicolor-1219x1536.jpg 1219w, https:\/\/modoviajeok.com.ar\/wp-content\/uploads\/2025\/01\/foto-galeria-5.-Un-producto-made-in-Chacra-Experimental.-Un-choclo-multicolor-1625x2048.jpg 1625w, https:\/\/modoviajeok.com.ar\/wp-content\/uploads\/2025\/01\/foto-galeria-5.-Un-producto-made-in-Chacra-Experimental.-Un-choclo-multicolor-333x420.jpg 333w, https:\/\/modoviajeok.com.ar\/wp-content\/uploads\/2025\/01\/foto-galeria-5.-Un-producto-made-in-Chacra-Experimental.-Un-choclo-multicolor-150x189.jpg 150w, https:\/\/modoviajeok.com.ar\/wp-content\/uploads\/2025\/01\/foto-galeria-5.-Un-producto-made-in-Chacra-Experimental.-Un-choclo-multicolor-300x378.jpg 300w, https:\/\/modoviajeok.com.ar\/wp-content\/uploads\/2025\/01\/foto-galeria-5.-Un-producto-made-in-Chacra-Experimental.-Un-choclo-multicolor-696x877.jpg 696w, https:\/\/modoviajeok.com.ar\/wp-content\/uploads\/2025\/01\/foto-galeria-5.-Un-producto-made-in-Chacra-Experimental.-Un-choclo-multicolor-1068x1346.jpg 1068w, https:\/\/modoviajeok.com.ar\/wp-content\/uploads\/2025\/01\/foto-galeria-5.-Un-producto-made-in-Chacra-Experimental.-Un-choclo-multicolor-1920x2419.jpg 1920w\" sizes=\"auto, (max-width: 2032px) 100vw, 2032px\" \/><\/figure>\n\n\n\n<p>Una vez en el valle, una buena opci\u00f3n es animarse al turismo por las chacras y estancias, con alojamiento rural. Hay varias alternativas interesantes, como la bodega Videla Dorna, en Luis Beltr\u00e1n.<\/p>\n\n\n\n<p>De d\u00eda, el plan principal es conectarse con la naturaleza: cabalgatas con almuerzos camperos, caminatas por senderos arbolados y cosecha de frambuesas, en compa\u00f1\u00eda de sus productores.<\/p>\n\n\n\n<p>La \u201cisla grande\u201d de Choele Choel, abrazada por el r\u00edo Negro, alberga a tres de las siete localidades del valle: Luis Beltr\u00e1n, Lamarque y Pomona, conocido como \u201cel jard\u00edn del valle\u201d por sus incre\u00edbles rosales.<\/p>\n\n\n\n<p>Las restantes, fuera de la isla, son Choele Choel, Belisle, Darwin y Chimpay, que ofrecen tranquilidad, paisajes y una incre\u00edble variedad de productos frescos.<\/p>\n\n\n\n<p>\u201cLos invernaderos de Lourdes\u201d, en el kil\u00f3metro 271 de la ruta 250 en el ingreso a Lamarque, es \u201cel lugar\u201d para conseguir almendras, nueces, frutas y verduras de primera calidad (hay zapallos de hasta 20 kilos), a muy buen precio.<\/p>\n\n\n\n<p>Se trata del emprendimiento frutihort\u00edcola de Lourdes Morales y su familia, oriunda de Tarija (Bolivia), que se instal\u00f3 hace 13 a\u00f1os en el \u201cvalle medio\u201d (despu\u00e9s de haber vivido en Falda del Carmen, en C\u00f3rdoba) para trabajar la tierra.<\/p>\n\n\n\n<figure class=\"wp-block-image size-full\"><img loading=\"lazy\" decoding=\"async\" width=\"2560\" height=\"2158\" src=\"https:\/\/modoviajeok.com.ar\/wp-content\/uploads\/2025\/01\/IMG_20210430_111610786_HDR2-scaled.jpg\" alt=\"\" class=\"wp-image-940\" srcset=\"https:\/\/modoviajeok.com.ar\/wp-content\/uploads\/2025\/01\/IMG_20210430_111610786_HDR2-scaled.jpg 2560w, https:\/\/modoviajeok.com.ar\/wp-content\/uploads\/2025\/01\/IMG_20210430_111610786_HDR2-768x647.jpg 768w, https:\/\/modoviajeok.com.ar\/wp-content\/uploads\/2025\/01\/IMG_20210430_111610786_HDR2-1536x1295.jpg 1536w, https:\/\/modoviajeok.com.ar\/wp-content\/uploads\/2025\/01\/IMG_20210430_111610786_HDR2-2048x1726.jpg 2048w, https:\/\/modoviajeok.com.ar\/wp-content\/uploads\/2025\/01\/IMG_20210430_111610786_HDR2-498x420.jpg 498w, https:\/\/modoviajeok.com.ar\/wp-content\/uploads\/2025\/01\/IMG_20210430_111610786_HDR2-150x126.jpg 150w, https:\/\/modoviajeok.com.ar\/wp-content\/uploads\/2025\/01\/IMG_20210430_111610786_HDR2-300x253.jpg 300w, https:\/\/modoviajeok.com.ar\/wp-content\/uploads\/2025\/01\/IMG_20210430_111610786_HDR2-696x587.jpg 696w, https:\/\/modoviajeok.com.ar\/wp-content\/uploads\/2025\/01\/IMG_20210430_111610786_HDR2-1068x900.jpg 1068w, https:\/\/modoviajeok.com.ar\/wp-content\/uploads\/2025\/01\/IMG_20210430_111610786_HDR2-1920x1618.jpg 1920w\" sizes=\"auto, (max-width: 2560px) 100vw, 2560px\" \/><\/figure>\n\n\n\n<p>Para los amantes del turismo aventura, en el \u201cvalle medio\u201d es posible navegar en lanchas o gomones y, tambi\u00e9n, sobrevolar la regi\u00f3n en una avioneta Pipper de cuatro plazas. El vuelo de bautismo, que parte desde el aeroclub de Choele Choel, vale la pena.<\/p>\n\n\n\n<p>Un buen paseo matutino es la expedici\u00f3n al zanj\u00f3n de los loros, una formaci\u00f3n orogr\u00e1fica de la estepa patag\u00f3nica, erosionada por vientos y lluvias, donde anidan los loros barranqueros con sus cr\u00edas. Tambi\u00e9n es posible avistar b\u00fahos blancos y hacer rapel.<\/p>\n\n\n\n<p>Otra opci\u00f3n es visitar la Isla 92, reserva natural protegida de 60 hect\u00e1reas, que se encuentra a 200 metros del ejido urbano de Choele Choel.<\/p>\n\n\n\n<p>Desde all\u00ed parten los paseos en lancha para el reconocimiento del r\u00edo y sus islas, combinables con circuitos en bicicleta por la isla grande y, luego, bajada en kayak.<\/p>\n\n\n\n<p>Lamarque, a 16 kil\u00f3metros de Choele Choel, muestra con orgullo haber sido el lugar de nacimiento del periodista y escritor Rodolfo Walsh, asesinado durante la \u00faltima dictadura militar. Se conserva la casa natal (no es museo) y su partida de nacimiento puede verse en la Casa de la Cultura, frente a la plaza principal del pueblo.<\/p>\n\n\n\n<figure class=\"wp-block-image size-full\"><img loading=\"lazy\" decoding=\"async\" width=\"2195\" height=\"2560\" src=\"https:\/\/modoviajeok.com.ar\/wp-content\/uploads\/2025\/01\/IMG_20210501_102205067-scaled.jpg\" alt=\"\" class=\"wp-image-938\" srcset=\"https:\/\/modoviajeok.com.ar\/wp-content\/uploads\/2025\/01\/IMG_20210501_102205067-scaled.jpg 2195w, https:\/\/modoviajeok.com.ar\/wp-content\/uploads\/2025\/01\/IMG_20210501_102205067-768x896.jpg 768w, https:\/\/modoviajeok.com.ar\/wp-content\/uploads\/2025\/01\/IMG_20210501_102205067-1317x1536.jpg 1317w, https:\/\/modoviajeok.com.ar\/wp-content\/uploads\/2025\/01\/IMG_20210501_102205067-1756x2048.jpg 1756w, https:\/\/modoviajeok.com.ar\/wp-content\/uploads\/2025\/01\/IMG_20210501_102205067-360x420.jpg 360w, https:\/\/modoviajeok.com.ar\/wp-content\/uploads\/2025\/01\/IMG_20210501_102205067-150x175.jpg 150w, https:\/\/modoviajeok.com.ar\/wp-content\/uploads\/2025\/01\/IMG_20210501_102205067-300x350.jpg 300w, https:\/\/modoviajeok.com.ar\/wp-content\/uploads\/2025\/01\/IMG_20210501_102205067-696x812.jpg 696w, https:\/\/modoviajeok.com.ar\/wp-content\/uploads\/2025\/01\/IMG_20210501_102205067-1068x1245.jpg 1068w, https:\/\/modoviajeok.com.ar\/wp-content\/uploads\/2025\/01\/IMG_20210501_102205067-1920x2239.jpg 1920w\" sizes=\"auto, (max-width: 2195px) 100vw, 2195px\" \/><\/figure>\n\n\n\n<p>A pocas cuadras se llega al Museo Paleontol\u00f3gico Municipal H\u00e9ctor Cabaza, donde se exhiben restos f\u00f3siles y huevos de dinosaurios encontrados en la zona. La muestra alberga una r\u00e9plica en tama\u00f1o real del Tuarangisaurus Cabasai, \u201cel drag\u00f3n de las profundidades\u201d, un saurio marino que vivi\u00f3 hace 65 millones de a\u00f1os.<\/p>\n\n\n\n<p><em>Esta nota se public\u00f3 originalmente en La Voz del Interior. LINK: <a href=\"https:\/\/voydeviaje.lavoz.com.ar\/argentina\/valle-medio-de-rio-negro-un-oasis-verde\/\" data-type=\"link\" data-id=\"https:\/\/voydeviaje.lavoz.com.ar\/argentina\/valle-medio-de-rio-negro-un-oasis-verde\/\">El valle medio de R\u00edo Negro, un oasis verde<\/a>.<\/em><\/p>\n\n\n\n<p><\/p>\n\n\n","protected":false},"excerpt":{"rendered":"<p>El \u201cvalle medio\u201d de la provincia de R\u00edo Negro es un para\u00edso a descubrir en la Patagonia argentina. A s\u00f3lo 180 kil\u00f3metros del balneario Las Grutas y a 690 de Bariloche, este conglomerado de siete localidades cercanas al cauce medio del r\u00edo Negro, comienza a despertarse como un destino tur\u00edstico de gran potencial. Choele Choel [&hellip;]<\/p>\n","protected":false},"author":2,"featured_media":941,"comment_status":"open","ping_status":"open","sticky":false,"template":"","format":"standard","meta":{"_acf_changed":false,"footnotes":""},"categories":[13,2],"tags":[31,113,112,78,87,111],"class_list":{"0":"post-933","1":"post","2":"type-post","3":"status-publish","4":"format-standard","5":"has-post-thumbnail","7":"category-argentina","8":"category-destacadas","9":"tag-argentina","10":"tag-choele-choel","11":"tag-enbigha","12":"tag-naturaleza","13":"tag-patagonia","14":"tag-rio-negro"},"acf":[],"yoast_head":"<!-- This site is optimized with the Yoast SEO plugin v24.8.1 - https:\/\/yoast.com\/wordpress\/plugins\/seo\/ -->\n<title>El Valle Medio de R\u00edo Negro: un oasis verde -<\/title>\n<meta name=\"robots\" content=\"index, follow, max-snippet:-1, max-image-preview:large, max-video-preview:-1\" \/>\n<link rel=\"canonical\" href=\"https:\/\/modoviajeok.com.ar\/index.php\/2025\/01\/24\/el-valle-medio-de-rio-negro-abre-sus-puertas-al-turismo\/\" \/>\n<meta property=\"og:locale\" content=\"es_ES\" \/>\n<meta property=\"og:type\" content=\"article\" \/>\n<meta property=\"og:title\" content=\"El Valle Medio de R\u00edo Negro: un oasis verde -\" \/>\n<meta property=\"og:description\" content=\"El \u201cvalle medio\u201d de la provincia de R\u00edo Negro es un para\u00edso a descubrir en la Patagonia argentina. A s\u00f3lo 180 kil\u00f3metros del balneario Las Grutas y a 690 de Bariloche, este conglomerado de siete localidades cercanas al cauce medio del r\u00edo Negro, comienza a despertarse como un destino tur\u00edstico de gran potencial. Choele Choel [&hellip;]\" \/>\n<meta property=\"og:url\" content=\"https:\/\/modoviajeok.com.ar\/index.php\/2025\/01\/24\/el-valle-medio-de-rio-negro-abre-sus-puertas-al-turismo\/\" \/>\n<meta property=\"article:publisher\" content=\"https:\/\/www.facebook.com\/mariana.otero1\/\" \/>\n<meta property=\"article:published_time\" content=\"2025-01-24T21:12:46+00:00\" \/>\n<meta property=\"article:modified_time\" content=\"2025-03-19T12:55:40+00:00\" \/>\n<meta property=\"og:image\" content=\"https:\/\/modoviajeok.com.ar\/wp-content\/uploads\/2025\/01\/IMG_20210429_180809656-scaled.jpg\" \/>\n\t<meta property=\"og:image:width\" content=\"2560\" \/>\n\t<meta property=\"og:image:height\" content=\"1920\" \/>\n\t<meta property=\"og:image:type\" content=\"image\/jpeg\" \/>\n<meta name=\"author\" content=\"Mariana Otero\" \/>\n<meta name=\"twitter:card\" content=\"summary_large_image\" \/>\n<meta name=\"twitter:label1\" content=\"Escrito por\" \/>\n\t<meta name=\"twitter:data1\" content=\"Mariana Otero\" \/>\n\t<meta name=\"twitter:label2\" content=\"Tiempo de lectura\" \/>\n\t<meta name=\"twitter:data2\" content=\"4 minutos\" \/>\n<script type=\"application\/ld+json\" class=\"yoast-schema-graph\">{\"@context\":\"https:\/\/schema.org\",\"@graph\":[{\"@type\":\"Article\",\"@id\":\"https:\/\/modoviajeok.com.ar\/index.php\/2025\/01\/24\/el-valle-medio-de-rio-negro-abre-sus-puertas-al-turismo\/#article\",\"isPartOf\":{\"@id\":\"https:\/\/modoviajeok.com.ar\/index.php\/2025\/01\/24\/el-valle-medio-de-rio-negro-abre-sus-puertas-al-turismo\/\"},\"author\":{\"name\":\"Mariana Otero\",\"@id\":\"https:\/\/modoviajeok.com.ar\/#\/schema\/person\/1187013488537969db5b1320484d24f4\"},\"headline\":\"El Valle Medio de R\u00edo Negro: un oasis verde\",\"datePublished\":\"2025-01-24T21:12:46+00:00\",\"dateModified\":\"2025-03-19T12:55:40+00:00\",\"mainEntityOfPage\":{\"@id\":\"https:\/\/modoviajeok.com.ar\/index.php\/2025\/01\/24\/el-valle-medio-de-rio-negro-abre-sus-puertas-al-turismo\/\"},\"wordCount\":884,\"commentCount\":0,\"publisher\":{\"@id\":\"https:\/\/modoviajeok.com.ar\/#organization\"},\"image\":{\"@id\":\"https:\/\/modoviajeok.com.ar\/index.php\/2025\/01\/24\/el-valle-medio-de-rio-negro-abre-sus-puertas-al-turismo\/#primaryimage\"},\"thumbnailUrl\":\"https:\/\/modoviajeok.com.ar\/wp-content\/uploads\/2025\/01\/IMG_20210429_180809656-scaled.jpg\",\"keywords\":[\"argentina\",\"choele choel\",\"enbigha\",\"naturaleza\",\"patagonia\",\"rio negro\"],\"articleSection\":[\"Argentina\",\"Destacadas\"],\"inLanguage\":\"es\",\"potentialAction\":[{\"@type\":\"CommentAction\",\"name\":\"Comment\",\"target\":[\"https:\/\/modoviajeok.com.ar\/index.php\/2025\/01\/24\/el-valle-medio-de-rio-negro-abre-sus-puertas-al-turismo\/#respond\"]}]},{\"@type\":\"WebPage\",\"@id\":\"https:\/\/modoviajeok.com.ar\/index.php\/2025\/01\/24\/el-valle-medio-de-rio-negro-abre-sus-puertas-al-turismo\/\",\"url\":\"https:\/\/modoviajeok.com.ar\/index.php\/2025\/01\/24\/el-valle-medio-de-rio-negro-abre-sus-puertas-al-turismo\/\",\"name\":\"El Valle Medio de R\u00edo Negro: un oasis verde -\",\"isPartOf\":{\"@id\":\"https:\/\/modoviajeok.com.ar\/#website\"},\"primaryImageOfPage\":{\"@id\":\"https:\/\/modoviajeok.com.ar\/index.php\/2025\/01\/24\/el-valle-medio-de-rio-negro-abre-sus-puertas-al-turismo\/#primaryimage\"},\"image\":{\"@id\":\"https:\/\/modoviajeok.com.ar\/index.php\/2025\/01\/24\/el-valle-medio-de-rio-negro-abre-sus-puertas-al-turismo\/#primaryimage\"},\"thumbnailUrl\":\"https:\/\/modoviajeok.com.ar\/wp-content\/uploads\/2025\/01\/IMG_20210429_180809656-scaled.jpg\",\"datePublished\":\"2025-01-24T21:12:46+00:00\",\"dateModified\":\"2025-03-19T12:55:40+00:00\",\"breadcrumb\":{\"@id\":\"https:\/\/modoviajeok.com.ar\/index.php\/2025\/01\/24\/el-valle-medio-de-rio-negro-abre-sus-puertas-al-turismo\/#breadcrumb\"},\"inLanguage\":\"es\",\"potentialAction\":[{\"@type\":\"ReadAction\",\"target\":[\"https:\/\/modoviajeok.com.ar\/index.php\/2025\/01\/24\/el-valle-medio-de-rio-negro-abre-sus-puertas-al-turismo\/\"]}]},{\"@type\":\"ImageObject\",\"inLanguage\":\"es\",\"@id\":\"https:\/\/modoviajeok.com.ar\/index.php\/2025\/01\/24\/el-valle-medio-de-rio-negro-abre-sus-puertas-al-turismo\/#primaryimage\",\"url\":\"https:\/\/modoviajeok.com.ar\/wp-content\/uploads\/2025\/01\/IMG_20210429_180809656-scaled.jpg\",\"contentUrl\":\"https:\/\/modoviajeok.com.ar\/wp-content\/uploads\/2025\/01\/IMG_20210429_180809656-scaled.jpg\",\"width\":2560,\"height\":1920},{\"@type\":\"BreadcrumbList\",\"@id\":\"https:\/\/modoviajeok.com.ar\/index.php\/2025\/01\/24\/el-valle-medio-de-rio-negro-abre-sus-puertas-al-turismo\/#breadcrumb\",\"itemListElement\":[{\"@type\":\"ListItem\",\"position\":1,\"name\":\"Portada\",\"item\":\"https:\/\/modoviajeok.com.ar\/\"},{\"@type\":\"ListItem\",\"position\":2,\"name\":\"El Valle Medio de R\u00edo Negro: un oasis verde\"}]},{\"@type\":\"WebSite\",\"@id\":\"https:\/\/modoviajeok.com.ar\/#website\",\"url\":\"https:\/\/modoviajeok.com.ar\/\",\"name\":\"ModoViajeOK\",\"description\":\"\",\"publisher\":{\"@id\":\"https:\/\/modoviajeok.com.ar\/#organization\"},\"potentialAction\":[{\"@type\":\"SearchAction\",\"target\":{\"@type\":\"EntryPoint\",\"urlTemplate\":\"https:\/\/modoviajeok.com.ar\/?s={search_term_string}\"},\"query-input\":{\"@type\":\"PropertyValueSpecification\",\"valueRequired\":true,\"valueName\":\"search_term_string\"}}],\"inLanguage\":\"es\"},{\"@type\":\"Organization\",\"@id\":\"https:\/\/modoviajeok.com.ar\/#organization\",\"name\":\"ModoViajeOK\",\"url\":\"https:\/\/modoviajeok.com.ar\/\",\"logo\":{\"@type\":\"ImageObject\",\"inLanguage\":\"es\",\"@id\":\"https:\/\/modoviajeok.com.ar\/#\/schema\/logo\/image\/\",\"url\":\"https:\/\/modoviajeok.com.ar\/wp-content\/uploads\/2025\/01\/Logo-modoviajeok.png\",\"contentUrl\":\"https:\/\/modoviajeok.com.ar\/wp-content\/uploads\/2025\/01\/Logo-modoviajeok.png\",\"width\":2938,\"height\":2276,\"caption\":\"ModoViajeOK\"},\"image\":{\"@id\":\"https:\/\/modoviajeok.com.ar\/#\/schema\/logo\/image\/\"},\"sameAs\":[\"https:\/\/www.facebook.com\/mariana.otero1\/\",\"https:\/\/www.instagram.com\/modoviaje.ok\/\"]},{\"@type\":\"Person\",\"@id\":\"https:\/\/modoviajeok.com.ar\/#\/schema\/person\/1187013488537969db5b1320484d24f4\",\"name\":\"Mariana Otero\",\"image\":{\"@type\":\"ImageObject\",\"inLanguage\":\"es\",\"@id\":\"https:\/\/modoviajeok.com.ar\/#\/schema\/person\/image\/\",\"url\":\"https:\/\/secure.gravatar.com\/avatar\/8a91a502a9336849a3500b9090c431bc1418f1d1263d893afeddba065f5add82?s=96&d=mm&r=g\",\"contentUrl\":\"https:\/\/secure.gravatar.com\/avatar\/8a91a502a9336849a3500b9090c431bc1418f1d1263d893afeddba065f5add82?s=96&d=mm&r=g\",\"caption\":\"Mariana Otero\"},\"url\":\"https:\/\/modoviajeok.com.ar\/index.php\/author\/mariana2025\/\"}]}<\/script>\n<!-- \/ Yoast SEO plugin. -->","yoast_head_json":{"title":"El Valle Medio de R\u00edo Negro: un oasis verde -","robots":{"index":"index","follow":"follow","max-snippet":"max-snippet:-1","max-image-preview":"max-image-preview:large","max-video-preview":"max-video-preview:-1"},"canonical":"https:\/\/modoviajeok.com.ar\/index.php\/2025\/01\/24\/el-valle-medio-de-rio-negro-abre-sus-puertas-al-turismo\/","og_locale":"es_ES","og_type":"article","og_title":"El Valle Medio de R\u00edo Negro: un oasis verde -","og_description":"El \u201cvalle medio\u201d de la provincia de R\u00edo Negro es un para\u00edso a descubrir en la Patagonia argentina. A s\u00f3lo 180 kil\u00f3metros del balneario Las Grutas y a 690 de Bariloche, este conglomerado de siete localidades cercanas al cauce medio del r\u00edo Negro, comienza a despertarse como un destino tur\u00edstico de gran potencial. Choele Choel [&hellip;]","og_url":"https:\/\/modoviajeok.com.ar\/index.php\/2025\/01\/24\/el-valle-medio-de-rio-negro-abre-sus-puertas-al-turismo\/","article_publisher":"https:\/\/www.facebook.com\/mariana.otero1\/","article_published_time":"2025-01-24T21:12:46+00:00","article_modified_time":"2025-03-19T12:55:40+00:00","og_image":[{"width":2560,"height":1920,"url":"https:\/\/modoviajeok.com.ar\/wp-content\/uploads\/2025\/01\/IMG_20210429_180809656-scaled.jpg","type":"image\/jpeg"}],"author":"Mariana Otero","twitter_card":"summary_large_image","twitter_misc":{"Escrito por":"Mariana Otero","Tiempo de lectura":"4 minutos"},"schema":{"@context":"https:\/\/schema.org","@graph":[{"@type":"Article","@id":"https:\/\/modoviajeok.com.ar\/index.php\/2025\/01\/24\/el-valle-medio-de-rio-negro-abre-sus-puertas-al-turismo\/#article","isPartOf":{"@id":"https:\/\/modoviajeok.com.ar\/index.php\/2025\/01\/24\/el-valle-medio-de-rio-negro-abre-sus-puertas-al-turismo\/"},"author":{"name":"Mariana Otero","@id":"https:\/\/modoviajeok.com.ar\/#\/schema\/person\/1187013488537969db5b1320484d24f4"},"headline":"El Valle Medio de R\u00edo Negro: un oasis verde","datePublished":"2025-01-24T21:12:46+00:00","dateModified":"2025-03-19T12:55:40+00:00","mainEntityOfPage":{"@id":"https:\/\/modoviajeok.com.ar\/index.php\/2025\/01\/24\/el-valle-medio-de-rio-negro-abre-sus-puertas-al-turismo\/"},"wordCount":884,"commentCount":0,"publisher":{"@id":"https:\/\/modoviajeok.com.ar\/#organization"},"image":{"@id":"https:\/\/modoviajeok.com.ar\/index.php\/2025\/01\/24\/el-valle-medio-de-rio-negro-abre-sus-puertas-al-turismo\/#primaryimage"},"thumbnailUrl":"https:\/\/modoviajeok.com.ar\/wp-content\/uploads\/2025\/01\/IMG_20210429_180809656-scaled.jpg","keywords":["argentina","choele choel","enbigha","naturaleza","patagonia","rio negro"],"articleSection":["Argentina","Destacadas"],"inLanguage":"es","potentialAction":[{"@type":"CommentAction","name":"Comment","target":["https:\/\/modoviajeok.com.ar\/index.php\/2025\/01\/24\/el-valle-medio-de-rio-negro-abre-sus-puertas-al-turismo\/#respond"]}]},{"@type":"WebPage","@id":"https:\/\/modoviajeok.com.ar\/index.php\/2025\/01\/24\/el-valle-medio-de-rio-negro-abre-sus-puertas-al-turismo\/","url":"https:\/\/modoviajeok.com.ar\/index.php\/2025\/01\/24\/el-valle-medio-de-rio-negro-abre-sus-puertas-al-turismo\/","name":"El Valle Medio de R\u00edo Negro: un oasis verde -","isPartOf":{"@id":"https:\/\/modoviajeok.com.ar\/#website"},"primaryImageOfPage":{"@id":"https:\/\/modoviajeok.com.ar\/index.php\/2025\/01\/24\/el-valle-medio-de-rio-negro-abre-sus-puertas-al-turismo\/#primaryimage"},"image":{"@id":"https:\/\/modoviajeok.com.ar\/index.php\/2025\/01\/24\/el-valle-medio-de-rio-negro-abre-sus-puertas-al-turismo\/#primaryimage"},"thumbnailUrl":"https:\/\/modoviajeok.com.ar\/wp-content\/uploads\/2025\/01\/IMG_20210429_180809656-scaled.jpg","datePublished":"2025-01-24T21:12:46+00:00","dateModified":"2025-03-19T12:55:40+00:00","breadcrumb":{"@id":"https:\/\/modoviajeok.com.ar\/index.php\/2025\/01\/24\/el-valle-medio-de-rio-negro-abre-sus-puertas-al-turismo\/#breadcrumb"},"inLanguage":"es","potentialAction":[{"@type":"ReadAction","target":["https:\/\/modoviajeok.com.ar\/index.php\/2025\/01\/24\/el-valle-medio-de-rio-negro-abre-sus-puertas-al-turismo\/"]}]},{"@type":"ImageObject","inLanguage":"es","@id":"https:\/\/modoviajeok.com.ar\/index.php\/2025\/01\/24\/el-valle-medio-de-rio-negro-abre-sus-puertas-al-turismo\/#primaryimage","url":"https:\/\/modoviajeok.com.ar\/wp-content\/uploads\/2025\/01\/IMG_20210429_180809656-scaled.jpg","contentUrl":"https:\/\/modoviajeok.com.ar\/wp-content\/uploads\/2025\/01\/IMG_20210429_180809656-scaled.jpg","width":2560,"height":1920},{"@type":"BreadcrumbList","@id":"https:\/\/modoviajeok.com.ar\/index.php\/2025\/01\/24\/el-valle-medio-de-rio-negro-abre-sus-puertas-al-turismo\/#breadcrumb","itemListElement":[{"@type":"ListItem","position":1,"name":"Portada","item":"https:\/\/modoviajeok.com.ar\/"},{"@type":"ListItem","position":2,"name":"El Valle Medio de R\u00edo Negro: un oasis verde"}]},{"@type":"WebSite","@id":"https:\/\/modoviajeok.com.ar\/#website","url":"https:\/\/modoviajeok.com.ar\/","name":"ModoViajeOK","description":"","publisher":{"@id":"https:\/\/modoviajeok.com.ar\/#organization"},"potentialAction":[{"@type":"SearchAction","target":{"@type":"EntryPoint","urlTemplate":"https:\/\/modoviajeok.com.ar\/?s={search_term_string}"},"query-input":{"@type":"PropertyValueSpecification","valueRequired":true,"valueName":"search_term_string"}}],"inLanguage":"es"},{"@type":"Organization","@id":"https:\/\/modoviajeok.com.ar\/#organization","name":"ModoViajeOK","url":"https:\/\/modoviajeok.com.ar\/","logo":{"@type":"ImageObject","inLanguage":"es","@id":"https:\/\/modoviajeok.com.ar\/#\/schema\/logo\/image\/","url":"https:\/\/modoviajeok.com.ar\/wp-content\/uploads\/2025\/01\/Logo-modoviajeok.png","contentUrl":"https:\/\/modoviajeok.com.ar\/wp-content\/uploads\/2025\/01\/Logo-modoviajeok.png","width":2938,"height":2276,"caption":"ModoViajeOK"},"image":{"@id":"https:\/\/modoviajeok.com.ar\/#\/schema\/logo\/image\/"},"sameAs":["https:\/\/www.facebook.com\/mariana.otero1\/","https:\/\/www.instagram.com\/modoviaje.ok\/"]},{"@type":"Person","@id":"https:\/\/modoviajeok.com.ar\/#\/schema\/person\/1187013488537969db5b1320484d24f4","name":"Mariana Otero","image":{"@type":"ImageObject","inLanguage":"es","@id":"https:\/\/modoviajeok.com.ar\/#\/schema\/person\/image\/","url":"https:\/\/secure.gravatar.com\/avatar\/8a91a502a9336849a3500b9090c431bc1418f1d1263d893afeddba065f5add82?s=96&d=mm&r=g","contentUrl":"https:\/\/secure.gravatar.com\/avatar\/8a91a502a9336849a3500b9090c431bc1418f1d1263d893afeddba065f5add82?s=96&d=mm&r=g","caption":"Mariana Otero"},"url":"https:\/\/modoviajeok.com.ar\/index.php\/author\/mariana2025\/"}]}},"_links":{"self":[{"href":"https:\/\/modoviajeok.com.ar\/index.php\/wp-json\/wp\/v2\/posts\/933","targetHints":{"allow":["GET"]}}],"collection":[{"href":"https:\/\/modoviajeok.com.ar\/index.php\/wp-json\/wp\/v2\/posts"}],"about":[{"href":"https:\/\/modoviajeok.com.ar\/index.php\/wp-json\/wp\/v2\/types\/post"}],"author":[{"embeddable":true,"href":"https:\/\/modoviajeok.com.ar\/index.php\/wp-json\/wp\/v2\/users\/2"}],"replies":[{"embeddable":true,"href":"https:\/\/modoviajeok.com.ar\/index.php\/wp-json\/wp\/v2\/comments?post=933"}],"version-history":[{"count":3,"href":"https:\/\/modoviajeok.com.ar\/index.php\/wp-json\/wp\/v2\/posts\/933\/revisions"}],"predecessor-version":[{"id":949,"href":"https:\/\/modoviajeok.com.ar\/index.php\/wp-json\/wp\/v2\/posts\/933\/revisions\/949"}],"wp:featuredmedia":[{"embeddable":true,"href":"https:\/\/modoviajeok.com.ar\/index.php\/wp-json\/wp\/v2\/media\/941"}],"wp:attachment":[{"href":"https:\/\/modoviajeok.com.ar\/index.php\/wp-json\/wp\/v2\/media?parent=933"}],"wp:term":[{"taxonomy":"category","embeddable":true,"href":"https:\/\/modoviajeok.com.ar\/index.php\/wp-json\/wp\/v2\/categories?post=933"},{"taxonomy":"post_tag","embeddable":true,"href":"https:\/\/modoviajeok.com.ar\/index.php\/wp-json\/wp\/v2\/tags?post=933"}],"curies":[{"name":"wp","href":"https:\/\/api.w.org\/{rel}","templated":true}]}}