{"id":9825,"date":"2026-09-01T01:00:00","date_gmt":"2026-09-01T04:00:00","guid":{"rendered":"https:\/\/modoviajeok.com.ar\/?p=9825"},"modified":"2026-07-16T19:34:29","modified_gmt":"2026-07-16T22:34:29","slug":"la-visita-papal-impulsa-el-turismo-religioso-en-peru","status":"publish","type":"post","link":"https:\/\/modoviajeok.com.ar\/index.php\/2026\/09\/01\/la-visita-papal-impulsa-el-turismo-religioso-en-peru\/","title":{"rendered":"La visita papal impulsa el turismo religioso en Per\u00fa"},"content":{"rendered":"\n<figure class=\"wp-block-pullquote\"><blockquote><p>La pr\u00f3xima visita del papa Le\u00f3n XIV al Per\u00fa, prevista para noviembre, ha despertado una enorme expectativa entre millones de fieles cat\u00f3licos dentro y fuera del pa\u00eds.<\/p><\/blockquote><\/figure>\n\n\n\n<p class=\"wp-block-paragraph\"><\/p>\n\n\n\n<p class=\"wp-block-paragraph\">A la espera de que la Santa Sede confirme oficialmente el itinerario que seguir\u00e1 el Pont\u00edfice durante su estancia, el anuncio de su regreso ya genera un importante impacto no solo en el \u00e1mbito religioso, sino tambi\u00e9n en el tur\u00edstico y cultural. Para numerosos especialistas del sector, esta visita representa una oportunidad excepcional para proyectar al mundo la riqueza del patrimonio religioso peruano y consolidar al pa\u00eds como uno de los principales destinos de turismo de fe en Am\u00e9rica Latina.<\/p>\n\n\n\n<p class=\"wp-block-paragraph\">La figura de Le\u00f3n XIV mantiene una relaci\u00f3n especialmente cercana con el Per\u00fa. Mucho antes de ser elegido como l\u00edder de la Iglesia Cat\u00f3lica, Robert Francis Prevost desarroll\u00f3 gran parte de su labor pastoral en territorio peruano, construyendo v\u00ednculos profundos con comunidades de distintas regiones del pa\u00eds. Su llegada como misionero a la Prelatura de Chulucanas marc\u00f3 el inicio de una trayectoria que posteriormente continu\u00f3 en La Libertad y, a\u00f1os despu\u00e9s, en Chiclayo y el Callao, donde desempe\u00f1\u00f3 importantes responsabilidades eclesi\u00e1sticas.<\/p>\n\n\n\n<p class=\"wp-block-paragraph\">Durante m\u00e1s de dos d\u00e9cadas, su trabajo estuvo ligado a la formaci\u00f3n de religiosos, la atenci\u00f3n pastoral y el acompa\u00f1amiento de comunidades que a\u00fan recuerdan su cercan\u00eda y compromiso. Esa experiencia convirti\u00f3 al Per\u00fa en una parte fundamental de su historia personal y espiritual. Por ello, su regreso como Sumo Pont\u00edfice adquiere una dimensi\u00f3n especial para miles de peruanos que ven en esta visita un acontecimiento hist\u00f3rico cargado de simbolismo, emoci\u00f3n y significado.<\/p>\n\n\n\n<p class=\"wp-block-paragraph\">M\u00e1s all\u00e1 de la relevancia religiosa del acontecimiento, la presencia del Papa abre una valiosa oportunidad para mostrar al mundo la diversidad de expresiones de fe que forman parte de la identidad peruana. El pa\u00eds alberga algunos de los templos, santuarios, conventos y festividades religiosas m\u00e1s importantes de Am\u00e9rica, resultado de siglos de historia en los que confluyeron tradiciones ind\u00edgenas, influencias europeas y manifestaciones populares profundamente arraigadas.<\/p>\n\n\n\n<p class=\"wp-block-paragraph\">Uno de los lugares que concentra especial atenci\u00f3n es la regi\u00f3n de Lambayeque, estrechamente vinculada a la trayectoria pastoral de Le\u00f3n XIV. Este territorio alberga la denominada Ruta de Le\u00f3n, un recorrido que permite conocer iglesias, centros pastorales y espacios relacionados con la labor que desarroll\u00f3 durante su etapa como obispo de Chiclayo. La ruta ofrece una experiencia que combina espiritualidad, historia y cultura, permitiendo a los visitantes acercarse a una etapa decisiva en la vida del actual Pont\u00edfice.<\/p>\n\n\n\n<figure class=\"wp-block-image size-full\"><img loading=\"lazy\" decoding=\"async\" width=\"991\" height=\"472\" src=\"https:\/\/modoviajeok.com.ar\/wp-content\/uploads\/2026\/07\/023702_300305.jpg\" alt=\"\" class=\"wp-image-9826\" srcset=\"https:\/\/modoviajeok.com.ar\/wp-content\/uploads\/2026\/07\/023702_300305.jpg 991w, https:\/\/modoviajeok.com.ar\/wp-content\/uploads\/2026\/07\/023702_300305-768x366.jpg 768w, https:\/\/modoviajeok.com.ar\/wp-content\/uploads\/2026\/07\/023702_300305-882x420.jpg 882w, https:\/\/modoviajeok.com.ar\/wp-content\/uploads\/2026\/07\/023702_300305-150x71.jpg 150w, https:\/\/modoviajeok.com.ar\/wp-content\/uploads\/2026\/07\/023702_300305-300x143.jpg 300w, https:\/\/modoviajeok.com.ar\/wp-content\/uploads\/2026\/07\/023702_300305-696x331.jpg 696w\" sizes=\"auto, (max-width: 991px) 100vw, 991px\" \/><\/figure>\n\n\n\n<p class=\"wp-block-paragraph\">Dentro de esta regi\u00f3n destaca tambi\u00e9n el Santuario de la Sant\u00edsima Cruz de Chalp\u00f3n de Motupe, considerado uno de los principales centros de peregrinaci\u00f3n del Per\u00fa. Cada a\u00f1o, miles de fieles llegan hasta este lugar para participar en una tradici\u00f3n que ha trascendido generaciones y que constituye una de las manifestaciones religiosas m\u00e1s significativas del pa\u00eds. Su relevancia hist\u00f3rica y espiritual lo convierte en un punto de referencia obligado para quienes buscan conocer la riqueza del patrimonio religioso peruano.<\/p>\n\n\n\n<p class=\"wp-block-paragraph\">La ciudad de Lima, otra de las posibles escalas de la visita papal, representa igualmente un escenario de enorme valor hist\u00f3rico y espiritual. Su Centro Hist\u00f3rico alberga una extraordinaria concentraci\u00f3n de iglesias, monasterios y conventos construidos a lo largo de varios siglos. Estos monumentos constituyen un testimonio vivo del proceso de evangelizaci\u00f3n y del desarrollo cultural de la capital peruana, formando uno de los conjuntos arquitect\u00f3nicos religiosos m\u00e1s destacados del continente.<\/p>\n\n\n\n<p class=\"wp-block-paragraph\">La expresi\u00f3n de fe m\u00e1s multitudinaria de Lima se vive cada a\u00f1o con la procesi\u00f3n del Se\u00f1or de los Milagros, considerada una de las mayores manifestaciones religiosas del mundo. Durante octubre, millones de personas acompa\u00f1an el recorrido de la imagen por las calles de la ciudad en una tradici\u00f3n que ha trascendido fronteras y que simboliza la profunda devoci\u00f3n de los peruanos.<\/p>\n\n\n\n<p class=\"wp-block-paragraph\">En el sur del pa\u00eds, Cusco ofrece otra de las experiencias m\u00e1s representativas del turismo religioso peruano. La antigua capital del Imperio Inca conserva un extraordinario patrimonio donde el arte sacro colonial convive con tradiciones ancestrales que siguen vigentes hasta la actualidad. La Ruta del Barroco Andino permite recorrer templos de gran riqueza art\u00edstica e hist\u00f3rica, considerados aut\u00e9nticas joyas del patrimonio cultural peruano.<\/p>\n\n\n\n<p class=\"wp-block-paragraph\">Muy cerca de all\u00ed, la festividad de la Virgen del Carmen de Paucartambo constituye una de las celebraciones religiosas m\u00e1s emblem\u00e1ticas del pa\u00eds. Cada a\u00f1o, miles de personas participan en una festividad que combina fe, m\u00fasica, danza y tradici\u00f3n popular, convirtiendo a esta localidad cusque\u00f1a en un escenario donde la espiritualidad y la cultura se expresan con una intensidad \u00fanica.<\/p>\n\n\n\n<p class=\"wp-block-paragraph\">La visita de Le\u00f3n XIV llega en un momento especialmente favorable para impulsar el turismo religioso en el Per\u00fa. El creciente inter\u00e9s internacional por las rutas de peregrinaci\u00f3n y las experiencias vinculadas al patrimonio espiritual abre nuevas oportunidades para posicionar al pa\u00eds como un destino de referencia en este segmento. La atenci\u00f3n medi\u00e1tica global que acompa\u00f1ar\u00e1 el viaje papal permitir\u00e1 dar visibilidad a lugares de enorme valor hist\u00f3rico y religioso que forman parte del legado cultural peruano.<\/p>\n\n\n\n<p class=\"wp-block-paragraph\">De esta manera, el regreso del Pont\u00edfice no solo quedar\u00e1 grabado en la memoria de millones de creyentes, sino que tambi\u00e9n contribuir\u00e1 a fortalecer la imagen internacional del Per\u00fa como una naci\u00f3n donde la fe, la historia, el arte y las tradiciones se entrelazan para ofrecer experiencias \u00fanicas a visitantes de todo el mundo. La visita papal se perfila as\u00ed como un acontecimiento capaz de impulsar tanto la devoci\u00f3n religiosa como el desarrollo de un turismo cultural y espiritual con gran potencial de crecimiento para los pr\u00f3ximos a\u00f1os.<\/p>\n\n\n\n<p class=\"wp-block-paragraph\"><\/p>\n","protected":false},"excerpt":{"rendered":"<p>La pr\u00f3xima visita del papa Le\u00f3n XIV al Per\u00fa, prevista para noviembre, ha despertado una enorme expectativa entre millones de fieles cat\u00f3licos dentro y fuera del pa\u00eds. A la espera de que la Santa Sede confirme oficialmente el itinerario que seguir\u00e1 el Pont\u00edfice durante su estancia, el anuncio de su regreso ya genera un importante [&hellip;]<\/p>\n","protected":false},"author":3,"featured_media":9827,"comment_status":"open","ping_status":"open","sticky":false,"template":"","format":"standard","meta":{"_acf_changed":false,"footnotes":""},"categories":[9,10,12],"tags":[1854,165],"class_list":["post-9825","post","type-post","status-publish","format-standard","has-post-thumbnail","category-mundo","category-noticias","category-novedades","tag-papa-leon-xiv","tag-peru"],"acf":[],"yoast_head":"<!-- This site is optimized with the Yoast SEO plugin v24.8.1 - https:\/\/yoast.com\/wordpress\/plugins\/seo\/ -->\n<title>La visita papal impulsa el turismo religioso en Per\u00fa -<\/title>\n<meta name=\"robots\" content=\"index, follow, max-snippet:-1, max-image-preview:large, max-video-preview:-1\" \/>\n<link rel=\"canonical\" href=\"https:\/\/modoviajeok.com.ar\/index.php\/2026\/09\/01\/la-visita-papal-impulsa-el-turismo-religioso-en-peru\/\" \/>\n<meta property=\"og:locale\" content=\"es_ES\" \/>\n<meta property=\"og:type\" content=\"article\" \/>\n<meta property=\"og:title\" content=\"La visita papal impulsa el turismo religioso en Per\u00fa -\" \/>\n<meta property=\"og:description\" content=\"La pr\u00f3xima visita del papa Le\u00f3n XIV al Per\u00fa, prevista para noviembre, ha despertado una enorme expectativa entre millones de fieles cat\u00f3licos dentro y fuera del pa\u00eds. A la espera de que la Santa Sede confirme oficialmente el itinerario que seguir\u00e1 el Pont\u00edfice durante su estancia, el anuncio de su regreso ya genera un importante [&hellip;]\" \/>\n<meta property=\"og:url\" content=\"https:\/\/modoviajeok.com.ar\/index.php\/2026\/09\/01\/la-visita-papal-impulsa-el-turismo-religioso-en-peru\/\" \/>\n<meta property=\"article:publisher\" content=\"https:\/\/www.facebook.com\/mariana.otero1\/\" \/>\n<meta property=\"article:published_time\" content=\"2026-09-01T04:00:00+00:00\" \/>\n<meta property=\"og:image\" content=\"https:\/\/modoviajeok.com.ar\/wp-content\/uploads\/2026\/07\/Papa-Leon-XIV.png\" \/>\n\t<meta property=\"og:image:width\" content=\"932\" \/>\n\t<meta property=\"og:image:height\" content=\"1080\" \/>\n\t<meta property=\"og:image:type\" content=\"image\/png\" \/>\n<meta name=\"author\" content=\"Pepe Segura\" \/>\n<meta name=\"twitter:card\" content=\"summary_large_image\" \/>\n<meta name=\"twitter:label1\" content=\"Escrito por\" \/>\n\t<meta name=\"twitter:data1\" content=\"Pepe Segura\" \/>\n\t<meta name=\"twitter:label2\" content=\"Tiempo de lectura\" \/>\n\t<meta name=\"twitter:data2\" content=\"5 minutos\" \/>\n<script type=\"application\/ld+json\" class=\"yoast-schema-graph\">{\"@context\":\"https:\/\/schema.org\",\"@graph\":[{\"@type\":\"Article\",\"@id\":\"https:\/\/modoviajeok.com.ar\/index.php\/2026\/09\/01\/la-visita-papal-impulsa-el-turismo-religioso-en-peru\/#article\",\"isPartOf\":{\"@id\":\"https:\/\/modoviajeok.com.ar\/index.php\/2026\/09\/01\/la-visita-papal-impulsa-el-turismo-religioso-en-peru\/\"},\"author\":{\"name\":\"Pepe Segura\",\"@id\":\"https:\/\/modoviajeok.com.ar\/#\/schema\/person\/2e299ed0d3d412a01d244fe28260d7f5\"},\"headline\":\"La visita papal impulsa el turismo religioso en Per\u00fa\",\"datePublished\":\"2026-09-01T04:00:00+00:00\",\"mainEntityOfPage\":{\"@id\":\"https:\/\/modoviajeok.com.ar\/index.php\/2026\/09\/01\/la-visita-papal-impulsa-el-turismo-religioso-en-peru\/\"},\"wordCount\":1005,\"commentCount\":0,\"publisher\":{\"@id\":\"https:\/\/modoviajeok.com.ar\/#organization\"},\"image\":{\"@id\":\"https:\/\/modoviajeok.com.ar\/index.php\/2026\/09\/01\/la-visita-papal-impulsa-el-turismo-religioso-en-peru\/#primaryimage\"},\"thumbnailUrl\":\"https:\/\/modoviajeok.com.ar\/wp-content\/uploads\/2026\/07\/Papa-Leon-XIV.png\",\"keywords\":[\"papa leon XIV\",\"peru\"],\"articleSection\":[\"Mundo\",\"Noticias\",\"Novedades\"],\"inLanguage\":\"es\",\"potentialAction\":[{\"@type\":\"CommentAction\",\"name\":\"Comment\",\"target\":[\"https:\/\/modoviajeok.com.ar\/index.php\/2026\/09\/01\/la-visita-papal-impulsa-el-turismo-religioso-en-peru\/#respond\"]}]},{\"@type\":\"WebPage\",\"@id\":\"https:\/\/modoviajeok.com.ar\/index.php\/2026\/09\/01\/la-visita-papal-impulsa-el-turismo-religioso-en-peru\/\",\"url\":\"https:\/\/modoviajeok.com.ar\/index.php\/2026\/09\/01\/la-visita-papal-impulsa-el-turismo-religioso-en-peru\/\",\"name\":\"La visita papal impulsa el turismo religioso en Per\u00fa -\",\"isPartOf\":{\"@id\":\"https:\/\/modoviajeok.com.ar\/#website\"},\"primaryImageOfPage\":{\"@id\":\"https:\/\/modoviajeok.com.ar\/index.php\/2026\/09\/01\/la-visita-papal-impulsa-el-turismo-religioso-en-peru\/#primaryimage\"},\"image\":{\"@id\":\"https:\/\/modoviajeok.com.ar\/index.php\/2026\/09\/01\/la-visita-papal-impulsa-el-turismo-religioso-en-peru\/#primaryimage\"},\"thumbnailUrl\":\"https:\/\/modoviajeok.com.ar\/wp-content\/uploads\/2026\/07\/Papa-Leon-XIV.png\",\"datePublished\":\"2026-09-01T04:00:00+00:00\",\"breadcrumb\":{\"@id\":\"https:\/\/modoviajeok.com.ar\/index.php\/2026\/09\/01\/la-visita-papal-impulsa-el-turismo-religioso-en-peru\/#breadcrumb\"},\"inLanguage\":\"es\",\"potentialAction\":[{\"@type\":\"ReadAction\",\"target\":[\"https:\/\/modoviajeok.com.ar\/index.php\/2026\/09\/01\/la-visita-papal-impulsa-el-turismo-religioso-en-peru\/\"]}]},{\"@type\":\"ImageObject\",\"inLanguage\":\"es\",\"@id\":\"https:\/\/modoviajeok.com.ar\/index.php\/2026\/09\/01\/la-visita-papal-impulsa-el-turismo-religioso-en-peru\/#primaryimage\",\"url\":\"https:\/\/modoviajeok.com.ar\/wp-content\/uploads\/2026\/07\/Papa-Leon-XIV.png\",\"contentUrl\":\"https:\/\/modoviajeok.com.ar\/wp-content\/uploads\/2026\/07\/Papa-Leon-XIV.png\",\"width\":932,\"height\":1080},{\"@type\":\"BreadcrumbList\",\"@id\":\"https:\/\/modoviajeok.com.ar\/index.php\/2026\/09\/01\/la-visita-papal-impulsa-el-turismo-religioso-en-peru\/#breadcrumb\",\"itemListElement\":[{\"@type\":\"ListItem\",\"position\":1,\"name\":\"Portada\",\"item\":\"https:\/\/modoviajeok.com.ar\/\"},{\"@type\":\"ListItem\",\"position\":2,\"name\":\"La visita papal impulsa el turismo religioso en Per\u00fa\"}]},{\"@type\":\"WebSite\",\"@id\":\"https:\/\/modoviajeok.com.ar\/#website\",\"url\":\"https:\/\/modoviajeok.com.ar\/\",\"name\":\"ModoViajeOK\",\"description\":\"\",\"publisher\":{\"@id\":\"https:\/\/modoviajeok.com.ar\/#organization\"},\"potentialAction\":[{\"@type\":\"SearchAction\",\"target\":{\"@type\":\"EntryPoint\",\"urlTemplate\":\"https:\/\/modoviajeok.com.ar\/?s={search_term_string}\"},\"query-input\":{\"@type\":\"PropertyValueSpecification\",\"valueRequired\":true,\"valueName\":\"search_term_string\"}}],\"inLanguage\":\"es\"},{\"@type\":\"Organization\",\"@id\":\"https:\/\/modoviajeok.com.ar\/#organization\",\"name\":\"ModoViajeOK\",\"url\":\"https:\/\/modoviajeok.com.ar\/\",\"logo\":{\"@type\":\"ImageObject\",\"inLanguage\":\"es\",\"@id\":\"https:\/\/modoviajeok.com.ar\/#\/schema\/logo\/image\/\",\"url\":\"https:\/\/modoviajeok.com.ar\/wp-content\/uploads\/2025\/01\/Logo-modoviajeok.png\",\"contentUrl\":\"https:\/\/modoviajeok.com.ar\/wp-content\/uploads\/2025\/01\/Logo-modoviajeok.png\",\"width\":2938,\"height\":2276,\"caption\":\"ModoViajeOK\"},\"image\":{\"@id\":\"https:\/\/modoviajeok.com.ar\/#\/schema\/logo\/image\/\"},\"sameAs\":[\"https:\/\/www.facebook.com\/mariana.otero1\/\",\"https:\/\/www.instagram.com\/modoviaje.ok\/\"]},{\"@type\":\"Person\",\"@id\":\"https:\/\/modoviajeok.com.ar\/#\/schema\/person\/2e299ed0d3d412a01d244fe28260d7f5\",\"name\":\"Pepe Segura\",\"image\":{\"@type\":\"ImageObject\",\"inLanguage\":\"es\",\"@id\":\"https:\/\/modoviajeok.com.ar\/#\/schema\/person\/image\/\",\"url\":\"https:\/\/secure.gravatar.com\/avatar\/65eb4b34deed761327f5b2c5535b987318ae807900ac46426de7258f5de6d345?s=96&d=mm&r=g\",\"contentUrl\":\"https:\/\/secure.gravatar.com\/avatar\/65eb4b34deed761327f5b2c5535b987318ae807900ac46426de7258f5de6d345?s=96&d=mm&r=g\",\"caption\":\"Pepe Segura\"},\"url\":\"https:\/\/modoviajeok.com.ar\/index.php\/author\/pepe2025\/\"}]}<\/script>\n<!-- \/ Yoast SEO plugin. -->","yoast_head_json":{"title":"La visita papal impulsa el turismo religioso en Per\u00fa -","robots":{"index":"index","follow":"follow","max-snippet":"max-snippet:-1","max-image-preview":"max-image-preview:large","max-video-preview":"max-video-preview:-1"},"canonical":"https:\/\/modoviajeok.com.ar\/index.php\/2026\/09\/01\/la-visita-papal-impulsa-el-turismo-religioso-en-peru\/","og_locale":"es_ES","og_type":"article","og_title":"La visita papal impulsa el turismo religioso en Per\u00fa -","og_description":"La pr\u00f3xima visita del papa Le\u00f3n XIV al Per\u00fa, prevista para noviembre, ha despertado una enorme expectativa entre millones de fieles cat\u00f3licos dentro y fuera del pa\u00eds. A la espera de que la Santa Sede confirme oficialmente el itinerario que seguir\u00e1 el Pont\u00edfice durante su estancia, el anuncio de su regreso ya genera un importante [&hellip;]","og_url":"https:\/\/modoviajeok.com.ar\/index.php\/2026\/09\/01\/la-visita-papal-impulsa-el-turismo-religioso-en-peru\/","article_publisher":"https:\/\/www.facebook.com\/mariana.otero1\/","article_published_time":"2026-09-01T04:00:00+00:00","og_image":[{"width":932,"height":1080,"url":"https:\/\/modoviajeok.com.ar\/wp-content\/uploads\/2026\/07\/Papa-Leon-XIV.png","type":"image\/png"}],"author":"Pepe Segura","twitter_card":"summary_large_image","twitter_misc":{"Escrito por":"Pepe Segura","Tiempo de lectura":"5 minutos"},"schema":{"@context":"https:\/\/schema.org","@graph":[{"@type":"Article","@id":"https:\/\/modoviajeok.com.ar\/index.php\/2026\/09\/01\/la-visita-papal-impulsa-el-turismo-religioso-en-peru\/#article","isPartOf":{"@id":"https:\/\/modoviajeok.com.ar\/index.php\/2026\/09\/01\/la-visita-papal-impulsa-el-turismo-religioso-en-peru\/"},"author":{"name":"Pepe Segura","@id":"https:\/\/modoviajeok.com.ar\/#\/schema\/person\/2e299ed0d3d412a01d244fe28260d7f5"},"headline":"La visita papal impulsa el turismo religioso en Per\u00fa","datePublished":"2026-09-01T04:00:00+00:00","mainEntityOfPage":{"@id":"https:\/\/modoviajeok.com.ar\/index.php\/2026\/09\/01\/la-visita-papal-impulsa-el-turismo-religioso-en-peru\/"},"wordCount":1005,"commentCount":0,"publisher":{"@id":"https:\/\/modoviajeok.com.ar\/#organization"},"image":{"@id":"https:\/\/modoviajeok.com.ar\/index.php\/2026\/09\/01\/la-visita-papal-impulsa-el-turismo-religioso-en-peru\/#primaryimage"},"thumbnailUrl":"https:\/\/modoviajeok.com.ar\/wp-content\/uploads\/2026\/07\/Papa-Leon-XIV.png","keywords":["papa leon XIV","peru"],"articleSection":["Mundo","Noticias","Novedades"],"inLanguage":"es","potentialAction":[{"@type":"CommentAction","name":"Comment","target":["https:\/\/modoviajeok.com.ar\/index.php\/2026\/09\/01\/la-visita-papal-impulsa-el-turismo-religioso-en-peru\/#respond"]}]},{"@type":"WebPage","@id":"https:\/\/modoviajeok.com.ar\/index.php\/2026\/09\/01\/la-visita-papal-impulsa-el-turismo-religioso-en-peru\/","url":"https:\/\/modoviajeok.com.ar\/index.php\/2026\/09\/01\/la-visita-papal-impulsa-el-turismo-religioso-en-peru\/","name":"La visita papal impulsa el turismo religioso en Per\u00fa -","isPartOf":{"@id":"https:\/\/modoviajeok.com.ar\/#website"},"primaryImageOfPage":{"@id":"https:\/\/modoviajeok.com.ar\/index.php\/2026\/09\/01\/la-visita-papal-impulsa-el-turismo-religioso-en-peru\/#primaryimage"},"image":{"@id":"https:\/\/modoviajeok.com.ar\/index.php\/2026\/09\/01\/la-visita-papal-impulsa-el-turismo-religioso-en-peru\/#primaryimage"},"thumbnailUrl":"https:\/\/modoviajeok.com.ar\/wp-content\/uploads\/2026\/07\/Papa-Leon-XIV.png","datePublished":"2026-09-01T04:00:00+00:00","breadcrumb":{"@id":"https:\/\/modoviajeok.com.ar\/index.php\/2026\/09\/01\/la-visita-papal-impulsa-el-turismo-religioso-en-peru\/#breadcrumb"},"inLanguage":"es","potentialAction":[{"@type":"ReadAction","target":["https:\/\/modoviajeok.com.ar\/index.php\/2026\/09\/01\/la-visita-papal-impulsa-el-turismo-religioso-en-peru\/"]}]},{"@type":"ImageObject","inLanguage":"es","@id":"https:\/\/modoviajeok.com.ar\/index.php\/2026\/09\/01\/la-visita-papal-impulsa-el-turismo-religioso-en-peru\/#primaryimage","url":"https:\/\/modoviajeok.com.ar\/wp-content\/uploads\/2026\/07\/Papa-Leon-XIV.png","contentUrl":"https:\/\/modoviajeok.com.ar\/wp-content\/uploads\/2026\/07\/Papa-Leon-XIV.png","width":932,"height":1080},{"@type":"BreadcrumbList","@id":"https:\/\/modoviajeok.com.ar\/index.php\/2026\/09\/01\/la-visita-papal-impulsa-el-turismo-religioso-en-peru\/#breadcrumb","itemListElement":[{"@type":"ListItem","position":1,"name":"Portada","item":"https:\/\/modoviajeok.com.ar\/"},{"@type":"ListItem","position":2,"name":"La visita papal impulsa el turismo religioso en Per\u00fa"}]},{"@type":"WebSite","@id":"https:\/\/modoviajeok.com.ar\/#website","url":"https:\/\/modoviajeok.com.ar\/","name":"ModoViajeOK","description":"","publisher":{"@id":"https:\/\/modoviajeok.com.ar\/#organization"},"potentialAction":[{"@type":"SearchAction","target":{"@type":"EntryPoint","urlTemplate":"https:\/\/modoviajeok.com.ar\/?s={search_term_string}"},"query-input":{"@type":"PropertyValueSpecification","valueRequired":true,"valueName":"search_term_string"}}],"inLanguage":"es"},{"@type":"Organization","@id":"https:\/\/modoviajeok.com.ar\/#organization","name":"ModoViajeOK","url":"https:\/\/modoviajeok.com.ar\/","logo":{"@type":"ImageObject","inLanguage":"es","@id":"https:\/\/modoviajeok.com.ar\/#\/schema\/logo\/image\/","url":"https:\/\/modoviajeok.com.ar\/wp-content\/uploads\/2025\/01\/Logo-modoviajeok.png","contentUrl":"https:\/\/modoviajeok.com.ar\/wp-content\/uploads\/2025\/01\/Logo-modoviajeok.png","width":2938,"height":2276,"caption":"ModoViajeOK"},"image":{"@id":"https:\/\/modoviajeok.com.ar\/#\/schema\/logo\/image\/"},"sameAs":["https:\/\/www.facebook.com\/mariana.otero1\/","https:\/\/www.instagram.com\/modoviaje.ok\/"]},{"@type":"Person","@id":"https:\/\/modoviajeok.com.ar\/#\/schema\/person\/2e299ed0d3d412a01d244fe28260d7f5","name":"Pepe Segura","image":{"@type":"ImageObject","inLanguage":"es","@id":"https:\/\/modoviajeok.com.ar\/#\/schema\/person\/image\/","url":"https:\/\/secure.gravatar.com\/avatar\/65eb4b34deed761327f5b2c5535b987318ae807900ac46426de7258f5de6d345?s=96&d=mm&r=g","contentUrl":"https:\/\/secure.gravatar.com\/avatar\/65eb4b34deed761327f5b2c5535b987318ae807900ac46426de7258f5de6d345?s=96&d=mm&r=g","caption":"Pepe Segura"},"url":"https:\/\/modoviajeok.com.ar\/index.php\/author\/pepe2025\/"}]}},"_links":{"self":[{"href":"https:\/\/modoviajeok.com.ar\/index.php\/wp-json\/wp\/v2\/posts\/9825","targetHints":{"allow":["GET"]}}],"collection":[{"href":"https:\/\/modoviajeok.com.ar\/index.php\/wp-json\/wp\/v2\/posts"}],"about":[{"href":"https:\/\/modoviajeok.com.ar\/index.php\/wp-json\/wp\/v2\/types\/post"}],"author":[{"embeddable":true,"href":"https:\/\/modoviajeok.com.ar\/index.php\/wp-json\/wp\/v2\/users\/3"}],"replies":[{"embeddable":true,"href":"https:\/\/modoviajeok.com.ar\/index.php\/wp-json\/wp\/v2\/comments?post=9825"}],"version-history":[{"count":1,"href":"https:\/\/modoviajeok.com.ar\/index.php\/wp-json\/wp\/v2\/posts\/9825\/revisions"}],"predecessor-version":[{"id":9828,"href":"https:\/\/modoviajeok.com.ar\/index.php\/wp-json\/wp\/v2\/posts\/9825\/revisions\/9828"}],"wp:featuredmedia":[{"embeddable":true,"href":"https:\/\/modoviajeok.com.ar\/index.php\/wp-json\/wp\/v2\/media\/9827"}],"wp:attachment":[{"href":"https:\/\/modoviajeok.com.ar\/index.php\/wp-json\/wp\/v2\/media?parent=9825"}],"wp:term":[{"taxonomy":"category","embeddable":true,"href":"https:\/\/modoviajeok.com.ar\/index.php\/wp-json\/wp\/v2\/categories?post=9825"},{"taxonomy":"post_tag","embeddable":true,"href":"https:\/\/modoviajeok.com.ar\/index.php\/wp-json\/wp\/v2\/tags?post=9825"}],"curies":[{"name":"wp","href":"https:\/\/api.w.org\/{rel}","templated":true}]}}