{"id":993,"date":"2025-01-25T13:04:49","date_gmt":"2025-01-25T16:04:49","guid":{"rendered":"https:\/\/modoviajeok.com.ar\/?p=993"},"modified":"2025-01-25T13:10:28","modified_gmt":"2025-01-25T16:10:28","slug":"san-sebastian-un-paseo-por-la-belle-epoque","status":"publish","type":"post","link":"https:\/\/modoviajeok.com.ar\/index.php\/2025\/01\/25\/san-sebastian-un-paseo-por-la-belle-epoque\/","title":{"rendered":"San Sebasti\u00e1n, un paseo por la \u00abbelle \u00e9poque\u00bb"},"content":{"rendered":"\n<p>San Sebasti\u00e1n, conocida en euskera como&nbsp;<strong>Donostia<\/strong>, es una de las tantas joyas del Pa\u00eds Vasco en el norte de Espa\u00f1a. Ciudad costera que combina una rica historia, una belleza natural incomparable y una oferta cultural y gastron\u00f3mica de primer nivel lo que la convierte en un destino tur\u00edstico \u00fanico.<\/p>\n\n\n\n<figure class=\"wp-block-image size-full\"><img loading=\"lazy\" decoding=\"async\" width=\"1512\" height=\"2016\" src=\"https:\/\/modoviajeok.com.ar\/wp-content\/uploads\/2025\/01\/IMG_1967.jpg\" alt=\"\" class=\"wp-image-1000\" srcset=\"https:\/\/modoviajeok.com.ar\/wp-content\/uploads\/2025\/01\/IMG_1967.jpg 1512w, https:\/\/modoviajeok.com.ar\/wp-content\/uploads\/2025\/01\/IMG_1967-768x1024.jpg 768w, https:\/\/modoviajeok.com.ar\/wp-content\/uploads\/2025\/01\/IMG_1967-1152x1536.jpg 1152w, https:\/\/modoviajeok.com.ar\/wp-content\/uploads\/2025\/01\/IMG_1967-315x420.jpg 315w, https:\/\/modoviajeok.com.ar\/wp-content\/uploads\/2025\/01\/IMG_1967-150x200.jpg 150w, https:\/\/modoviajeok.com.ar\/wp-content\/uploads\/2025\/01\/IMG_1967-300x400.jpg 300w, https:\/\/modoviajeok.com.ar\/wp-content\/uploads\/2025\/01\/IMG_1967-696x928.jpg 696w, https:\/\/modoviajeok.com.ar\/wp-content\/uploads\/2025\/01\/IMG_1967-1068x1424.jpg 1068w\" sizes=\"auto, (max-width: 1512px) 100vw, 1512px\" \/><\/figure>\n\n\n\n<figure class=\"wp-block-image size-full\"><img loading=\"lazy\" decoding=\"async\" width=\"1512\" height=\"2016\" src=\"https:\/\/modoviajeok.com.ar\/wp-content\/uploads\/2025\/01\/IMG_2167-1.jpg\" alt=\"\" class=\"wp-image-1011\" srcset=\"https:\/\/modoviajeok.com.ar\/wp-content\/uploads\/2025\/01\/IMG_2167-1.jpg 1512w, https:\/\/modoviajeok.com.ar\/wp-content\/uploads\/2025\/01\/IMG_2167-1-768x1024.jpg 768w, https:\/\/modoviajeok.com.ar\/wp-content\/uploads\/2025\/01\/IMG_2167-1-1152x1536.jpg 1152w, https:\/\/modoviajeok.com.ar\/wp-content\/uploads\/2025\/01\/IMG_2167-1-315x420.jpg 315w, https:\/\/modoviajeok.com.ar\/wp-content\/uploads\/2025\/01\/IMG_2167-1-150x200.jpg 150w, https:\/\/modoviajeok.com.ar\/wp-content\/uploads\/2025\/01\/IMG_2167-1-300x400.jpg 300w, https:\/\/modoviajeok.com.ar\/wp-content\/uploads\/2025\/01\/IMG_2167-1-696x928.jpg 696w, https:\/\/modoviajeok.com.ar\/wp-content\/uploads\/2025\/01\/IMG_2167-1-1068x1424.jpg 1068w\" sizes=\"auto, (max-width: 1512px) 100vw, 1512px\" \/><\/figure>\n\n\n\n<p>Un d\u00eda no alcanza para pasear por el bell\u00edsimo casco hist\u00f3rico y conocer el emblem\u00e1tico Palacio de Miramar. Es imprescindible el recorrido por sus ic\u00f3nicas playas como Ondarreta, Zurriola o la espectacular Playa de la Concha considerada una de las m\u00e1s bellas de Europa.<\/p>\n\n\n\n<figure class=\"wp-block-image size-full\"><img loading=\"lazy\" decoding=\"async\" width=\"1428\" height=\"1072\" src=\"https:\/\/modoviajeok.com.ar\/wp-content\/uploads\/2025\/01\/IMG_2153-1.jpg\" alt=\"\" class=\"wp-image-1012\" srcset=\"https:\/\/modoviajeok.com.ar\/wp-content\/uploads\/2025\/01\/IMG_2153-1.jpg 1428w, https:\/\/modoviajeok.com.ar\/wp-content\/uploads\/2025\/01\/IMG_2153-1-768x577.jpg 768w, https:\/\/modoviajeok.com.ar\/wp-content\/uploads\/2025\/01\/IMG_2153-1-559x420.jpg 559w, https:\/\/modoviajeok.com.ar\/wp-content\/uploads\/2025\/01\/IMG_2153-1-80x60.jpg 80w, https:\/\/modoviajeok.com.ar\/wp-content\/uploads\/2025\/01\/IMG_2153-1-150x113.jpg 150w, https:\/\/modoviajeok.com.ar\/wp-content\/uploads\/2025\/01\/IMG_2153-1-300x225.jpg 300w, https:\/\/modoviajeok.com.ar\/wp-content\/uploads\/2025\/01\/IMG_2153-1-696x522.jpg 696w, https:\/\/modoviajeok.com.ar\/wp-content\/uploads\/2025\/01\/IMG_2153-1-1068x802.jpg 1068w, https:\/\/modoviajeok.com.ar\/wp-content\/uploads\/2025\/01\/IMG_2153-1-265x198.jpg 265w\" sizes=\"auto, (max-width: 1428px) 100vw, 1428px\" \/><\/figure>\n\n\n\n<p>Caminar por el paseo mar\u00edtimo es trasladarse a la Belle Epoque, momento hist\u00f3rico en el que San Sebasti\u00e1n se transform\u00f3 en el epicentro de la sofisticaci\u00f3n europea. Este per\u00edodo de elegancia y buen vivir dej\u00f3 una huella imborrable en la ciudad. Donostia presenta al visitante una mezcla \u00fanica de historia, lujo y tradici\u00f3n directamente conectada con su pasado aristocr\u00e1tico.<\/p>\n\n\n\n<figure class=\"wp-block-image size-full\"><img loading=\"lazy\" decoding=\"async\" width=\"1920\" height=\"2560\" src=\"https:\/\/modoviajeok.com.ar\/wp-content\/uploads\/2025\/01\/IMG_2091-scaled.jpg\" alt=\"\" class=\"wp-image-1007\" srcset=\"https:\/\/modoviajeok.com.ar\/wp-content\/uploads\/2025\/01\/IMG_2091-scaled.jpg 1920w, https:\/\/modoviajeok.com.ar\/wp-content\/uploads\/2025\/01\/IMG_2091-768x1024.jpg 768w, https:\/\/modoviajeok.com.ar\/wp-content\/uploads\/2025\/01\/IMG_2091-1152x1536.jpg 1152w, https:\/\/modoviajeok.com.ar\/wp-content\/uploads\/2025\/01\/IMG_2091-1536x2048.jpg 1536w, https:\/\/modoviajeok.com.ar\/wp-content\/uploads\/2025\/01\/IMG_2091-315x420.jpg 315w, https:\/\/modoviajeok.com.ar\/wp-content\/uploads\/2025\/01\/IMG_2091-150x200.jpg 150w, https:\/\/modoviajeok.com.ar\/wp-content\/uploads\/2025\/01\/IMG_2091-300x400.jpg 300w, https:\/\/modoviajeok.com.ar\/wp-content\/uploads\/2025\/01\/IMG_2091-696x928.jpg 696w, https:\/\/modoviajeok.com.ar\/wp-content\/uploads\/2025\/01\/IMG_2091-1068x1424.jpg 1068w\" sizes=\"auto, (max-width: 1920px) 100vw, 1920px\" \/><\/figure>\n\n\n\n<figure class=\"wp-block-image size-full\"><img loading=\"lazy\" decoding=\"async\" width=\"990\" height=\"1760\" src=\"https:\/\/modoviajeok.com.ar\/wp-content\/uploads\/2025\/01\/IMG_2081-1.jpg\" alt=\"\" class=\"wp-image-1013\" srcset=\"https:\/\/modoviajeok.com.ar\/wp-content\/uploads\/2025\/01\/IMG_2081-1.jpg 990w, https:\/\/modoviajeok.com.ar\/wp-content\/uploads\/2025\/01\/IMG_2081-1-768x1365.jpg 768w, https:\/\/modoviajeok.com.ar\/wp-content\/uploads\/2025\/01\/IMG_2081-1-864x1536.jpg 864w, https:\/\/modoviajeok.com.ar\/wp-content\/uploads\/2025\/01\/IMG_2081-1-236x420.jpg 236w, https:\/\/modoviajeok.com.ar\/wp-content\/uploads\/2025\/01\/IMG_2081-1-150x267.jpg 150w, https:\/\/modoviajeok.com.ar\/wp-content\/uploads\/2025\/01\/IMG_2081-1-300x533.jpg 300w, https:\/\/modoviajeok.com.ar\/wp-content\/uploads\/2025\/01\/IMG_2081-1-696x1237.jpg 696w\" sizes=\"auto, (max-width: 990px) 100vw, 990px\" \/><\/figure>\n\n\n\n<p>Victoria Eugenia de Battenberg esposa de Alfonso XIII y su suegra, Mar\u00eda Cristina, la reina regente y esposa de Alfonso XII, fueron unas enamoradas de San Sebasti\u00e1n donde acostumbraban a disfrutar largos veranos. Su paso por la ciudad impuls\u00f3 la construcci\u00f3n de edificios de gran belleza como el Hotel Mar\u00eda Cristina, a\u00fan en funcionamiento y el Teatro Victoria Eugenia.<\/p>\n\n\n\n<figure class=\"wp-block-image size-full\"><img loading=\"lazy\" decoding=\"async\" width=\"1072\" height=\"1428\" src=\"https:\/\/modoviajeok.com.ar\/wp-content\/uploads\/2025\/01\/IMG_2013-1.jpg\" alt=\"\" class=\"wp-image-1014\" srcset=\"https:\/\/modoviajeok.com.ar\/wp-content\/uploads\/2025\/01\/IMG_2013-1.jpg 1072w, https:\/\/modoviajeok.com.ar\/wp-content\/uploads\/2025\/01\/IMG_2013-1-768x1023.jpg 768w, https:\/\/modoviajeok.com.ar\/wp-content\/uploads\/2025\/01\/IMG_2013-1-315x420.jpg 315w, https:\/\/modoviajeok.com.ar\/wp-content\/uploads\/2025\/01\/IMG_2013-1-150x200.jpg 150w, https:\/\/modoviajeok.com.ar\/wp-content\/uploads\/2025\/01\/IMG_2013-1-300x400.jpg 300w, https:\/\/modoviajeok.com.ar\/wp-content\/uploads\/2025\/01\/IMG_2013-1-696x927.jpg 696w, https:\/\/modoviajeok.com.ar\/wp-content\/uploads\/2025\/01\/IMG_2013-1-1068x1423.jpg 1068w\" sizes=\"auto, (max-width: 1072px) 100vw, 1072px\" \/><\/figure>\n\n\n\n<p>El Palacio de Miramar construido como residencia de verano para los Reyes de Espa\u00f1a es un imperdible con su arquitectura tan particular, en un estilo ingl\u00e9s isabelino que supo hacer las delicias de la Reina Ena al recordarle su pa\u00eds natal. Su emplazamiento y las vistas a la espectacular Playa de la Concha son un imperdible.<\/p>\n\n\n\n<figure class=\"wp-block-image size-full\"><img loading=\"lazy\" decoding=\"async\" width=\"990\" height=\"1760\" src=\"https:\/\/modoviajeok.com.ar\/wp-content\/uploads\/2025\/01\/IMG_2038-1.jpg\" alt=\"\" class=\"wp-image-1015\" srcset=\"https:\/\/modoviajeok.com.ar\/wp-content\/uploads\/2025\/01\/IMG_2038-1.jpg 990w, https:\/\/modoviajeok.com.ar\/wp-content\/uploads\/2025\/01\/IMG_2038-1-768x1365.jpg 768w, https:\/\/modoviajeok.com.ar\/wp-content\/uploads\/2025\/01\/IMG_2038-1-864x1536.jpg 864w, https:\/\/modoviajeok.com.ar\/wp-content\/uploads\/2025\/01\/IMG_2038-1-236x420.jpg 236w, https:\/\/modoviajeok.com.ar\/wp-content\/uploads\/2025\/01\/IMG_2038-1-150x267.jpg 150w, https:\/\/modoviajeok.com.ar\/wp-content\/uploads\/2025\/01\/IMG_2038-1-300x533.jpg 300w, https:\/\/modoviajeok.com.ar\/wp-content\/uploads\/2025\/01\/IMG_2038-1-696x1237.jpg 696w\" sizes=\"auto, (max-width: 990px) 100vw, 990px\" \/><\/figure>\n\n\n\n<figure class=\"wp-block-image size-full\"><img loading=\"lazy\" decoding=\"async\" width=\"1280\" height=\"960\" src=\"https:\/\/modoviajeok.com.ar\/wp-content\/uploads\/2025\/01\/EE751DC0-B732-481E-AEAB-DF6B83F5B2F4_1_201_a-1.jpeg\" alt=\"\" class=\"wp-image-1016\" srcset=\"https:\/\/modoviajeok.com.ar\/wp-content\/uploads\/2025\/01\/EE751DC0-B732-481E-AEAB-DF6B83F5B2F4_1_201_a-1.jpeg 1280w, https:\/\/modoviajeok.com.ar\/wp-content\/uploads\/2025\/01\/EE751DC0-B732-481E-AEAB-DF6B83F5B2F4_1_201_a-1-768x576.jpeg 768w, https:\/\/modoviajeok.com.ar\/wp-content\/uploads\/2025\/01\/EE751DC0-B732-481E-AEAB-DF6B83F5B2F4_1_201_a-1-560x420.jpeg 560w, https:\/\/modoviajeok.com.ar\/wp-content\/uploads\/2025\/01\/EE751DC0-B732-481E-AEAB-DF6B83F5B2F4_1_201_a-1-80x60.jpeg 80w, https:\/\/modoviajeok.com.ar\/wp-content\/uploads\/2025\/01\/EE751DC0-B732-481E-AEAB-DF6B83F5B2F4_1_201_a-1-150x113.jpeg 150w, https:\/\/modoviajeok.com.ar\/wp-content\/uploads\/2025\/01\/EE751DC0-B732-481E-AEAB-DF6B83F5B2F4_1_201_a-1-300x225.jpeg 300w, https:\/\/modoviajeok.com.ar\/wp-content\/uploads\/2025\/01\/EE751DC0-B732-481E-AEAB-DF6B83F5B2F4_1_201_a-1-696x522.jpeg 696w, https:\/\/modoviajeok.com.ar\/wp-content\/uploads\/2025\/01\/EE751DC0-B732-481E-AEAB-DF6B83F5B2F4_1_201_a-1-1068x801.jpeg 1068w, https:\/\/modoviajeok.com.ar\/wp-content\/uploads\/2025\/01\/EE751DC0-B732-481E-AEAB-DF6B83F5B2F4_1_201_a-1-265x198.jpeg 265w\" sizes=\"auto, (max-width: 1280px) 100vw, 1280px\" \/><\/figure>\n\n\n\n<p>Menci\u00f3n aparte merece la gastronom\u00eda vasca, los famosos \u201cpintxos\u201d se encuentran en cualquier bar, taberna y restaurante en el casco hist\u00f3rico. Se consumen de pie o sentados en una mesa, tambi\u00e9n apoyados en los barriles de madera que tapizan las calles empedradas, con lluvia o con sol y son una comida completa en s\u00ed mismos. Los hay de todas las variedades, combinaciones, colores y tama\u00f1os y son un cl\u00e1sico imposible de resistir.<\/p>\n\n\n\n\n\n<figure class=\"wp-block-image size-full\"><img loading=\"lazy\" decoding=\"async\" width=\"1512\" height=\"2016\" src=\"https:\/\/modoviajeok.com.ar\/wp-content\/uploads\/2025\/01\/IMG_1969-rotated.jpg\" alt=\"\" class=\"wp-image-1002\" srcset=\"https:\/\/modoviajeok.com.ar\/wp-content\/uploads\/2025\/01\/IMG_1969-rotated.jpg 1512w, https:\/\/modoviajeok.com.ar\/wp-content\/uploads\/2025\/01\/IMG_1969-768x1024.jpg 768w, https:\/\/modoviajeok.com.ar\/wp-content\/uploads\/2025\/01\/IMG_1969-1152x1536.jpg 1152w, https:\/\/modoviajeok.com.ar\/wp-content\/uploads\/2025\/01\/IMG_1969-315x420.jpg 315w, https:\/\/modoviajeok.com.ar\/wp-content\/uploads\/2025\/01\/IMG_1969-150x200.jpg 150w, https:\/\/modoviajeok.com.ar\/wp-content\/uploads\/2025\/01\/IMG_1969-300x400.jpg 300w, https:\/\/modoviajeok.com.ar\/wp-content\/uploads\/2025\/01\/IMG_1969-696x928.jpg 696w, https:\/\/modoviajeok.com.ar\/wp-content\/uploads\/2025\/01\/IMG_1969-1068x1424.jpg 1068w\" sizes=\"auto, (max-width: 1512px) 100vw, 1512px\" \/><\/figure>\n","protected":false},"excerpt":{"rendered":"<p>San Sebasti\u00e1n, conocida en euskera como&nbsp;Donostia, es una de las tantas joyas del Pa\u00eds Vasco en el norte de Espa\u00f1a. Ciudad costera que combina una rica historia, una belleza natural incomparable y una oferta cultural y gastron\u00f3mica de primer nivel lo que la convierte en un destino tur\u00edstico \u00fanico. Un d\u00eda no alcanza para pasear [&hellip;]<\/p>\n","protected":false},"author":2,"featured_media":1017,"comment_status":"open","ping_status":"open","sticky":false,"template":"","format":"standard","meta":{"_acf_changed":false,"footnotes":""},"categories":[19,2,9],"tags":[126,128,70,127,129],"class_list":{"0":"post-993","1":"post","2":"type-post","3":"status-publish","4":"format-standard","5":"has-post-thumbnail","7":"category-contanos-tu-viaje","8":"category-destacadas","9":"category-mundo","11":"tag-espana","12":"tag-europa","13":"tag-pais-vasco","14":"tag-sa-n-sebastian"},"acf":[],"yoast_head":"<!-- This site is optimized with the Yoast SEO plugin v24.8.1 - https:\/\/yoast.com\/wordpress\/plugins\/seo\/ -->\n<title>San Sebasti\u00e1n, un paseo por la &quot;belle \u00e9poque&quot; -<\/title>\n<meta name=\"robots\" content=\"index, follow, max-snippet:-1, max-image-preview:large, max-video-preview:-1\" \/>\n<link rel=\"canonical\" href=\"https:\/\/modoviajeok.com.ar\/index.php\/2025\/01\/25\/san-sebastian-un-paseo-por-la-belle-epoque\/\" \/>\n<meta property=\"og:locale\" content=\"es_ES\" \/>\n<meta property=\"og:type\" content=\"article\" \/>\n<meta property=\"og:title\" content=\"San Sebasti\u00e1n, un paseo por la &quot;belle \u00e9poque&quot; -\" \/>\n<meta property=\"og:description\" content=\"San Sebasti\u00e1n, conocida en euskera como&nbsp;Donostia, es una de las tantas joyas del Pa\u00eds Vasco en el norte de Espa\u00f1a. Ciudad costera que combina una rica historia, una belleza natural incomparable y una oferta cultural y gastron\u00f3mica de primer nivel lo que la convierte en un destino tur\u00edstico \u00fanico. Un d\u00eda no alcanza para pasear [&hellip;]\" \/>\n<meta property=\"og:url\" content=\"https:\/\/modoviajeok.com.ar\/index.php\/2025\/01\/25\/san-sebastian-un-paseo-por-la-belle-epoque\/\" \/>\n<meta property=\"article:publisher\" content=\"https:\/\/www.facebook.com\/mariana.otero1\/\" \/>\n<meta property=\"article:published_time\" content=\"2025-01-25T16:04:49+00:00\" \/>\n<meta property=\"article:modified_time\" content=\"2025-01-25T16:10:28+00:00\" \/>\n<meta property=\"og:image\" content=\"https:\/\/modoviajeok.com.ar\/wp-content\/uploads\/2025\/01\/3C54F015-86FC-4FC4-8F65-EA5EA0BA5137_1_201_a-1.jpeg\" \/>\n\t<meta property=\"og:image:width\" content=\"960\" \/>\n\t<meta property=\"og:image:height\" content=\"1280\" \/>\n\t<meta property=\"og:image:type\" content=\"image\/jpeg\" \/>\n<meta name=\"author\" content=\"Mariana Otero\" \/>\n<meta name=\"twitter:card\" content=\"summary_large_image\" \/>\n<meta name=\"twitter:label1\" content=\"Escrito por\" \/>\n\t<meta name=\"twitter:data1\" content=\"Mariana Otero\" \/>\n\t<meta name=\"twitter:label2\" content=\"Tiempo de lectura\" \/>\n\t<meta name=\"twitter:data2\" content=\"2 minutos\" \/>\n<script type=\"application\/ld+json\" class=\"yoast-schema-graph\">{\"@context\":\"https:\/\/schema.org\",\"@graph\":[{\"@type\":\"Article\",\"@id\":\"https:\/\/modoviajeok.com.ar\/index.php\/2025\/01\/25\/san-sebastian-un-paseo-por-la-belle-epoque\/#article\",\"isPartOf\":{\"@id\":\"https:\/\/modoviajeok.com.ar\/index.php\/2025\/01\/25\/san-sebastian-un-paseo-por-la-belle-epoque\/\"},\"author\":{\"name\":\"Mariana Otero\",\"@id\":\"https:\/\/modoviajeok.com.ar\/#\/schema\/person\/1187013488537969db5b1320484d24f4\"},\"headline\":\"San Sebasti\u00e1n, un paseo por la \u00abbelle \u00e9poque\u00bb\",\"datePublished\":\"2025-01-25T16:04:49+00:00\",\"dateModified\":\"2025-01-25T16:10:28+00:00\",\"mainEntityOfPage\":{\"@id\":\"https:\/\/modoviajeok.com.ar\/index.php\/2025\/01\/25\/san-sebastian-un-paseo-por-la-belle-epoque\/\"},\"wordCount\":382,\"commentCount\":0,\"publisher\":{\"@id\":\"https:\/\/modoviajeok.com.ar\/#organization\"},\"image\":{\"@id\":\"https:\/\/modoviajeok.com.ar\/index.php\/2025\/01\/25\/san-sebastian-un-paseo-por-la-belle-epoque\/#primaryimage\"},\"thumbnailUrl\":\"https:\/\/modoviajeok.com.ar\/wp-content\/uploads\/2025\/01\/3C54F015-86FC-4FC4-8F65-EA5EA0BA5137_1_201_a-1.jpeg\",\"keywords\":[\"donostia\",\"espa\u00f1a\",\"europa\",\"pa\u00eds vasco\",\"sa n sebasti\u00e1n\"],\"articleSection\":[\"Contanos tu viaje\",\"Destacadas\",\"Mundo\"],\"inLanguage\":\"es\",\"potentialAction\":[{\"@type\":\"CommentAction\",\"name\":\"Comment\",\"target\":[\"https:\/\/modoviajeok.com.ar\/index.php\/2025\/01\/25\/san-sebastian-un-paseo-por-la-belle-epoque\/#respond\"]}]},{\"@type\":\"WebPage\",\"@id\":\"https:\/\/modoviajeok.com.ar\/index.php\/2025\/01\/25\/san-sebastian-un-paseo-por-la-belle-epoque\/\",\"url\":\"https:\/\/modoviajeok.com.ar\/index.php\/2025\/01\/25\/san-sebastian-un-paseo-por-la-belle-epoque\/\",\"name\":\"San Sebasti\u00e1n, un paseo por la \\\"belle \u00e9poque\\\" -\",\"isPartOf\":{\"@id\":\"https:\/\/modoviajeok.com.ar\/#website\"},\"primaryImageOfPage\":{\"@id\":\"https:\/\/modoviajeok.com.ar\/index.php\/2025\/01\/25\/san-sebastian-un-paseo-por-la-belle-epoque\/#primaryimage\"},\"image\":{\"@id\":\"https:\/\/modoviajeok.com.ar\/index.php\/2025\/01\/25\/san-sebastian-un-paseo-por-la-belle-epoque\/#primaryimage\"},\"thumbnailUrl\":\"https:\/\/modoviajeok.com.ar\/wp-content\/uploads\/2025\/01\/3C54F015-86FC-4FC4-8F65-EA5EA0BA5137_1_201_a-1.jpeg\",\"datePublished\":\"2025-01-25T16:04:49+00:00\",\"dateModified\":\"2025-01-25T16:10:28+00:00\",\"breadcrumb\":{\"@id\":\"https:\/\/modoviajeok.com.ar\/index.php\/2025\/01\/25\/san-sebastian-un-paseo-por-la-belle-epoque\/#breadcrumb\"},\"inLanguage\":\"es\",\"potentialAction\":[{\"@type\":\"ReadAction\",\"target\":[\"https:\/\/modoviajeok.com.ar\/index.php\/2025\/01\/25\/san-sebastian-un-paseo-por-la-belle-epoque\/\"]}]},{\"@type\":\"ImageObject\",\"inLanguage\":\"es\",\"@id\":\"https:\/\/modoviajeok.com.ar\/index.php\/2025\/01\/25\/san-sebastian-un-paseo-por-la-belle-epoque\/#primaryimage\",\"url\":\"https:\/\/modoviajeok.com.ar\/wp-content\/uploads\/2025\/01\/3C54F015-86FC-4FC4-8F65-EA5EA0BA5137_1_201_a-1.jpeg\",\"contentUrl\":\"https:\/\/modoviajeok.com.ar\/wp-content\/uploads\/2025\/01\/3C54F015-86FC-4FC4-8F65-EA5EA0BA5137_1_201_a-1.jpeg\",\"width\":960,\"height\":1280},{\"@type\":\"BreadcrumbList\",\"@id\":\"https:\/\/modoviajeok.com.ar\/index.php\/2025\/01\/25\/san-sebastian-un-paseo-por-la-belle-epoque\/#breadcrumb\",\"itemListElement\":[{\"@type\":\"ListItem\",\"position\":1,\"name\":\"Portada\",\"item\":\"https:\/\/modoviajeok.com.ar\/\"},{\"@type\":\"ListItem\",\"position\":2,\"name\":\"San Sebasti\u00e1n, un paseo por la \u00abbelle \u00e9poque\u00bb\"}]},{\"@type\":\"WebSite\",\"@id\":\"https:\/\/modoviajeok.com.ar\/#website\",\"url\":\"https:\/\/modoviajeok.com.ar\/\",\"name\":\"ModoViajeOK\",\"description\":\"\",\"publisher\":{\"@id\":\"https:\/\/modoviajeok.com.ar\/#organization\"},\"potentialAction\":[{\"@type\":\"SearchAction\",\"target\":{\"@type\":\"EntryPoint\",\"urlTemplate\":\"https:\/\/modoviajeok.com.ar\/?s={search_term_string}\"},\"query-input\":{\"@type\":\"PropertyValueSpecification\",\"valueRequired\":true,\"valueName\":\"search_term_string\"}}],\"inLanguage\":\"es\"},{\"@type\":\"Organization\",\"@id\":\"https:\/\/modoviajeok.com.ar\/#organization\",\"name\":\"ModoViajeOK\",\"url\":\"https:\/\/modoviajeok.com.ar\/\",\"logo\":{\"@type\":\"ImageObject\",\"inLanguage\":\"es\",\"@id\":\"https:\/\/modoviajeok.com.ar\/#\/schema\/logo\/image\/\",\"url\":\"https:\/\/modoviajeok.com.ar\/wp-content\/uploads\/2025\/01\/Logo-modoviajeok.png\",\"contentUrl\":\"https:\/\/modoviajeok.com.ar\/wp-content\/uploads\/2025\/01\/Logo-modoviajeok.png\",\"width\":2938,\"height\":2276,\"caption\":\"ModoViajeOK\"},\"image\":{\"@id\":\"https:\/\/modoviajeok.com.ar\/#\/schema\/logo\/image\/\"},\"sameAs\":[\"https:\/\/www.facebook.com\/mariana.otero1\/\",\"https:\/\/www.instagram.com\/modoviaje.ok\/\"]},{\"@type\":\"Person\",\"@id\":\"https:\/\/modoviajeok.com.ar\/#\/schema\/person\/1187013488537969db5b1320484d24f4\",\"name\":\"Mariana Otero\",\"image\":{\"@type\":\"ImageObject\",\"inLanguage\":\"es\",\"@id\":\"https:\/\/modoviajeok.com.ar\/#\/schema\/person\/image\/\",\"url\":\"https:\/\/secure.gravatar.com\/avatar\/8a91a502a9336849a3500b9090c431bc1418f1d1263d893afeddba065f5add82?s=96&d=mm&r=g\",\"contentUrl\":\"https:\/\/secure.gravatar.com\/avatar\/8a91a502a9336849a3500b9090c431bc1418f1d1263d893afeddba065f5add82?s=96&d=mm&r=g\",\"caption\":\"Mariana Otero\"},\"url\":\"https:\/\/modoviajeok.com.ar\/index.php\/author\/mariana2025\/\"}]}<\/script>\n<!-- \/ Yoast SEO plugin. -->","yoast_head_json":{"title":"San Sebasti\u00e1n, un paseo por la \"belle \u00e9poque\" -","robots":{"index":"index","follow":"follow","max-snippet":"max-snippet:-1","max-image-preview":"max-image-preview:large","max-video-preview":"max-video-preview:-1"},"canonical":"https:\/\/modoviajeok.com.ar\/index.php\/2025\/01\/25\/san-sebastian-un-paseo-por-la-belle-epoque\/","og_locale":"es_ES","og_type":"article","og_title":"San Sebasti\u00e1n, un paseo por la \"belle \u00e9poque\" -","og_description":"San Sebasti\u00e1n, conocida en euskera como&nbsp;Donostia, es una de las tantas joyas del Pa\u00eds Vasco en el norte de Espa\u00f1a. Ciudad costera que combina una rica historia, una belleza natural incomparable y una oferta cultural y gastron\u00f3mica de primer nivel lo que la convierte en un destino tur\u00edstico \u00fanico. Un d\u00eda no alcanza para pasear [&hellip;]","og_url":"https:\/\/modoviajeok.com.ar\/index.php\/2025\/01\/25\/san-sebastian-un-paseo-por-la-belle-epoque\/","article_publisher":"https:\/\/www.facebook.com\/mariana.otero1\/","article_published_time":"2025-01-25T16:04:49+00:00","article_modified_time":"2025-01-25T16:10:28+00:00","og_image":[{"width":960,"height":1280,"url":"https:\/\/modoviajeok.com.ar\/wp-content\/uploads\/2025\/01\/3C54F015-86FC-4FC4-8F65-EA5EA0BA5137_1_201_a-1.jpeg","type":"image\/jpeg"}],"author":"Mariana Otero","twitter_card":"summary_large_image","twitter_misc":{"Escrito por":"Mariana Otero","Tiempo de lectura":"2 minutos"},"schema":{"@context":"https:\/\/schema.org","@graph":[{"@type":"Article","@id":"https:\/\/modoviajeok.com.ar\/index.php\/2025\/01\/25\/san-sebastian-un-paseo-por-la-belle-epoque\/#article","isPartOf":{"@id":"https:\/\/modoviajeok.com.ar\/index.php\/2025\/01\/25\/san-sebastian-un-paseo-por-la-belle-epoque\/"},"author":{"name":"Mariana Otero","@id":"https:\/\/modoviajeok.com.ar\/#\/schema\/person\/1187013488537969db5b1320484d24f4"},"headline":"San Sebasti\u00e1n, un paseo por la \u00abbelle \u00e9poque\u00bb","datePublished":"2025-01-25T16:04:49+00:00","dateModified":"2025-01-25T16:10:28+00:00","mainEntityOfPage":{"@id":"https:\/\/modoviajeok.com.ar\/index.php\/2025\/01\/25\/san-sebastian-un-paseo-por-la-belle-epoque\/"},"wordCount":382,"commentCount":0,"publisher":{"@id":"https:\/\/modoviajeok.com.ar\/#organization"},"image":{"@id":"https:\/\/modoviajeok.com.ar\/index.php\/2025\/01\/25\/san-sebastian-un-paseo-por-la-belle-epoque\/#primaryimage"},"thumbnailUrl":"https:\/\/modoviajeok.com.ar\/wp-content\/uploads\/2025\/01\/3C54F015-86FC-4FC4-8F65-EA5EA0BA5137_1_201_a-1.jpeg","keywords":["donostia","espa\u00f1a","europa","pa\u00eds vasco","sa n sebasti\u00e1n"],"articleSection":["Contanos tu viaje","Destacadas","Mundo"],"inLanguage":"es","potentialAction":[{"@type":"CommentAction","name":"Comment","target":["https:\/\/modoviajeok.com.ar\/index.php\/2025\/01\/25\/san-sebastian-un-paseo-por-la-belle-epoque\/#respond"]}]},{"@type":"WebPage","@id":"https:\/\/modoviajeok.com.ar\/index.php\/2025\/01\/25\/san-sebastian-un-paseo-por-la-belle-epoque\/","url":"https:\/\/modoviajeok.com.ar\/index.php\/2025\/01\/25\/san-sebastian-un-paseo-por-la-belle-epoque\/","name":"San Sebasti\u00e1n, un paseo por la \"belle \u00e9poque\" -","isPartOf":{"@id":"https:\/\/modoviajeok.com.ar\/#website"},"primaryImageOfPage":{"@id":"https:\/\/modoviajeok.com.ar\/index.php\/2025\/01\/25\/san-sebastian-un-paseo-por-la-belle-epoque\/#primaryimage"},"image":{"@id":"https:\/\/modoviajeok.com.ar\/index.php\/2025\/01\/25\/san-sebastian-un-paseo-por-la-belle-epoque\/#primaryimage"},"thumbnailUrl":"https:\/\/modoviajeok.com.ar\/wp-content\/uploads\/2025\/01\/3C54F015-86FC-4FC4-8F65-EA5EA0BA5137_1_201_a-1.jpeg","datePublished":"2025-01-25T16:04:49+00:00","dateModified":"2025-01-25T16:10:28+00:00","breadcrumb":{"@id":"https:\/\/modoviajeok.com.ar\/index.php\/2025\/01\/25\/san-sebastian-un-paseo-por-la-belle-epoque\/#breadcrumb"},"inLanguage":"es","potentialAction":[{"@type":"ReadAction","target":["https:\/\/modoviajeok.com.ar\/index.php\/2025\/01\/25\/san-sebastian-un-paseo-por-la-belle-epoque\/"]}]},{"@type":"ImageObject","inLanguage":"es","@id":"https:\/\/modoviajeok.com.ar\/index.php\/2025\/01\/25\/san-sebastian-un-paseo-por-la-belle-epoque\/#primaryimage","url":"https:\/\/modoviajeok.com.ar\/wp-content\/uploads\/2025\/01\/3C54F015-86FC-4FC4-8F65-EA5EA0BA5137_1_201_a-1.jpeg","contentUrl":"https:\/\/modoviajeok.com.ar\/wp-content\/uploads\/2025\/01\/3C54F015-86FC-4FC4-8F65-EA5EA0BA5137_1_201_a-1.jpeg","width":960,"height":1280},{"@type":"BreadcrumbList","@id":"https:\/\/modoviajeok.com.ar\/index.php\/2025\/01\/25\/san-sebastian-un-paseo-por-la-belle-epoque\/#breadcrumb","itemListElement":[{"@type":"ListItem","position":1,"name":"Portada","item":"https:\/\/modoviajeok.com.ar\/"},{"@type":"ListItem","position":2,"name":"San Sebasti\u00e1n, un paseo por la \u00abbelle \u00e9poque\u00bb"}]},{"@type":"WebSite","@id":"https:\/\/modoviajeok.com.ar\/#website","url":"https:\/\/modoviajeok.com.ar\/","name":"ModoViajeOK","description":"","publisher":{"@id":"https:\/\/modoviajeok.com.ar\/#organization"},"potentialAction":[{"@type":"SearchAction","target":{"@type":"EntryPoint","urlTemplate":"https:\/\/modoviajeok.com.ar\/?s={search_term_string}"},"query-input":{"@type":"PropertyValueSpecification","valueRequired":true,"valueName":"search_term_string"}}],"inLanguage":"es"},{"@type":"Organization","@id":"https:\/\/modoviajeok.com.ar\/#organization","name":"ModoViajeOK","url":"https:\/\/modoviajeok.com.ar\/","logo":{"@type":"ImageObject","inLanguage":"es","@id":"https:\/\/modoviajeok.com.ar\/#\/schema\/logo\/image\/","url":"https:\/\/modoviajeok.com.ar\/wp-content\/uploads\/2025\/01\/Logo-modoviajeok.png","contentUrl":"https:\/\/modoviajeok.com.ar\/wp-content\/uploads\/2025\/01\/Logo-modoviajeok.png","width":2938,"height":2276,"caption":"ModoViajeOK"},"image":{"@id":"https:\/\/modoviajeok.com.ar\/#\/schema\/logo\/image\/"},"sameAs":["https:\/\/www.facebook.com\/mariana.otero1\/","https:\/\/www.instagram.com\/modoviaje.ok\/"]},{"@type":"Person","@id":"https:\/\/modoviajeok.com.ar\/#\/schema\/person\/1187013488537969db5b1320484d24f4","name":"Mariana Otero","image":{"@type":"ImageObject","inLanguage":"es","@id":"https:\/\/modoviajeok.com.ar\/#\/schema\/person\/image\/","url":"https:\/\/secure.gravatar.com\/avatar\/8a91a502a9336849a3500b9090c431bc1418f1d1263d893afeddba065f5add82?s=96&d=mm&r=g","contentUrl":"https:\/\/secure.gravatar.com\/avatar\/8a91a502a9336849a3500b9090c431bc1418f1d1263d893afeddba065f5add82?s=96&d=mm&r=g","caption":"Mariana Otero"},"url":"https:\/\/modoviajeok.com.ar\/index.php\/author\/mariana2025\/"}]}},"_links":{"self":[{"href":"https:\/\/modoviajeok.com.ar\/index.php\/wp-json\/wp\/v2\/posts\/993","targetHints":{"allow":["GET"]}}],"collection":[{"href":"https:\/\/modoviajeok.com.ar\/index.php\/wp-json\/wp\/v2\/posts"}],"about":[{"href":"https:\/\/modoviajeok.com.ar\/index.php\/wp-json\/wp\/v2\/types\/post"}],"author":[{"embeddable":true,"href":"https:\/\/modoviajeok.com.ar\/index.php\/wp-json\/wp\/v2\/users\/2"}],"replies":[{"embeddable":true,"href":"https:\/\/modoviajeok.com.ar\/index.php\/wp-json\/wp\/v2\/comments?post=993"}],"version-history":[{"count":2,"href":"https:\/\/modoviajeok.com.ar\/index.php\/wp-json\/wp\/v2\/posts\/993\/revisions"}],"predecessor-version":[{"id":1020,"href":"https:\/\/modoviajeok.com.ar\/index.php\/wp-json\/wp\/v2\/posts\/993\/revisions\/1020"}],"wp:featuredmedia":[{"embeddable":true,"href":"https:\/\/modoviajeok.com.ar\/index.php\/wp-json\/wp\/v2\/media\/1017"}],"wp:attachment":[{"href":"https:\/\/modoviajeok.com.ar\/index.php\/wp-json\/wp\/v2\/media?parent=993"}],"wp:term":[{"taxonomy":"category","embeddable":true,"href":"https:\/\/modoviajeok.com.ar\/index.php\/wp-json\/wp\/v2\/categories?post=993"},{"taxonomy":"post_tag","embeddable":true,"href":"https:\/\/modoviajeok.com.ar\/index.php\/wp-json\/wp\/v2\/tags?post=993"}],"curies":[{"name":"wp","href":"https:\/\/api.w.org\/{rel}","templated":true}]}}